{"id":28070,"date":"2023-09-14T17:23:28","date_gmt":"2023-09-14T20:23:28","guid":{"rendered":"https:\/\/portal.sma.gob.cl\/?p=28070"},"modified":"2023-09-14T17:23:28","modified_gmt":"2023-09-14T20:23:28","slug":"sma-firma-convenio-de-colaboracion-con-la-contraloria-enfocado-en-la-atencion-de-denuncias","status":"publish","type":"post","link":"https:\/\/portal.sma.gob.cl\/index.php\/sma-firma-convenio-de-colaboracion-con-la-contraloria-enfocado-en-la-atencion-de-denuncias\/","title":{"rendered":"SMA firma convenio de colaboraci\u00f3n con la Contralor\u00eda enfocado en la atenci\u00f3n de denuncias"},"content":{"rendered":"<ul>\n<li><strong><em>En este marco, se podr\u00e1n establecer mesas de trabajo que permitan realizar diagn\u00f3sticos, implementar planes de acci\u00f3n y mecanismos para su seguimiento y ejecuci\u00f3n.\u00a0<\/em><\/strong><\/li>\n<\/ul>\n<p><strong>14 de septiembre de 2023.<\/strong> Esta ma\u00f1ana, la Superintendencia del Medio Ambiente (SMA) y la Contralor\u00eda General de la Rep\u00fablica firmaron un convenio de colaboraci\u00f3n, que busca establecer un trabajo conjunto entre ambas instituciones p\u00fablicas.<\/p>\n<p>As\u00ed, el convenio -que fue firmado por el Contralor Jorge Berm\u00fadez y la Superintendenta Marie Claude Plumer- tiene como objetivo el intercambio de informaci\u00f3n relevante y el desarrollo de proyectos que ayuden en la eficiencia y eficacia del quehacer de los organismos, enfocado principalmente en fortalecer los procedimientos de atenci\u00f3n de denuncias.<\/p>\n<p>Para esto, la SMA y la Contralor\u00eda podr\u00e1n establecer mesas de trabajo que permitan realizar diagn\u00f3sticos de \u00e1mbitos espec\u00edficos de colaboraci\u00f3n, que conduzcan a implementar planes de acci\u00f3n y mecanismos para su seguimiento y ejecuci\u00f3n. En este marco, adem\u00e1s, el \u00f3rgano contralor realizar\u00e1 jornadas de capacitaci\u00f3n, talleres, charlas entre otros.<\/p>\n<p>En este contexto, cabe indicar que a la fecha la SMA ha recibido alrededor de 27 mil denuncias desde su creaci\u00f3n en 2012, gran parte de ellas -casi el 50%- relacionadas a ruidos molestos.<\/p>\n<p>Tras la firma, la Superintendenta Plumer se\u00f1al\u00f3 que &#8220;se trata de un hito muy relevante para la SMA, que permitir\u00e1 mejorar la gesti\u00f3n en relaci\u00f3n a las denuncias que ingresan, a trav\u00e9s de un trabajo colaborativo donde ambos organismos se comprometen a otorgar todas las facilidades y poner a disposici\u00f3n todos los medios necesarios para cumplir con el objetivo del convenio que es, justamente, poder beneficiar a todas y todos quienes requieran dar a conocer una situaci\u00f3n que est\u00e9 afectando su entorno&#8221;.<\/p>\n","protected":false},"excerpt":{"rendered":"<p>En este marco, se podr\u00e1n establecer mesas de trabajo que permitan realizar diagn\u00f3sticos, implementar planes de acci\u00f3n y mecanismos para su seguimiento y ejecuci\u00f3n.\u00a0 14 de septiembre de 2023. Esta ma\u00f1ana, la Superintendencia del Medio Ambiente (SMA) y la Contralor\u00eda General de la Rep\u00fablica firmaron un convenio de colaboraci\u00f3n, que busca establecer un trabajo conjunto entre <a href=\"https:\/\/portal.sma.gob.cl\/index.php\/sma-firma-convenio-de-colaboracion-con-la-contraloria-enfocado-en-la-atencion-de-denuncias\/\">Leer m\u00e1s<\/a><\/p>\n","protected":false},"author":13,"featured_media":28074,"comment_status":"open","ping_status":"open","sticky":false,"template":"","format":"standard","meta":{"footnotes":""},"categories":[90,107,225,94],"tags":[],"class_list":["post-28070","post","type-post","status-publish","format-standard","has-post-thumbnail","hentry","category-comunicados-noticias","category-destacado","category-macrozona-centro","category-notas-noticias"],"_links":{"self":[{"href":"https:\/\/portal.sma.gob.cl\/index.php\/wp-json\/wp\/v2\/posts\/28070","targetHints":{"allow":["GET"]}}],"collection":[{"href":"https:\/\/portal.sma.gob.cl\/index.php\/wp-json\/wp\/v2\/posts"}],"about":[{"href":"https:\/\/portal.sma.gob.cl\/index.php\/wp-json\/wp\/v2\/types\/post"}],"author":[{"embeddable":true,"href":"https:\/\/portal.sma.gob.cl\/index.php\/wp-json\/wp\/v2\/users\/13"}],"replies":[{"embeddable":true,"href":"https:\/\/portal.sma.gob.cl\/index.php\/wp-json\/wp\/v2\/comments?post=28070"}],"version-history":[{"count":2,"href":"https:\/\/portal.sma.gob.cl\/index.php\/wp-json\/wp\/v2\/posts\/28070\/revisions"}],"predecessor-version":[{"id":28076,"href":"https:\/\/portal.sma.gob.cl\/index.php\/wp-json\/wp\/v2\/posts\/28070\/revisions\/28076"}],"wp:featuredmedia":[{"embeddable":true,"href":"https:\/\/portal.sma.gob.cl\/index.php\/wp-json\/wp\/v2\/media\/28074"}],"wp:attachment":[{"href":"https:\/\/portal.sma.gob.cl\/index.php\/wp-json\/wp\/v2\/media?parent=28070"}],"wp:term":[{"taxonomy":"category","embeddable":true,"href":"https:\/\/portal.sma.gob.cl\/index.php\/wp-json\/wp\/v2\/categories?post=28070"},{"taxonomy":"post_tag","embeddable":true,"href":"https:\/\/portal.sma.gob.cl\/index.php\/wp-json\/wp\/v2\/tags?post=28070"}],"curies":[{"name":"wp","href":"https:\/\/api.w.org\/{rel}","templated":true}]}}