{"id":28195,"date":"2023-09-27T11:39:33","date_gmt":"2023-09-27T14:39:33","guid":{"rendered":"https:\/\/portal.sma.gob.cl\/?p=28195"},"modified":"2023-09-27T11:39:33","modified_gmt":"2023-09-27T14:39:33","slug":"superintendenta-plumer-visita-la-region-de-antofagasta-para-reunirse-con-autoridades-locales-y-visitar-planta-termosolar","status":"publish","type":"post","link":"https:\/\/portal.sma.gob.cl\/index.php\/superintendenta-plumer-visita-la-region-de-antofagasta-para-reunirse-con-autoridades-locales-y-visitar-planta-termosolar\/","title":{"rendered":"Superintendenta Plumer visita la Regi\u00f3n de Antofagasta para reunirse con autoridades locales y visitar planta termosolar"},"content":{"rendered":"<ul>\n<li><strong>Se trata de la primera visita oficial de la jefa del Servicio a la Regi\u00f3n de Antofagasta y tuvo como fin abordar distintas preocupaciones ambientales que afectan a este territorio del pa\u00eds.<\/strong><\/li>\n<\/ul>\n<p><strong>Antofagasta, 27 de septiembre de 2023.-<\/strong>\u00a0La Superintendenta del Medio Ambiente, Marie Claude Plumer, se traslad\u00f3 hasta la Regi\u00f3n de Antofagasta en el marco de una visita oficial que tuvo por objetivo sostener reuniones con distintas autoridades locales. Se trata del primer viaje a esta zona del pa\u00eds que realiza la Superintendenta tras asumir en el cargo en enero de este a\u00f1o.<\/p>\n<p>Durante el despliegue, y en compa\u00f1\u00eda de la Jefa de la Oficina Regional de la SMA de Antofagasta, <strong>Sandra Cortez<\/strong>, la jefa del Servicio se reuni\u00f3 con la Delegada Presidencial, <strong>Karen Behrens<\/strong>; el seremi del Medio Ambiente,\u00a0<strong>Gustavo Riveros;\u00a0<\/strong>y con los ministros del Primer Tribunal Ambiental, <strong>Marcelo Hern\u00e1ndez<\/strong> y <strong>Alamiro Alfaro<\/strong>, con quienes abord\u00f3 los principales desaf\u00edos que tiene la zona en materia medioambiental y acerca del rol que tiene la institucionalidad.<\/p>\n<p>Durante la tarde, la Superintendenta realiz\u00f3 una visita t\u00e9cnica a la planta termosolar <strong>Cerro Dominador<\/strong>, donde recorri\u00f3 las instalaciones. La planta se encuentra a 59 kil\u00f3metros de Calama, en la comuna de Mar\u00eda Elena, en pleno Desierto de Atacama (la zona con mayor radiaci\u00f3n del planeta). Se trata de la primera planta termosolar de Am\u00e9rica Latina y cuenta con 10.600 espejos (heli\u00f3statos) de 140m2 cada uno, los que concentran la radiaci\u00f3n solar que permite calentar sales fundidas que se utilizan para generar vapor y as\u00ed alimentar una turbina de 110 MW para generar energ\u00eda limpia durante 24 horas.<\/p>\n<p>En la agenda de la segunda jornada, Plumer sostuvo reuniones bilaterales con el Gobernador Regional (s), <strong>Jorge Orellana<\/strong> y luego con el Director Regional del SEA, <strong>Ram\u00f3n Guajardo<\/strong>.<\/p>\n<p>Tras la visita, la Superintendenta manifest\u00f3 que \u201cse ha tratado de un viaje muy productivo y que tuvo como objetivo abordar los principales problemas ambientales que afectan a la regi\u00f3n de Antofagasta. El trabajo directo con los territorios a lo largo del pa\u00eds es sumamente importante\u201d.<\/p>\n<p>Adem\u00e1s, agreg\u00f3 que \u201cconversar y establecer coordinaci\u00f3n con las autoridades locales es clave, as\u00ed como tambi\u00e9n que la autoridad central conozca de manera presencial, las preocupaciones y los avances de la gesti\u00f3n en materia ambiental que est\u00e1 desplegando la Superintendencia del Medio Ambiente\u201d.<\/p>\n<p>Cabe indicar que la Regi\u00f3n de Antofagasta cuenta con 908 Unidades Fiscalizables y 1.407 Resoluciones de Calificaci\u00f3n Ambiental.<\/p>\n","protected":false},"excerpt":{"rendered":"<p>Se trata de la primera visita oficial de la jefa del Servicio a la Regi\u00f3n de Antofagasta y tuvo como fin abordar distintas preocupaciones ambientales que afectan a este territorio del pa\u00eds. Antofagasta, 27 de septiembre de 2023.-\u00a0La Superintendenta del Medio Ambiente, Marie Claude Plumer, se traslad\u00f3 hasta la Regi\u00f3n de Antofagasta en el marco de <a href=\"https:\/\/portal.sma.gob.cl\/index.php\/superintendenta-plumer-visita-la-region-de-antofagasta-para-reunirse-con-autoridades-locales-y-visitar-planta-termosolar\/\">Leer m\u00e1s<\/a><\/p>\n","protected":false},"author":8,"featured_media":28199,"comment_status":"open","ping_status":"open","sticky":false,"template":"","format":"standard","meta":{"footnotes":""},"categories":[90,107,224],"tags":[],"class_list":["post-28195","post","type-post","status-publish","format-standard","has-post-thumbnail","hentry","category-comunicados-noticias","category-destacado","category-macrozona-norte"],"_links":{"self":[{"href":"https:\/\/portal.sma.gob.cl\/index.php\/wp-json\/wp\/v2\/posts\/28195","targetHints":{"allow":["GET"]}}],"collection":[{"href":"https:\/\/portal.sma.gob.cl\/index.php\/wp-json\/wp\/v2\/posts"}],"about":[{"href":"https:\/\/portal.sma.gob.cl\/index.php\/wp-json\/wp\/v2\/types\/post"}],"author":[{"embeddable":true,"href":"https:\/\/portal.sma.gob.cl\/index.php\/wp-json\/wp\/v2\/users\/8"}],"replies":[{"embeddable":true,"href":"https:\/\/portal.sma.gob.cl\/index.php\/wp-json\/wp\/v2\/comments?post=28195"}],"version-history":[{"count":1,"href":"https:\/\/portal.sma.gob.cl\/index.php\/wp-json\/wp\/v2\/posts\/28195\/revisions"}],"predecessor-version":[{"id":28196,"href":"https:\/\/portal.sma.gob.cl\/index.php\/wp-json\/wp\/v2\/posts\/28195\/revisions\/28196"}],"wp:featuredmedia":[{"embeddable":true,"href":"https:\/\/portal.sma.gob.cl\/index.php\/wp-json\/wp\/v2\/media\/28199"}],"wp:attachment":[{"href":"https:\/\/portal.sma.gob.cl\/index.php\/wp-json\/wp\/v2\/media?parent=28195"}],"wp:term":[{"taxonomy":"category","embeddable":true,"href":"https:\/\/portal.sma.gob.cl\/index.php\/wp-json\/wp\/v2\/categories?post=28195"},{"taxonomy":"post_tag","embeddable":true,"href":"https:\/\/portal.sma.gob.cl\/index.php\/wp-json\/wp\/v2\/tags?post=28195"}],"curies":[{"name":"wp","href":"https:\/\/api.w.org\/{rel}","templated":true}]}}