{"id":28207,"date":"2023-09-29T16:02:44","date_gmt":"2023-09-29T19:02:44","guid":{"rendered":"https:\/\/portal.sma.gob.cl\/?p=28207"},"modified":"2023-09-29T16:02:44","modified_gmt":"2023-09-29T19:02:44","slug":"superintendenta-plumer-designa-a-daniel-garces-como-nuevo-jefe-de-la-division-de-sancion-y-cumplimiento-de-la-sma","status":"publish","type":"post","link":"https:\/\/portal.sma.gob.cl\/index.php\/superintendenta-plumer-designa-a-daniel-garces-como-nuevo-jefe-de-la-division-de-sancion-y-cumplimiento-de-la-sma\/","title":{"rendered":"Superintendenta Plumer designa a Daniel Garc\u00e9s como nuevo jefe de la Divisi\u00f3n de Sanci\u00f3n y Cumplimiento de la SMA\u00a0"},"content":{"rendered":"<ul>\n<li data-leveltext=\"\uf0b7\" data-font=\"Symbol\" data-listid=\"1\" data-list-defn-props=\"{&quot;335552541&quot;:1,&quot;335559684&quot;:-2,&quot;335559685&quot;:720,&quot;335559991&quot;:360,&quot;469769226&quot;:&quot;Symbol&quot;,&quot;469769242&quot;:[8226],&quot;469777803&quot;:&quot;left&quot;,&quot;469777804&quot;:&quot;\uf0b7&quot;,&quot;469777815&quot;:&quot;multilevel&quot;}\" aria-setsize=\"-1\" data-aria-posinset=\"1\" data-aria-level=\"1\"><b><i><span data-contrast=\"auto\">El abogado de la Universidad de Chile se encontraba en el cargo de Encargado de Secci\u00f3n de los Programas de Cumplimiento de la Divisi\u00f3n de Sanci\u00f3n y Cumplimiento desde marzo. Cuenta con m\u00e1s de 13 a\u00f1os de experiencia tanto en el sector p\u00fablico como la academia.<\/span><\/i><\/b><span data-ccp-props=\"{&quot;134233117&quot;:true,&quot;134233118&quot;:true,&quot;201341983&quot;:0,&quot;335551550&quot;:6,&quot;335551620&quot;:6,&quot;335559739&quot;:160,&quot;335559740&quot;:240}\">\u00a0<\/span><\/li>\n<\/ul>\n<p><span data-contrast=\"auto\">Durante esta jornada, la Superintendenta del Medio Ambiente, Marie Claude Plumer, design\u00f3 como nuevo jefe de la Divisi\u00f3n de Sanci\u00f3n y Cumplimiento (DSC) de la instituci\u00f3n a Daniel Garc\u00e9s, quien asumir\u00e1 en el ejercicio del cargo desde el lunes 2 de octubre de este a\u00f1o.\u202fEl nombramiento se da luego que finalizara el proceso de selecci\u00f3n mediante Alta Direcci\u00f3n P\u00fablica (ADP).<\/span><span data-ccp-props=\"{&quot;201341983&quot;:0,&quot;335551550&quot;:6,&quot;335551620&quot;:6,&quot;335559739&quot;:300,&quot;335559740&quot;:240}\">\u00a0<\/span><\/p>\n<p><span data-contrast=\"auto\">Garc\u00e9s es abogado de la Universidad de Chile, Mag\u00edster en Derecho Ambiental de la Universidad Complutense de Madrid, M\u00e1ster en Derecho Ambiental y de la Sostenibilidad de la Universidad de Alicante (Espa\u00f1a) y Diplomado en gesti\u00f3n del agua y el ambiente en la Sociedad del Sigo XXI de la Universidad de Chile, y cuenta con m\u00e1s de 13 a\u00f1os de experiencia tanto en el sector p\u00fablico como en la academia. En casi 9 de esos a\u00f1os, se ha desempe\u00f1ado en la Superintendencia del Medio Ambiente como Encargado de Secci\u00f3n de Programa de Cumplimiento e Instrumento de Incentivo al Cumplimiento; tambi\u00e9n como Encargado de la Oficina de Instrucci\u00f3n del ex Departamento de Sanci\u00f3n y Cumplimiento, y como coordinador de la Divisi\u00f3n de Sanci\u00f3n y Cumplimiento.<\/span><span data-ccp-props=\"{&quot;201341983&quot;:0,&quot;335551550&quot;:6,&quot;335551620&quot;:6,&quot;335559739&quot;:300,&quot;335559740&quot;:240}\">\u00a0<\/span><\/p>\n<p><span data-contrast=\"auto\">Previo a su arribo a la SMA, Garc\u00e9s tuvo el rol de abogado de la Unidad de Asesor\u00eda Jur\u00eddica para el Consejo de la Transparencia, y profesor de la c\u00e1tedra de \u00c9tica y Legislaci\u00f3n Ambiental de la Universidad de Chile.\u00a0<\/span><span data-ccp-props=\"{&quot;201341983&quot;:0,&quot;335551550&quot;:6,&quot;335551620&quot;:6,&quot;335559739&quot;:300,&quot;335559740&quot;:240}\">\u00a0<\/span><\/p>\n<p><span data-contrast=\"auto\">Como jefe de la Divisi\u00f3n de Sanci\u00f3n y Cumplimiento, Garc\u00e9s deber\u00e1 instruir y tramitar con su equipo procedimientos administrativos sancionatorios y la gesti\u00f3n de los instrumentos de incentivo al cumplimiento (Programa de Cumplimiento, Autodenuncias y Planes de Reparaci\u00f3n). Dentro de las funciones de DSC, se encuentra tambi\u00e9n el desarrollar criterios y directrices que incidan en la eficiencia de sus procedimientos y la consistencia de sus actos, a trav\u00e9s de la generaci\u00f3n de modelos estandarizados y sistematizaci\u00f3n de criterios, y de la oportuna coordinaci\u00f3n con la Divisi\u00f3n de Fiscalizaci\u00f3n (DFZ) y otras unidades administrativas de la SMA.<\/span><span data-ccp-props=\"{&quot;201341983&quot;:0,&quot;335551550&quot;:6,&quot;335551620&quot;:6,&quot;335559739&quot;:300,&quot;335559740&quot;:240}\">\u00a0<\/span><\/p>\n<p><span data-contrast=\"auto\">Tras su designaci\u00f3n, el jefe de DSC transmiti\u00f3 al equipo su compromiso con el \u00e1rea y se\u00f1al\u00f3 que \u201ccontinuar\u00e1 trabajando de forma coordinada con las diversas \u00e1reas de la SMA, a fin de lograr un trabajo m\u00e1s eficiente, lo que finalmente se traducir\u00e1 en un mayor cuidado al medioambiente y en una mejora a la calidad de vida de las personas\u201d. Adem\u00e1s, agreg\u00f3 que \u201cestoy muy contento y agradezco la oportunidad. Ser\u00e1 un gran desaf\u00edo que espero cumplir a cabalidad, con el apoyo y el compromiso de las y los profesionales de la Divisi\u00f3n\u201d. <\/span><span data-ccp-props=\"{&quot;201341983&quot;:0,&quot;335551550&quot;:6,&quot;335551620&quot;:6,&quot;335559739&quot;:300,&quot;335559740&quot;:240}\">\u00a0<\/span><\/p>\n<p><span data-contrast=\"auto\">Por su parte, la Superintendenta expres\u00f3 que \u201cDaniel Garc\u00e9s es un funcionario hist\u00f3rico de la SMA, que en los \u00faltimos casi 9 a\u00f1os ha desarrollado gran parte de su carrera como abogado. Esto ha sido justamente en la Divisi\u00f3n de Sanci\u00f3n y Cumplimiento, por lo que conoce muy bien esta \u00e1rea y tambi\u00e9n cu\u00e1les son los desaf\u00edos que estamos desplegando como Instituci\u00f3n\u201d.<\/span><span data-ccp-props=\"{&quot;201341983&quot;:0,&quot;335551550&quot;:6,&quot;335551620&quot;:6,&quot;335559739&quot;:300,&quot;335559740&quot;:240}\">\u00a0<\/span><\/p>\n","protected":false},"excerpt":{"rendered":"<p>El abogado de la Universidad de Chile se encontraba en el cargo de Encargado de Secci\u00f3n de los Programas de Cumplimiento de la Divisi\u00f3n de Sanci\u00f3n y Cumplimiento desde marzo. Cuenta con m\u00e1s de 13 a\u00f1os de experiencia tanto en el sector p\u00fablico como la academia.\u00a0 Durante esta jornada, la Superintendenta del Medio Ambiente, Marie Claude <a href=\"https:\/\/portal.sma.gob.cl\/index.php\/superintendenta-plumer-designa-a-daniel-garces-como-nuevo-jefe-de-la-division-de-sancion-y-cumplimiento-de-la-sma\/\">Leer m\u00e1s<\/a><\/p>\n","protected":false},"author":15,"featured_media":28210,"comment_status":"open","ping_status":"open","sticky":false,"template":"","format":"standard","meta":{"footnotes":""},"categories":[90,225],"tags":[],"class_list":["post-28207","post","type-post","status-publish","format-standard","has-post-thumbnail","hentry","category-comunicados-noticias","category-macrozona-centro"],"_links":{"self":[{"href":"https:\/\/portal.sma.gob.cl\/index.php\/wp-json\/wp\/v2\/posts\/28207","targetHints":{"allow":["GET"]}}],"collection":[{"href":"https:\/\/portal.sma.gob.cl\/index.php\/wp-json\/wp\/v2\/posts"}],"about":[{"href":"https:\/\/portal.sma.gob.cl\/index.php\/wp-json\/wp\/v2\/types\/post"}],"author":[{"embeddable":true,"href":"https:\/\/portal.sma.gob.cl\/index.php\/wp-json\/wp\/v2\/users\/15"}],"replies":[{"embeddable":true,"href":"https:\/\/portal.sma.gob.cl\/index.php\/wp-json\/wp\/v2\/comments?post=28207"}],"version-history":[{"count":2,"href":"https:\/\/portal.sma.gob.cl\/index.php\/wp-json\/wp\/v2\/posts\/28207\/revisions"}],"predecessor-version":[{"id":28211,"href":"https:\/\/portal.sma.gob.cl\/index.php\/wp-json\/wp\/v2\/posts\/28207\/revisions\/28211"}],"wp:featuredmedia":[{"embeddable":true,"href":"https:\/\/portal.sma.gob.cl\/index.php\/wp-json\/wp\/v2\/media\/28210"}],"wp:attachment":[{"href":"https:\/\/portal.sma.gob.cl\/index.php\/wp-json\/wp\/v2\/media?parent=28207"}],"wp:term":[{"taxonomy":"category","embeddable":true,"href":"https:\/\/portal.sma.gob.cl\/index.php\/wp-json\/wp\/v2\/categories?post=28207"},{"taxonomy":"post_tag","embeddable":true,"href":"https:\/\/portal.sma.gob.cl\/index.php\/wp-json\/wp\/v2\/tags?post=28207"}],"curies":[{"name":"wp","href":"https:\/\/api.w.org\/{rel}","templated":true}]}}