{"id":28219,"date":"2023-10-03T10:44:18","date_gmt":"2023-10-03T13:44:18","guid":{"rendered":"https:\/\/portal.sma.gob.cl\/?p=28219"},"modified":"2023-10-03T10:56:39","modified_gmt":"2023-10-03T13:56:39","slug":"ley-para-la-naturaleza-superintendenta-participa-en-lanzamiento-de-la-implementacion-del-servicio-de-biodiversidad-y-areas-protegidas","status":"publish","type":"post","link":"https:\/\/portal.sma.gob.cl\/index.php\/ley-para-la-naturaleza-superintendenta-participa-en-lanzamiento-de-la-implementacion-del-servicio-de-biodiversidad-y-areas-protegidas\/","title":{"rendered":"Ley para la Naturaleza: Superintendenta participa en lanzamiento de la implementaci\u00f3n del Servicio de Biodiversidad y \u00c1reas Protegidas"},"content":{"rendered":"<p><strong>02 de octubre de 2023.<\/strong> En el marco del D\u00eda Nacional del Medioambiente, la Superintendenta del Medio Ambiente, Marie Claude Plumer, particip\u00f3 en el lanzamiento de la implementaci\u00f3n de la Ley para la Naturaleza, que crea el Servicio de Biodiversidad y \u00c1reas Protegidas (SBAP). La actividad fue liderada por el Presidente de la Rep\u00fablica, Gabriel Boric, junto a la ministra del Medio Ambiente, Maisa Rojas; el ministro de Agricultura, Esteban Valenzuela; y el director ejecutivo de CONAF, Christian Little.<\/p>\n<p data-ogsc=\"rgb(32, 32, 32)\"><span data-ogsc=\"\">En una ceremonia realizada en el Parque Nacional La Campana -en el coraz\u00f3n de la regi\u00f3n de Valpara\u00edso-, junto al alcalde de Hijuelas, Jos\u00e9 Saavedra, parlamentarios, guardaparques de todo el pa\u00eds y miembros de la sociedad civil, se dio inicio a la puesta en marcha de la ley, considerada el eslab\u00f3n pendiente de la institucionalidad ambiental -compuesta hasta ahora por el Ministerio del Medio Ambiente, el Servicio de Evaluaci\u00f3n Ambiental y la Superintendencia del Medio Ambiente- y una necesidad para la protecci\u00f3n y conservaci\u00f3n de la naturaleza del pa\u00eds.\u00a0<\/span><\/p>\n<p data-ogsc=\"rgb(32, 32, 32)\"><span data-ogsc=\"\">La ministra del Medio Ambiente, Maisa Rojas, valor\u00f3 este hito, asegurando que gracias a la Ley para la Naturaleza \u201cvamos a tener la posibilidad de dejar un legado por d\u00e9cadas y por siglos para Chile, para sus futuras generaciones y para el planeta. Estamos en un momento de encrucijada muy importante y contar con un servicio que tenga en su misi\u00f3n la conservaci\u00f3n de la naturaleza, que no ten\u00edamos, es el legado m\u00e1s importante que podemos dejarle al pa\u00eds: as\u00ed es c\u00f3mo se transforma un Gobierno Ecologista en un Estado Ecologista\u201d.\u00a0<\/span><\/p>\n<p lang=\"ES-ES\" data-ogsc=\"rgb(32, 32, 32)\"><span data-ogsc=\"\">El ministro de Agricultura, Esteban Valenzuela destac\u00f3 el trabajo com\u00fan con Medio Ambiente y dijo que \u201cpara avanzar en la biodiversidad requiere el compromiso de todos los actores y agricultura y Sernafor tienen que ayudar porque nos vamos a encontrar en muchos aspectos que son comunes como el manejo del suelo sustentable, la transici\u00f3n de la provisi\u00f3n que hicimos de los cuatro plaguicidas m\u00e1s t\u00f3xicos (\u2026) tenemos que lograr que la sustentabilidad y la integraci\u00f3n de la dimensi\u00f3n cuidado de la biodiversidad sea fundamental\u201d.\u00a0<\/span><\/p>\n<p lang=\"ES-ES\" data-ogsc=\"rgb(32, 32, 32)\">Por su parte, la Superintendenta Marie Claude Plumer se\u00f1al\u00f3 que &#8220;es un d\u00eda muy importante. Chile por fin tiene una ley para la naturaleza y qu\u00e9 mejor que celebrarlo en este parque nacional. Con el Servicio de Biodiversidad y \u00c1reas Protegidas tenemos la institucionalidad ambiental completa, lo que es muy importante para efectos de la protecci\u00f3n de los ecosistemas y as\u00ed garantizar el derecho de vivir en un ambiente sano y libre de contaminaci\u00f3n&#8221;.<\/p>\n<blockquote class=\"twitter-tweet\">\n<p dir=\"ltr\" lang=\"es\">Ya es una realidad, \u00a1la naturaleza tiene ley! \ud83c\udde8\ud83c\uddf1\ud83c\udf31<\/p>\n<p>Y con la creaci\u00f3n del Servicio de Biodiversidad y \u00c1reas Protegidas, junto a <a href=\"https:\/\/twitter.com\/SEA__gob?ref_src=twsrc%5Etfw\">@SEA__gob<\/a> y <a href=\"https:\/\/twitter.com\/MMAChile?ref_src=twsrc%5Etfw\">@MMAChile<\/a>, completamos la institucionalidad ambiental del pa\u00eds.<\/p>\n<p>Seguiremos trabajando por el cuidado del medioambiente \ud83e\udef1\ud83c\udffd\u200d\ud83e\udef2\ud83c\udffc\ud83c\udf3f <a href=\"https:\/\/t.co\/n2AOi5T35e\">pic.twitter.com\/n2AOi5T35e<\/a><\/p>\n<p>\u2014 Superintendencia del Medio Ambiente (@SMA_CL) <a href=\"https:\/\/twitter.com\/SMA_CL\/status\/1709173492854186266?ref_src=twsrc%5Etfw\">October 3, 2023<\/a><\/p><\/blockquote>\n<p><script async src=\"https:\/\/platform.twitter.com\/widgets.js\" charset=\"utf-8\"><\/script><\/p>\n<p data-ogsc=\"rgb(32, 32, 32)\"><strong>La importancia de la Ley Para la Naturaleza\u00a0<\/strong><\/p>\n<p data-ogsc=\"rgb(32, 32, 32)\"><span data-ogsc=\"\">El Servicio de Biodiversidad y \u00c1reas Protegidas (SBAP) representa el \u00faltimo componente pendiente en la institucionalidad ambiental chilena. <\/span><span data-ogsc=\"\">Su implementaci\u00f3n supondr\u00e1 un aumento sustancial del presupuesto destinado a la gesti\u00f3n ambiental, as\u00ed como un incremento en el n\u00famero de guardaparques. Adem\u00e1s, permitir\u00e1 una utilizaci\u00f3n m\u00e1s eficiente de los recursos al poner fin a la duplicaci\u00f3n de esfuerzos y la dispersi\u00f3n actual en la gesti\u00f3n de \u00e1reas protegidas, construy\u00e9ndose en base al conocimiento que CONAF acumul\u00f3 durante d\u00e9cadas en la administraci\u00f3n de estas \u00e1reas.\u00a0\u00a0<\/span><\/p>\n<p data-ogsc=\"rgb(32, 32, 32)\"><span data-ogsc=\"\">&#8220;Este es el inicio de una colaboraci\u00f3n fortalecida entre los ministerios de Medio Ambiente y de Agricultura para la conservaci\u00f3n de la biodiversidad. Ambos ministerios est\u00e1n trabajando fuertemente de la mano en el desarrollo de algunos reglamentos y en el proceso de transferencias de capacidades y de personal, que ser\u00e1 el que componga inicialmente el Servicio de Biodiversidad y \u00c1reas Protegidas&#8221;, coment\u00f3 el director ejecutivo de CONAF, Christian Little.\u00a0<\/span><\/p>\n<p data-ogsc=\"rgb(32, 32, 32)\"><span data-ogsc=\"\">Adem\u00e1s, el SBAP tambi\u00e9n supervisar\u00e1 y brindar\u00e1 apoyo a las \u00e1reas protegidas privadas, integr\u00e1ndolas al sistema nacional de \u00e1reas protegidas. Este Servicio adquiere una importancia vital en el contexto de las crisis ambientales que enfrenta el pa\u00eds, como la crisis clim\u00e1tica y la p\u00e9rdida de biodiversidad. Al abordar directamente estas dos crisis, el SBAP se convierte en una pieza fundamental para salvaguardar la biodiversidad y mitigar el cambio clim\u00e1tico.\u00a0<\/span><\/p>\n","protected":false},"excerpt":{"rendered":"<p>02 de octubre de 2023. En el marco del D\u00eda Nacional del Medioambiente, la Superintendenta del Medio Ambiente, Marie Claude Plumer, particip\u00f3 en el lanzamiento de la implementaci\u00f3n de la Ley para la Naturaleza, que crea el Servicio de Biodiversidad y \u00c1reas Protegidas (SBAP). La actividad fue liderada por el Presidente de la Rep\u00fablica, Gabriel Boric, <a href=\"https:\/\/portal.sma.gob.cl\/index.php\/ley-para-la-naturaleza-superintendenta-participa-en-lanzamiento-de-la-implementacion-del-servicio-de-biodiversidad-y-areas-protegidas\/\">Leer m\u00e1s<\/a><\/p>\n","protected":false},"author":13,"featured_media":28227,"comment_status":"open","ping_status":"open","sticky":false,"template":"","format":"standard","meta":{"footnotes":""},"categories":[90,107,222,225,94],"tags":[],"class_list":["post-28219","post","type-post","status-publish","format-standard","has-post-thumbnail","hentry","category-comunicados-noticias","category-destacado","category-macrozona","category-macrozona-centro","category-notas-noticias"],"_links":{"self":[{"href":"https:\/\/portal.sma.gob.cl\/index.php\/wp-json\/wp\/v2\/posts\/28219","targetHints":{"allow":["GET"]}}],"collection":[{"href":"https:\/\/portal.sma.gob.cl\/index.php\/wp-json\/wp\/v2\/posts"}],"about":[{"href":"https:\/\/portal.sma.gob.cl\/index.php\/wp-json\/wp\/v2\/types\/post"}],"author":[{"embeddable":true,"href":"https:\/\/portal.sma.gob.cl\/index.php\/wp-json\/wp\/v2\/users\/13"}],"replies":[{"embeddable":true,"href":"https:\/\/portal.sma.gob.cl\/index.php\/wp-json\/wp\/v2\/comments?post=28219"}],"version-history":[{"count":7,"href":"https:\/\/portal.sma.gob.cl\/index.php\/wp-json\/wp\/v2\/posts\/28219\/revisions"}],"predecessor-version":[{"id":28233,"href":"https:\/\/portal.sma.gob.cl\/index.php\/wp-json\/wp\/v2\/posts\/28219\/revisions\/28233"}],"wp:featuredmedia":[{"embeddable":true,"href":"https:\/\/portal.sma.gob.cl\/index.php\/wp-json\/wp\/v2\/media\/28227"}],"wp:attachment":[{"href":"https:\/\/portal.sma.gob.cl\/index.php\/wp-json\/wp\/v2\/media?parent=28219"}],"wp:term":[{"taxonomy":"category","embeddable":true,"href":"https:\/\/portal.sma.gob.cl\/index.php\/wp-json\/wp\/v2\/categories?post=28219"},{"taxonomy":"post_tag","embeddable":true,"href":"https:\/\/portal.sma.gob.cl\/index.php\/wp-json\/wp\/v2\/tags?post=28219"}],"curies":[{"name":"wp","href":"https:\/\/api.w.org\/{rel}","templated":true}]}}