{"id":28307,"date":"2023-10-17T11:28:05","date_gmt":"2023-10-17T14:28:05","guid":{"rendered":"https:\/\/portal.sma.gob.cl\/?p=28307"},"modified":"2023-10-17T11:28:05","modified_gmt":"2023-10-17T14:28:05","slug":"mma-presenta-nueva-norma-luminica-que-regulara-carteles-y-pantallas-publicitarias-para-proteger-la-salud-de-las-personas-sma-estara-a-cargo-de-fiscalizar","status":"publish","type":"post","link":"https:\/\/portal.sma.gob.cl\/index.php\/mma-presenta-nueva-norma-luminica-que-regulara-carteles-y-pantallas-publicitarias-para-proteger-la-salud-de-las-personas-sma-estara-a-cargo-de-fiscalizar\/","title":{"rendered":"MMA presenta nueva norma lum\u00ednica que regular\u00e1 carteles y pantallas publicitarias para proteger la salud de las personas: SMA estar\u00e1 a cargo de fiscalizar"},"content":{"rendered":"<ul>\n<li><strong>La titular de Medio Ambiente explic\u00f3 que Chile contaba con una norma lum\u00ednica centrada en la observaci\u00f3n astron\u00f3mica y solo en el norte del pa\u00eds, pero que la nueva regulaci\u00f3n establecer\u00e1 \u201cmedidas adicionales para proteger la biodiversidad y, por supuesto, la salud de las personas. Adem\u00e1s, operar\u00e1 a lo largo de todo el territorio nacional\u201d.<\/strong><\/li>\n<\/ul>\n<p>La ministra del Medio Ambiente, Maisa Rojas, present\u00f3 la nueva norma lum\u00ednica que regir\u00e1 a lo largo de todo el pa\u00eds y que regular\u00e1, por primera vez, los avisos y letreros publicitarios para disminuir los impactos negativos que pueden generar a la salud de las personas al, por ejemplo, afectar el sue\u00f1o.<\/p>\n<p>En una actividad realizada en la Plaza de la Aviaci\u00f3n de Providencia, la ministra Rojas, acompa\u00f1ada de la jefa de Fiscalizaci\u00f3n de la Superintendencia del Medio Ambiente, Claudia Pastore, explic\u00f3 que la norma exigir\u00e1 que a partir de la 00:00 horas y hasta las 07:00 de la ma\u00f1ana, las pantallas permanezcan apagadas. Adem\u00e1s, para las nuevas pantallas que se instalen se les exigir\u00e1 un l\u00edmite de emisi\u00f3n.\u00a0 Asimismo, establecer\u00e1 mejoras para el alumbrado de exteriores como el de calles, plazas, industrias, estadios y canchas de barrio.<\/p>\n<p>\u201cSabemos que la contaminaci\u00f3n lum\u00ednica, producida por la luminosidad artificial, puede afectar a la ciudadan\u00eda. Chile contaba con una norma lum\u00ednica centrada en evitar los impactos en la observaci\u00f3n astron\u00f3mica y solo en el norte del pa\u00eds, pero como Ministerio del Medio Ambiente decidimos generar una nueva regulaci\u00f3n que estableciera medidas adicionales para proteger la biodiversidad y, por supuesto, la salud de las personas. Adem\u00e1s, operar\u00e1 a lo largo de todo el territorio nacional\u201d, detall\u00f3 la ministra Rojas.<\/p>\n<p>La normativa ser\u00e1 publicada este 18 de octubre y se entregar\u00e1 un plazo de un a\u00f1o para la obligaci\u00f3n de apagado sea obligatoria, dando tiempo suficiente para que dichas fuentes emisoras puedan adecuar su operaci\u00f3n, dando cumplimiento a la nueva norma lum\u00ednica.<\/p>\n<p><strong>La jefa de la Divisi\u00f3n de Fiscalizaci\u00f3n de la Superintendencia del Medio Ambiente, Claudia Pastore<\/strong>, coment\u00f3 que \u201cesta norma tiene como principal objetivo el fortalecimiento del control preventivo de la adecuada iluminaci\u00f3n. Esto se logra a trav\u00e9s del trabajo coordinado con organismos como la Superintendencia de Electricidad y Combustibles (SEC) y los municipios. La SEC debe autorizar los laboratorios que certifican el cumplimiento normativo de los productos que se comercialicen y los municipios deben autorizar la instalaci\u00f3n de los productos certificados\u201d.<\/p>\n<p>A\u00f1adi\u00f3 que \u201cen concreto, la Superintendencia del Medio Ambiente fiscalizar\u00e1 los distintos aspectos de la norma: direcci\u00f3n de la luz, color de la luz y los niveles de iluminaci\u00f3n. Si bien, la norma rige para todo el territorio nacional, esta tiene restricciones en ciertos territorios, como por ejemplo para \u00e1reas protegidas para la biodiversidad y, sobre todo, para las \u00e1reas de inter\u00e9s astron\u00f3micos de nuestro pa\u00eds\u201d.<\/p>\n<p><strong>Detalles de la norma<\/strong><\/p>\n<p>Dado que la luz blanca fr\u00eda es la m\u00e1s contaminante, la nueva norma lum\u00ednica impulsar\u00e1 la transici\u00f3n hacia el uso de la luz c\u00e1lida, con restricci\u00f3n en la emisi\u00f3n de luz azul. Se contar\u00e1 con l\u00edmites diferenciados para todo el pa\u00eds y para las denominadas \u00c1reas de Protecci\u00f3n Especial.<\/p>\n<p>Est\u00e1s zonas especiales ser\u00e1n tres. Primero, las con valor para la observaci\u00f3n astron\u00f3mica con fines de investigaci\u00f3n cient\u00edfica. Segundo, \u00e1reas de Protecci\u00f3n de Biodiversidad o \u00c1reas Protegidas como Parques Nacionales, Reservas, Santuarios de la Naturaleza, entre otros. \u00a0Tercero, zonas de reproducci\u00f3n y comunas con mayor impacto en especies amenazadas por la contaminaci\u00f3n lum\u00ednica, se\u00f1aladas expresamente en un Plan de Recuperaci\u00f3n, Conservaci\u00f3n y Gesti\u00f3n de Especies (Plan RECOGE), elaborado por el Ministerio del Medio Ambiente.<\/p>\n<p><strong>La contaminaci\u00f3n lum\u00ednica<\/strong><\/p>\n<p>La contaminaci\u00f3n lum\u00ednica es producida por la luminosidad artificial, que, por su distribuci\u00f3n espacial, niveles o color produce impactos en la observaci\u00f3n del cielo nocturno, en la biodiversidad y en la salud de las personas. Algunas expresiones m\u00e1s comunes de la contaminaci\u00f3n lum\u00ednica son el brillo del cielo sobre las ciudades, la luz que ingresa desde la calle a un dormitorio, un cartel publicitario que encandila a los conductores y transe\u00fantes, entre otros.<\/p>\n<p>Producto de esta contaminaci\u00f3n, cerca del 83% de la poblaci\u00f3n mundial viven bajos cielos contaminados y en Chile, solo el 1% de la poblaci\u00f3n vive en zonas con cielos oscuros. Adem\u00e1s, se estima que la contaminaci\u00f3n lum\u00ednica aumenta en un 2% anualmente.<\/p>\n","protected":false},"excerpt":{"rendered":"<p>La titular de Medio Ambiente explic\u00f3 que Chile contaba con una norma lum\u00ednica centrada en la observaci\u00f3n astron\u00f3mica y solo en el norte del pa\u00eds, pero que la nueva regulaci\u00f3n establecer\u00e1 \u201cmedidas adicionales para proteger la biodiversidad y, por supuesto, la salud de las personas. Adem\u00e1s, operar\u00e1 a lo largo de todo el territorio nacional\u201d. La <a href=\"https:\/\/portal.sma.gob.cl\/index.php\/mma-presenta-nueva-norma-luminica-que-regulara-carteles-y-pantallas-publicitarias-para-proteger-la-salud-de-las-personas-sma-estara-a-cargo-de-fiscalizar\/\">Leer m\u00e1s<\/a><\/p>\n","protected":false},"author":13,"featured_media":28308,"comment_status":"open","ping_status":"open","sticky":false,"template":"","format":"standard","meta":{"footnotes":""},"categories":[90,107,225,94],"tags":[],"class_list":["post-28307","post","type-post","status-publish","format-standard","has-post-thumbnail","hentry","category-comunicados-noticias","category-destacado","category-macrozona-centro","category-notas-noticias"],"_links":{"self":[{"href":"https:\/\/portal.sma.gob.cl\/index.php\/wp-json\/wp\/v2\/posts\/28307","targetHints":{"allow":["GET"]}}],"collection":[{"href":"https:\/\/portal.sma.gob.cl\/index.php\/wp-json\/wp\/v2\/posts"}],"about":[{"href":"https:\/\/portal.sma.gob.cl\/index.php\/wp-json\/wp\/v2\/types\/post"}],"author":[{"embeddable":true,"href":"https:\/\/portal.sma.gob.cl\/index.php\/wp-json\/wp\/v2\/users\/13"}],"replies":[{"embeddable":true,"href":"https:\/\/portal.sma.gob.cl\/index.php\/wp-json\/wp\/v2\/comments?post=28307"}],"version-history":[{"count":1,"href":"https:\/\/portal.sma.gob.cl\/index.php\/wp-json\/wp\/v2\/posts\/28307\/revisions"}],"predecessor-version":[{"id":28311,"href":"https:\/\/portal.sma.gob.cl\/index.php\/wp-json\/wp\/v2\/posts\/28307\/revisions\/28311"}],"wp:featuredmedia":[{"embeddable":true,"href":"https:\/\/portal.sma.gob.cl\/index.php\/wp-json\/wp\/v2\/media\/28308"}],"wp:attachment":[{"href":"https:\/\/portal.sma.gob.cl\/index.php\/wp-json\/wp\/v2\/media?parent=28307"}],"wp:term":[{"taxonomy":"category","embeddable":true,"href":"https:\/\/portal.sma.gob.cl\/index.php\/wp-json\/wp\/v2\/categories?post=28307"},{"taxonomy":"post_tag","embeddable":true,"href":"https:\/\/portal.sma.gob.cl\/index.php\/wp-json\/wp\/v2\/tags?post=28307"}],"curies":[{"name":"wp","href":"https:\/\/api.w.org\/{rel}","templated":true}]}}