{"id":28314,"date":"2023-10-17T14:11:11","date_gmt":"2023-10-17T17:11:11","guid":{"rendered":"https:\/\/portal.sma.gob.cl\/?p=28314"},"modified":"2023-10-17T15:22:38","modified_gmt":"2023-10-17T18:22:38","slug":"para-una-gestion-mas-rapida-y-eficaz-sma-inaugura-delegacion-exclusiva-en-la-provincia-de-choapa","status":"publish","type":"post","link":"https:\/\/portal.sma.gob.cl\/index.php\/para-una-gestion-mas-rapida-y-eficaz-sma-inaugura-delegacion-exclusiva-en-la-provincia-de-choapa\/","title":{"rendered":"Para una gesti\u00f3n m\u00e1s r\u00e1pida y eficaz: SMA inaugura delegaci\u00f3n exclusiva en la Provincia de Choapa"},"content":{"rendered":"<ul>\n<li><strong><em>La oficina se encuentra al interior de la Delegaci\u00f3n Presidencial Provincial, y tendr\u00e1 como foco la fiscalizaci\u00f3n de los principales proyectos ambientales de esta zona, como tambi\u00e9n el an\u00e1lisis de denuncias.<\/em><\/strong><\/li>\n<li><strong><em>Inauguraci\u00f3n se enmarca en el contexto de la visita oficial que realiz\u00f3 la Superintendenta Plumer a la Regi\u00f3n de Coquimbo<\/em><\/strong> <strong><em>y que tuvo como fin abordar distintas preocupaciones ambientales que afectan a este territorio del pa\u00eds. <\/em><\/strong><\/li>\n<\/ul>\n<p><strong>Illapel, 17 de octubre de 2023.<\/strong>\u00a0La Superintendencia del Medio Ambiente (SMA) inaugur\u00f3 durante este mediod\u00eda su Delegaci\u00f3n Exclusiva Provincia de Choapa, en la comuna de Illapel, Regi\u00f3n de Coquimbo, transform\u00e1ndose en la n\u00famero 11 del pa\u00eds, que ha sido instalada por la instituci\u00f3n de manera complementaria a las oficinas regionales.<\/p>\n<p>Esta delegaci\u00f3n permitir\u00e1 una gesti\u00f3n integrada en el territorio para la fiscalizaci\u00f3n de las distintas unidades productivas de esta zona prioritaria para la SMA, junto a una atenci\u00f3n m\u00e1s \u00e1gil de las denuncias ciudadanas que se presentan en esta localidad. La actividad cont\u00f3 con la presencia de la Superintendenta del Medio Ambiente, <strong>Marie Claude Plumer<\/strong>, el Delegado Presidencial Regional, <strong>Rub\u00e9n Quezada<\/strong>, la Delegada Presidencial Provincial Choapa, <strong>Nataly Carvajal, <\/strong>y el Jefe de la Oficina Regional SMA de Coquimbo, <strong>Gonzalo Parot<\/strong>, entre otras autoridades.<\/p>\n<p>\u201cComo Superintendencia, estamos muy contentos de poder inaugurar una nueva Delegaci\u00f3n Exclusiva. Sabemos que hay muchos territorios en el pa\u00eds, alejados de las capitales regionales que requieren una presencia m\u00e1s permanente de nuestra instituci\u00f3n. Para nosotros, este tipo de delegaciones permite acercar la SMA al territorio, descentralizar y poder hacer una gesti\u00f3n m\u00e1s r\u00e1pida y eficaz\u201d, destac\u00f3 la Superintendenta Marie Claude Plumer.<\/p>\n<p>En tanto, la Delegada Presidencial Provincial Choapa, <strong>Nataly Carvajal, <\/strong>relev\u00f3 que \u201ccon esta inauguraci\u00f3n se concreta un trabajo silencioso y colaborativo entre los Servicios del Estado, que va de la mano con la descentralizaci\u00f3n de los territorios que nos ha mandatado el Presidente Gabriel Boric, permitiendo que la Superintendencia del Medio Ambiente llegue de forma m\u00e1s directa a las vecinas y vecinos de nuestra provincia\u201d.<\/p>\n<p>Con esta nueva dependencia, la Superintendencia del Medio Ambiente suma un total de 11 delegaciones a lo largo del pa\u00eds, ya operativas en ciudades como Calama, Huasco, Quintero, Puchuncav\u00ed, Catemu, Provincia San Antonio, Coronel, Osorno, Chilo\u00e9 y Araucan\u00eda Lacustre (Puc\u00f3n). Todas ellas permiten a la instituci\u00f3n priorizar territorios que requieren atenci\u00f3n en fiscalizaci\u00f3n y acciones de correcci\u00f3n por su vulnerabilidad ambiental.<\/p>\n<p>La delegaci\u00f3n exclusiva Provincial Choapa se encuentra en la Avenida Ecuador #220, al interior de la Delegaci\u00f3n Presidencial Provincial.<strong> Chris Walker<\/strong>, Ingeniero Ambiental de INACAP y M\u00e1ster en Pol\u00edticas P\u00fablicas y Sociales de la Universidad Pompeu Fabra de Barcelona, es el fiscalizador a cargo de la Delegaci\u00f3n Exclusiva.<\/p>\n<p>El profesional ser\u00e1 apoyado por el equipo de la Oficina Regional de Coquimbo que es dirigida por Gonzalo Parot. \u201cSe trata de una delegaci\u00f3n muy importante que nos permitir\u00e1 atender de forma m\u00e1s efectiva y r\u00e1pida las problem\u00e1ticas ambientales de esta zona. La oficina regional estar\u00e1 permanentemente presente, sobre todo, en los casos de mayor complejidad\u201d, se\u00f1al\u00f3 el jefe regional.<\/p>\n<p><strong>Visita Oficial Superintendenta<\/strong><\/p>\n<p>La Superintendenta del Medio Ambiente, Marie Claude Plumer, se traslad\u00f3 el lunes a la Regi\u00f3n de Coquimbo, en el marco de una visita oficial que tuvo por objetivo sostener reuniones con distintas autoridades locales. En la instancia se recorri\u00f3, adem\u00e1s, el humedal urbano R\u00edo Elqui, que fue declarado bajo protecci\u00f3n oficial en agosto de 2022.<\/p>\n<p>Durante el despliegue, y en compa\u00f1\u00eda del Jefe de la Oficina Regional de la SMA de Coquimbo, <strong>Gonzalo Parot<\/strong>, la jefa del Servicio se reuni\u00f3 con la Directora Regional del Servicio de Evaluaci\u00f3n Ambiental (SEA), <strong>Claudia Mart\u00ednez<\/strong>; y con el seremi de Medio Ambiente de Coquimbo, <strong>Leonardo Gros<\/strong>, con quienes abord\u00f3 los principales desaf\u00edos que tiene la zona en materia medioambiental y acerca del rol que tiene la institucionalidad compuesta por los tres organismos.<\/p>\n<p>Tras las reuniones con las autoridades locales de la institucionalidad ambiental, la Superintendenta Plumer relev\u00f3 que \u201cse ha tratado de un viaje muy productivo y que tuvo como objetivo abordar los principales problemas ambientales que afectan a la regi\u00f3n de Coquimbo. El trabajo directo con los territorios a lo largo del pa\u00eds es sumamente importante\u201d.<\/p>\n<p>Adem\u00e1s, agreg\u00f3 que \u201cconversar y establecer coordinaci\u00f3n con las autoridades locales es clave, as\u00ed como tambi\u00e9n que la autoridad central conozca de manera presencial, las preocupaciones y los avances de la gesti\u00f3n en materia ambiental que est\u00e1 desplegando la Superintendencia del Medio Ambiente\u201d.<\/p>\n<p>Cabe indicar que la Regi\u00f3n de Coquimbo cuenta con 668 Unidades Fiscalizables y 636 Resoluciones de Calificaci\u00f3n Ambiental.<\/p>\n","protected":false},"excerpt":{"rendered":"<p>La oficina se encuentra al interior de la Delegaci\u00f3n Presidencial Provincial, y tendr\u00e1 como foco la fiscalizaci\u00f3n de los principales proyectos ambientales de esta zona, como tambi\u00e9n el an\u00e1lisis de denuncias. Inauguraci\u00f3n se enmarca en el contexto de la visita oficial que realiz\u00f3 la Superintendenta Plumer a la Regi\u00f3n de Coquimbo y que tuvo como fin <a href=\"https:\/\/portal.sma.gob.cl\/index.php\/para-una-gestion-mas-rapida-y-eficaz-sma-inaugura-delegacion-exclusiva-en-la-provincia-de-choapa\/\">Leer m\u00e1s<\/a><\/p>\n","protected":false},"author":13,"featured_media":28315,"comment_status":"open","ping_status":"open","sticky":false,"template":"","format":"standard","meta":{"footnotes":""},"categories":[90,107,222,224,94],"tags":[],"class_list":["post-28314","post","type-post","status-publish","format-standard","has-post-thumbnail","hentry","category-comunicados-noticias","category-destacado","category-macrozona","category-macrozona-norte","category-notas-noticias"],"_links":{"self":[{"href":"https:\/\/portal.sma.gob.cl\/index.php\/wp-json\/wp\/v2\/posts\/28314","targetHints":{"allow":["GET"]}}],"collection":[{"href":"https:\/\/portal.sma.gob.cl\/index.php\/wp-json\/wp\/v2\/posts"}],"about":[{"href":"https:\/\/portal.sma.gob.cl\/index.php\/wp-json\/wp\/v2\/types\/post"}],"author":[{"embeddable":true,"href":"https:\/\/portal.sma.gob.cl\/index.php\/wp-json\/wp\/v2\/users\/13"}],"replies":[{"embeddable":true,"href":"https:\/\/portal.sma.gob.cl\/index.php\/wp-json\/wp\/v2\/comments?post=28314"}],"version-history":[{"count":1,"href":"https:\/\/portal.sma.gob.cl\/index.php\/wp-json\/wp\/v2\/posts\/28314\/revisions"}],"predecessor-version":[{"id":28319,"href":"https:\/\/portal.sma.gob.cl\/index.php\/wp-json\/wp\/v2\/posts\/28314\/revisions\/28319"}],"wp:featuredmedia":[{"embeddable":true,"href":"https:\/\/portal.sma.gob.cl\/index.php\/wp-json\/wp\/v2\/media\/28315"}],"wp:attachment":[{"href":"https:\/\/portal.sma.gob.cl\/index.php\/wp-json\/wp\/v2\/media?parent=28314"}],"wp:term":[{"taxonomy":"category","embeddable":true,"href":"https:\/\/portal.sma.gob.cl\/index.php\/wp-json\/wp\/v2\/categories?post=28314"},{"taxonomy":"post_tag","embeddable":true,"href":"https:\/\/portal.sma.gob.cl\/index.php\/wp-json\/wp\/v2\/tags?post=28314"}],"curies":[{"name":"wp","href":"https:\/\/api.w.org\/{rel}","templated":true}]}}