{"id":28325,"date":"2023-10-23T10:23:55","date_gmt":"2023-10-23T13:23:55","guid":{"rendered":"https:\/\/portal.sma.gob.cl\/?p=28325"},"modified":"2023-10-23T10:59:20","modified_gmt":"2023-10-23T13:59:20","slug":"sma-realizara-taller-de-asistencia-al-cumplimiento-para-titulares-afectos-a-la-norma-de-emision-de-contaminantes-en-planteles-porcinos","status":"publish","type":"post","link":"https:\/\/portal.sma.gob.cl\/index.php\/sma-realizara-taller-de-asistencia-al-cumplimiento-para-titulares-afectos-a-la-norma-de-emision-de-contaminantes-en-planteles-porcinos\/","title":{"rendered":"SMA realizar\u00e1 taller de Asistencia al Cumplimiento para titulares afectos a la Norma de Emisi\u00f3n de Contaminantes en Planteles Porcinos"},"content":{"rendered":"<ul>\n<li><strong><em>La actividad, que se realizar\u00e1 el jueves 26 de octubre del presente a\u00f1o, estar\u00e1 dirigida a encargados de establecimientos que cuenten con planteles porcinos afectos al Decreto Supremo N\u00b009\/2023 del Ministerio de Medio Ambiente.<\/em><\/strong><\/li>\n<\/ul>\n<p><strong>Santiago, 23 de octubre de 2023.<\/strong>\u00a0La Superintendencia del Medio Ambiente (SMA), a trav\u00e9s de la Divisi\u00f3n de Fiscalizaci\u00f3n (DFZ) ha programado la realizaci\u00f3n de un taller online que se desarrollar\u00e1 este <strong>jueves 26 de octubre<\/strong>\u00a0y que estar\u00e1 dirigido a encargados de establecimientos que cuenten con planteles porcinos afectos al <a href=\"https:\/\/olores.mma.gob.cl\/wp-content\/uploads\/2023\/02\/DS9_2022-MMA-Norma-Emision-Olores-Sector-Porcino_DO_con-aclaracion.pdf\">Decreto Supremo N\u00b009\/2023 del Ministerio de Medio Ambiente<\/a>.<\/p>\n<p>El taller se da en el marco del proceso de <strong>Asistencia al Cumplimiento para titulares afectos a la Norma de Emisi\u00f3n de Contaminantes en Planteles Porcinos<\/strong> que, en funci\u00f3n de sus olores, generan molestia y constituyen un riesgo a la calidad de vida de la poblaci\u00f3n, en el marco de las obligaciones de reporte en el Sistema de Seguimiento Atmosf\u00e9rico (SISAT) de la Superintendencia del Medio Ambiente.<\/p>\n<p><strong>La normativa de Emisi\u00f3n de Contaminantes en Planteles Porcinos<\/strong> se aplica a los planteles de cerdos que tienen m\u00e1s de 750 animales, y establece que dichos criaderos deben reducir la emisi\u00f3n de olores en funci\u00f3n del n\u00famero de animales. Los m\u00e1s peque\u00f1os tienen que disminuir la tasa de emisi\u00f3n de olor en la laguna de purines -residuos de origen org\u00e1nico, como excremento- en un 70%; los medianos en un 75% y 60% de reducci\u00f3n en el \u00e1rea de compostaje, y los criaderos grandes tendr\u00e1n que cumplir con un l\u00edmite de emisi\u00f3n de olor, en funci\u00f3n de un l\u00edmite de concentraci\u00f3n en la inmisi\u00f3n. La fiscalizaci\u00f3n de este nuevo instrumento ambiental est\u00e1 a cargo de la Superintendencia del Medio Ambiente.<\/p>\n<p>Invitamos a todas las personas que deseen participar a inscribirse.<\/p>\n<ul>\n<li><strong>Fecha del taller:<\/strong>\u00a0jueves 26 de octubre de 2023.<\/li>\n<li><strong>Horario:<\/strong>\u00a011:00 a 12.30 horas.<\/li>\n<li><strong>Modalidad:<\/strong>\u00a0Virtual, mediante plataforma Teams (se transmitir\u00e1 por YouTube tambi\u00e9n).<\/li>\n<li><strong>Inscripciones<\/strong>: <a href=\"https:\/\/events.teams.microsoft.com\/event\/4baa0df2-3cb5-46a7-9314-bb58781250e6@fe15d074-ec00-4817-a9b9-8f72dc446fe3\">https:\/\/events.teams.microsoft.com\/event\/4baa0df2-3cb5-46a7-9314-bb58781250e6@fe15d074-ec00-4817-a9b9-8f72dc446fe3<\/a><\/li>\n<li>Actividad ser\u00e1 transmitida v\u00eda <a href=\"https:\/\/www.youtube.com\/channel\/UCUFDJBDkk2H4B_PzFouCNLw\"><strong>YouTube<\/strong><\/a> de la SMA<\/li>\n<\/ul>\n<p><img decoding=\"async\" class=\"alignnone wp-image-28337 size-full\" src=\"https:\/\/portal.sma.gob.cl\/wp-content\/uploads\/2023\/10\/1-1.jpg\" alt=\"\" width=\"1600\" height=\"1600\" srcset=\"https:\/\/portal.sma.gob.cl\/wp-content\/uploads\/2023\/10\/1-1-66x66.jpg 66w, https:\/\/portal.sma.gob.cl\/wp-content\/uploads\/2023\/10\/1-1-150x150.jpg 150w, https:\/\/portal.sma.gob.cl\/wp-content\/uploads\/2023\/10\/1-1-200x200.jpg 200w, https:\/\/portal.sma.gob.cl\/wp-content\/uploads\/2023\/10\/1-1-300x300.jpg 300w, https:\/\/portal.sma.gob.cl\/wp-content\/uploads\/2023\/10\/1-1-400x400.jpg 400w, https:\/\/portal.sma.gob.cl\/wp-content\/uploads\/2023\/10\/1-1-600x600.jpg 600w, https:\/\/portal.sma.gob.cl\/wp-content\/uploads\/2023\/10\/1-1-768x768.jpg 768w, https:\/\/portal.sma.gob.cl\/wp-content\/uploads\/2023\/10\/1-1-800x800.jpg 800w, https:\/\/portal.sma.gob.cl\/wp-content\/uploads\/2023\/10\/1-1-1024x1024.jpg 1024w, https:\/\/portal.sma.gob.cl\/wp-content\/uploads\/2023\/10\/1-1-1200x1200.jpg 1200w, https:\/\/portal.sma.gob.cl\/wp-content\/uploads\/2023\/10\/1-1-1536x1536.jpg 1536w, https:\/\/portal.sma.gob.cl\/wp-content\/uploads\/2023\/10\/1-1.jpg 1600w\" sizes=\"(max-width: 1600px) 100vw, 1600px\" \/><\/p>\n<p>&nbsp;<\/p>\n","protected":false},"excerpt":{"rendered":"<p>La actividad, que se realizar\u00e1 el jueves 26 de octubre del presente a\u00f1o, estar\u00e1 dirigida a encargados de establecimientos que cuenten con planteles porcinos afectos al Decreto Supremo N\u00b009\/2023 del Ministerio de Medio Ambiente. Santiago, 23 de octubre de 2023.\u00a0La Superintendencia del Medio Ambiente (SMA), a trav\u00e9s de la Divisi\u00f3n de Fiscalizaci\u00f3n (DFZ) ha programado la <a href=\"https:\/\/portal.sma.gob.cl\/index.php\/sma-realizara-taller-de-asistencia-al-cumplimiento-para-titulares-afectos-a-la-norma-de-emision-de-contaminantes-en-planteles-porcinos\/\">Leer m\u00e1s<\/a><\/p>\n","protected":false},"author":8,"featured_media":28330,"comment_status":"open","ping_status":"open","sticky":false,"template":"","format":"standard","meta":{"footnotes":""},"categories":[252,107,225,94],"tags":[],"class_list":["post-28325","post","type-post","status-publish","format-standard","has-post-thumbnail","hentry","category-asistencia-al-cumplimiento","category-destacado","category-macrozona-centro","category-notas-noticias"],"_links":{"self":[{"href":"https:\/\/portal.sma.gob.cl\/index.php\/wp-json\/wp\/v2\/posts\/28325","targetHints":{"allow":["GET"]}}],"collection":[{"href":"https:\/\/portal.sma.gob.cl\/index.php\/wp-json\/wp\/v2\/posts"}],"about":[{"href":"https:\/\/portal.sma.gob.cl\/index.php\/wp-json\/wp\/v2\/types\/post"}],"author":[{"embeddable":true,"href":"https:\/\/portal.sma.gob.cl\/index.php\/wp-json\/wp\/v2\/users\/8"}],"replies":[{"embeddable":true,"href":"https:\/\/portal.sma.gob.cl\/index.php\/wp-json\/wp\/v2\/comments?post=28325"}],"version-history":[{"count":9,"href":"https:\/\/portal.sma.gob.cl\/index.php\/wp-json\/wp\/v2\/posts\/28325\/revisions"}],"predecessor-version":[{"id":28338,"href":"https:\/\/portal.sma.gob.cl\/index.php\/wp-json\/wp\/v2\/posts\/28325\/revisions\/28338"}],"wp:featuredmedia":[{"embeddable":true,"href":"https:\/\/portal.sma.gob.cl\/index.php\/wp-json\/wp\/v2\/media\/28330"}],"wp:attachment":[{"href":"https:\/\/portal.sma.gob.cl\/index.php\/wp-json\/wp\/v2\/media?parent=28325"}],"wp:term":[{"taxonomy":"category","embeddable":true,"href":"https:\/\/portal.sma.gob.cl\/index.php\/wp-json\/wp\/v2\/categories?post=28325"},{"taxonomy":"post_tag","embeddable":true,"href":"https:\/\/portal.sma.gob.cl\/index.php\/wp-json\/wp\/v2\/tags?post=28325"}],"curies":[{"name":"wp","href":"https:\/\/api.w.org\/{rel}","templated":true}]}}