{"id":28339,"date":"2023-10-23T11:14:51","date_gmt":"2023-10-23T14:14:51","guid":{"rendered":"https:\/\/portal.sma.gob.cl\/?p=28339"},"modified":"2023-10-23T11:14:51","modified_gmt":"2023-10-23T14:14:51","slug":"comenzo-capacitacion-para-profesores-de-concon-quintero-y-puchuncavi-en-materia-ambiental-y-equipos-de-monitoreo-de-gases","status":"publish","type":"post","link":"https:\/\/portal.sma.gob.cl\/index.php\/comenzo-capacitacion-para-profesores-de-concon-quintero-y-puchuncavi-en-materia-ambiental-y-equipos-de-monitoreo-de-gases\/","title":{"rendered":"Comenz\u00f3 capacitaci\u00f3n para profesores de Conc\u00f3n, Quintero y Puchuncav\u00ed en materia ambiental y equipos de monitoreo de gases"},"content":{"rendered":"<ul>\n<li><strong><em>Con una gran convocatoria comenz\u00f3 la capacitaci\u00f3n para profesoras, profesores y auxiliares de la educaci\u00f3n de Conc\u00f3n, Quintero y Puchuncav\u00ed en materia medioambiental. Los m\u00f3dulos permitir\u00e1n instruir al cuerpo docente en manejo y caracterizaci\u00f3n de equipos de monitoreo que existen en la zona, instrumentos reguladores, institucionalidad y normativa ambiental, conocimiento del Plan de Prevenci\u00f3n y Descontaminaci\u00f3n Ambiental vigente, entre otras tem\u00e1ticas.<\/em><\/strong><\/li>\n<\/ul>\n<p><strong>Regi\u00f3n de Valpara\u00edso, 23 de octubre de 2023.-<\/strong> Las clases comenzaron con cerca de 40 profesores y profesoras, son impartidas de manera on line por profesionales de las seremis de Medio Ambiente, de Salud, y de Ciencias, Tecnolog\u00eda, Conocimiento e Innovaci\u00f3n, adem\u00e1s de la Superintendencia de Medio Ambiente, y se desarrollan en 4 m\u00f3dulos que terminar\u00e1n a mediados de noviembre.<\/p>\n<p>Tras la primera jornada, el Delegado Presidencial para la Crisis Socio-Ambiental para esas tres comunas, <strong>Alejandro Villa<\/strong>, explic\u00f3 que el objetivo de esta capacitaci\u00f3n es, primero, \u201cllegar a las comunidades escolares y multiplicar el conocimiento en materia de lo que se est\u00e1 haciendo en el territorio en tareas tan importantes como son la regulaci\u00f3n ambiental, espec\u00edficamente lo que tiene que ver con el control de gases y material particulado; las iniciativas que est\u00e1n desarroll\u00e1ndose en torno a poder controlar y mitigar la contaminaci\u00f3n, como es la mejora del Plan de Prevenci\u00f3n y Descontaminaci\u00f3n Atmosf\u00e9rica actualmente vigente y que se tiene que modificar en marzo del 2024; y la regularizaci\u00f3n de la nueva zonificaci\u00f3n que va a provocar el PREMVAL\u201d.<\/p>\n<p>Adem\u00e1s, la autoridad presidencial manifest\u00f3 que las jornadas permitir\u00e1n al cuerpo docente estar mejor preparados para manejar y difundir los resultados que entregan diariamente los instrumentos de medici\u00f3n de gases que est\u00e1n actualmente instalados en los establecimientos educacionales de Quintero y Puchuncav\u00ed, los que fueron adquiridos gracias a fondos del Gobierno Regional de Valpara\u00edso, por un monto cercano a los 800 millones de pesos. \u201cEn varios establecimientos educacionales de estas dos comunas existe instrumental que tiene como tarea diaria y en tiempo real, entregar informaci\u00f3n respecto del comportamiento de los gases y de material particulado. Por ello, es importante entregarles conocimiento respecto de lo que significa el manejo de un instrumento medidor de gases, c\u00f3mo se procesa esa informaci\u00f3n y lo m\u00e1s importante, c\u00f3mo se entrega esa informaci\u00f3n en un lenguaje comprensible para la ciudadan\u00eda en general\u201d, se\u00f1al\u00f3 Villa.<\/p>\n<p>Por su parte, el seremi de Ciencias, Tecnolog\u00eda, Conocimiento e Innovaci\u00f3n Macrozona Centro, <strong>Jorge Soto<\/strong>, explic\u00f3 que &#8220;respecto a lo realizado interministerialmente, hemos establecido l\u00edneas de trabajo con el Delegado Presidencial de Conc\u00f3n, Quintero y Puchuncav\u00ed, Alejandro Villa, con el objetivo de promover la informaci\u00f3n responsable de los episodios de contaminaci\u00f3n en la zona. Es por esto que podemos aportar con una informaci\u00f3n de base cient\u00edfica que nos permita transmitir conocimientos actualizados y veraces para que nuestras profesoras y profesores de la comuna, tengan un conocimiento actualizado en m\u00e9todos de detecci\u00f3n de contaminantes, tipos de contaminantes y sus efectos en la salud, y adem\u00e1s, en lo relacionado a las pol\u00edticas p\u00fablicas y l\u00edmites de acci\u00f3n de nuestros servicios del Estado involucrados en la toma de decisiones. Por lo tanto, este esfuerzo mancomunado entre nuestras carteras, es para que la comunidad tenga las herramientas responsables para combatir la post verdad y avancemos en un mejor vivir para todas y todos&#8221;.<\/p>\n<p>En tanto, la Jefa de la Oficina Regional de la Superintendencia de Medio Ambiente, <strong>Carolina Silva<\/strong>, destac\u00f3 la importancia de estas jornadas, se\u00f1alando que \u201cestas capacitaciones buscan informar y reforzar acerca del trabajo que realiza la Superintendencia del Medio Ambiente junto a todos los organismos sectoriales que desarrollan gesti\u00f3n ambiental en este territorio. En este sentido, se entregar\u00e1 toda la informaci\u00f3n disponible acerca del funcionamiento de los equipos de monitoreo y tambi\u00e9n, herramientas para saber diferenciar posibles componentes contaminantes respecto a un olor en particular, su toxicidad y otros elementos, por ejemplo. En concreto, el objetivo es que las profesoras y profesores de la zona, y a trav\u00e9s de ellos, la comunidad en general, puedan contar con la informaci\u00f3n m\u00e1s robusta posible\u201d.<\/p>\n","protected":false},"excerpt":{"rendered":"<p>Con una gran convocatoria comenz\u00f3 la capacitaci\u00f3n para profesoras, profesores y auxiliares de la educaci\u00f3n de Conc\u00f3n, Quintero y Puchuncav\u00ed en materia medioambiental. Los m\u00f3dulos permitir\u00e1n instruir al cuerpo docente en manejo y caracterizaci\u00f3n de equipos de monitoreo que existen en la zona, instrumentos reguladores, institucionalidad y normativa ambiental, conocimiento del Plan de Prevenci\u00f3n y Descontaminaci\u00f3n <a href=\"https:\/\/portal.sma.gob.cl\/index.php\/comenzo-capacitacion-para-profesores-de-concon-quintero-y-puchuncavi-en-materia-ambiental-y-equipos-de-monitoreo-de-gases\/\">Leer m\u00e1s<\/a><\/p>\n","protected":false},"author":8,"featured_media":28344,"comment_status":"open","ping_status":"open","sticky":false,"template":"","format":"standard","meta":{"footnotes":""},"categories":[90,107,225],"tags":[],"class_list":["post-28339","post","type-post","status-publish","format-standard","has-post-thumbnail","hentry","category-comunicados-noticias","category-destacado","category-macrozona-centro"],"_links":{"self":[{"href":"https:\/\/portal.sma.gob.cl\/index.php\/wp-json\/wp\/v2\/posts\/28339","targetHints":{"allow":["GET"]}}],"collection":[{"href":"https:\/\/portal.sma.gob.cl\/index.php\/wp-json\/wp\/v2\/posts"}],"about":[{"href":"https:\/\/portal.sma.gob.cl\/index.php\/wp-json\/wp\/v2\/types\/post"}],"author":[{"embeddable":true,"href":"https:\/\/portal.sma.gob.cl\/index.php\/wp-json\/wp\/v2\/users\/8"}],"replies":[{"embeddable":true,"href":"https:\/\/portal.sma.gob.cl\/index.php\/wp-json\/wp\/v2\/comments?post=28339"}],"version-history":[{"count":3,"href":"https:\/\/portal.sma.gob.cl\/index.php\/wp-json\/wp\/v2\/posts\/28339\/revisions"}],"predecessor-version":[{"id":28345,"href":"https:\/\/portal.sma.gob.cl\/index.php\/wp-json\/wp\/v2\/posts\/28339\/revisions\/28345"}],"wp:featuredmedia":[{"embeddable":true,"href":"https:\/\/portal.sma.gob.cl\/index.php\/wp-json\/wp\/v2\/media\/28344"}],"wp:attachment":[{"href":"https:\/\/portal.sma.gob.cl\/index.php\/wp-json\/wp\/v2\/media?parent=28339"}],"wp:term":[{"taxonomy":"category","embeddable":true,"href":"https:\/\/portal.sma.gob.cl\/index.php\/wp-json\/wp\/v2\/categories?post=28339"},{"taxonomy":"post_tag","embeddable":true,"href":"https:\/\/portal.sma.gob.cl\/index.php\/wp-json\/wp\/v2\/tags?post=28339"}],"curies":[{"name":"wp","href":"https:\/\/api.w.org\/{rel}","templated":true}]}}