{"id":28745,"date":"2023-11-07T13:38:08","date_gmt":"2023-11-07T16:38:08","guid":{"rendered":"https:\/\/portal.sma.gob.cl\/?p=28745"},"modified":"2023-11-07T13:38:08","modified_gmt":"2023-11-07T16:38:08","slug":"avanzar-en-justicia-ambiental-superintendencia-recibe-delegacion-de-la-agencia-de-proteccion-ambiental-de-estados-unidos","status":"publish","type":"post","link":"https:\/\/portal.sma.gob.cl\/index.php\/avanzar-en-justicia-ambiental-superintendencia-recibe-delegacion-de-la-agencia-de-proteccion-ambiental-de-estados-unidos\/","title":{"rendered":"Avanzar en justicia ambiental: Superintendencia recibe delegaci\u00f3n de la Agencia de Protecci\u00f3n Ambiental de Estados Unidos"},"content":{"rendered":"<ul>\n<li><strong><em>Profesionales de la entidad estadounidense realizaron un taller dirigido a funcionarias y funcionarios de la SMA, respecto de las principales funciones de la US EPA y acerca de su Programa de Justicia Medioambiental.<\/em><\/strong><\/li>\n<li><strong><em>La agenda se desarroll\u00f3 en el contexto del trabajo de colaboraci\u00f3n del Ministerio del Medio Ambiente con la US EPA y en coordinaci\u00f3n con la Universidad Diego Portales. <\/em><\/strong><\/li>\n<\/ul>\n<p><strong>Santiago, 07 de noviembre de 2023.-<\/strong> En l\u00ednea con el trabajo que est\u00e1 realizando el Estado en materia de justicia ambiental y la implementaci\u00f3n del Acuerdo de Escaz\u00fa, es que esta ma\u00f1ana, la Superintendenta del Medio Ambiente, Marie Claude Plumer, recibi\u00f3 a una delegaci\u00f3n de la Agencia de Protecci\u00f3n Ambiental de Estados Unidos (US EPA por su sigla en ingl\u00e9s) integrada por <strong>Jane Nishida<\/strong><strong>, Administradora Adjunta de la Oficina de Asuntos Internacionales y Tribales de la US EPA y <\/strong><strong>Amy Porter<\/strong><strong>, Asesora Internacional Senior de la Oficina de Aplicaci\u00f3n y Garant\u00eda de Cumplimiento de la entidad. La actividad consider\u00f3 un taller para funcionarios y funcionarias de la Superintendencia del Medio Ambiente (SMA).<\/strong><\/p>\n<p><strong>La instancia se desarroll\u00f3 en dependencias de la SMA, luego de la participaci\u00f3n de las representantes de la US EPA en jornadas de trabajo organizadas el lunes por el Ministerio del Medio Ambiente (MMA), y que cont\u00f3 con la presencia del Servicio de Evaluaci\u00f3n Ambiental (SEA). <\/strong><\/p>\n<p><strong>El taller, titulado <\/strong><em>\u201cJusticia Ambiental: Fiscalizaci\u00f3n, Sanci\u00f3n y Cumplimiento Ambiental\u201d<\/em>, abord\u00f3 las<strong> principales funciones de la US EPA y la visi\u00f3n general de su Programa de Justicia Medioambiental. La delegaci\u00f3n cont\u00f3 tambi\u00e9n con la colaboraci\u00f3n de <\/strong><strong>Dominique Herv\u00e9<\/strong><strong>, Directora del Programa de Derecho y Pol\u00edtica Ambiental de la Universidad Diego Portales (UDP).<\/strong><\/p>\n<p><strong>En la actividad, se presentaron distintas materias como los planes y pol\u00edticas actuales de la US EPA en materia de justicia ambiental, las \u00f3rdenes ejecutivas y planes de acci\u00f3n para la equidad, el plan Estrat\u00e9gico de la EPA 2022 \u2013 2026, justicia ambiental en la aplicaci\u00f3n de normativas, y sobre tribus y pueblos ind\u00edgenas, entre otros aspectos.<\/strong><\/p>\n<p>Junto a lo anterior, las profesionales de la US EPA expusieron sobre herramientas cartogr\u00e1ficas y jur\u00eddicas, evaluaciones de impacto ambiental, participaci\u00f3n p\u00fablica, remedios para abordar la justicia ambiental, medidas cautelares relacionadas con el cumplimiento (mitigaci\u00f3n, proyectos ambientales suplementarios, acci\u00f3n temprana, medidas innovadoras), remediaci\u00f3n de da\u00f1os, disuasi\u00f3n y sanci\u00f3n.<\/p>\n<p>Al respecto, la Superintendenta Plumer expres\u00f3 que \u201cestamos muy contentos con la visita de la delegaci\u00f3n de la Agencia de Protecci\u00f3n Ambiental de Estados Unidos, US EPA, quienes a trav\u00e9s de esta jornada de capacitaci\u00f3n nos han compartido un marco muy robusto sobre su accionar en materias de protecci\u00f3n medioambiental, as\u00ed como tambi\u00e9n de su hoja de ruta para los pr\u00f3ximos a\u00f1os. Agradecemos tambi\u00e9n la gesti\u00f3n del Ministerio del Medio Ambiente y de la Universidad Diego Portales, quienes desarrollaron esta agenda muy enriquecedora con la US EPA, el SEA y la SMA, donde pudimos compartir experiencias de la institucionalidad nacional con la agencia americana en materias de cuidado y protecci\u00f3n del medioambiente\u201d.<\/p>\n<p><strong>Agenda US EPA<\/strong><\/p>\n<p>La visita de la delegaci\u00f3n de la US EPA a Chile se realiz\u00f3 gracias a los fondos de un proyecto Fondecyt adjudicado a la Universidad Diego Portales y que, a trav\u00e9s de su programa de Derecho y Pol\u00edtica Ambiental y la <a href=\"https:\/\/mma.gob.cl\/ministerio-del-medio-ambiente-lidera-jornadas-de-trabajo-con-autoridades-de-estados-unidos-para-avanzar-en-justicia-ambiental\/\">coordinaci\u00f3n del Ministerio del Medio Ambiente<\/a>, permitieron desarrollar esta agenda de trabajo que comenz\u00f3 el 6 de noviembre y se extender\u00e1 hasta el 8 de noviembre.<\/p>\n<p>Ayer, se desarroll\u00f3 en las dependencias del Ministerio del Medio Ambiente el taller denominado \u201cDesaf\u00edos en la implementaci\u00f3n del Acuerdo de Escaz\u00fa: participaci\u00f3n informada garantizada como parte del principio de justicia ambiental\u201d. Hoy se realiz\u00f3 el taller con la SMA titulado \u201cJusticia Ambiental: Fiscalizaci\u00f3n, Sanci\u00f3n y Cumplimiento Ambiental\u201d. Y ma\u00f1ana, la agenda concluir\u00e1 con un conversatorio abierto al p\u00fablico sobre la \u201cJusticia Ambiental y Fiscalizaci\u00f3n: La experiencia de la EPA\u201d. Este evento se realizar\u00e1 en la sala de videoconferencia de la Facultad de Derecho de la Universidad Diego Portales, ubicada en avenida Rep\u00fablica N\u00ba112, comuna de Santiago.<\/p>\n","protected":false},"excerpt":{"rendered":"<p>Profesionales de la entidad estadounidense realizaron un taller dirigido a funcionarias y funcionarios de la SMA, respecto de las principales funciones de la US EPA y acerca de su Programa de Justicia Medioambiental. La agenda se desarroll\u00f3 en el contexto del trabajo de colaboraci\u00f3n del Ministerio del Medio Ambiente con la US EPA y en coordinaci\u00f3n <a href=\"https:\/\/portal.sma.gob.cl\/index.php\/avanzar-en-justicia-ambiental-superintendencia-recibe-delegacion-de-la-agencia-de-proteccion-ambiental-de-estados-unidos\/\">Leer m\u00e1s<\/a><\/p>\n","protected":false},"author":13,"featured_media":28748,"comment_status":"open","ping_status":"open","sticky":false,"template":"","format":"standard","meta":{"footnotes":""},"categories":[90,107,222,225,94],"tags":[],"class_list":["post-28745","post","type-post","status-publish","format-standard","has-post-thumbnail","hentry","category-comunicados-noticias","category-destacado","category-macrozona","category-macrozona-centro","category-notas-noticias"],"_links":{"self":[{"href":"https:\/\/portal.sma.gob.cl\/index.php\/wp-json\/wp\/v2\/posts\/28745","targetHints":{"allow":["GET"]}}],"collection":[{"href":"https:\/\/portal.sma.gob.cl\/index.php\/wp-json\/wp\/v2\/posts"}],"about":[{"href":"https:\/\/portal.sma.gob.cl\/index.php\/wp-json\/wp\/v2\/types\/post"}],"author":[{"embeddable":true,"href":"https:\/\/portal.sma.gob.cl\/index.php\/wp-json\/wp\/v2\/users\/13"}],"replies":[{"embeddable":true,"href":"https:\/\/portal.sma.gob.cl\/index.php\/wp-json\/wp\/v2\/comments?post=28745"}],"version-history":[{"count":1,"href":"https:\/\/portal.sma.gob.cl\/index.php\/wp-json\/wp\/v2\/posts\/28745\/revisions"}],"predecessor-version":[{"id":28753,"href":"https:\/\/portal.sma.gob.cl\/index.php\/wp-json\/wp\/v2\/posts\/28745\/revisions\/28753"}],"wp:featuredmedia":[{"embeddable":true,"href":"https:\/\/portal.sma.gob.cl\/index.php\/wp-json\/wp\/v2\/media\/28748"}],"wp:attachment":[{"href":"https:\/\/portal.sma.gob.cl\/index.php\/wp-json\/wp\/v2\/media?parent=28745"}],"wp:term":[{"taxonomy":"category","embeddable":true,"href":"https:\/\/portal.sma.gob.cl\/index.php\/wp-json\/wp\/v2\/categories?post=28745"},{"taxonomy":"post_tag","embeddable":true,"href":"https:\/\/portal.sma.gob.cl\/index.php\/wp-json\/wp\/v2\/tags?post=28745"}],"curies":[{"name":"wp","href":"https:\/\/api.w.org\/{rel}","templated":true}]}}