{"id":28972,"date":"2023-11-16T17:33:32","date_gmt":"2023-11-16T20:33:32","guid":{"rendered":"https:\/\/portal.sma.gob.cl\/?p=28972"},"modified":"2023-11-16T18:36:03","modified_gmt":"2023-11-16T21:36:03","slug":"sma-ordena-medida-urgente-y-transitoria-a-compania-contractual-minera-ojos-del-salado-tras-socavon-en-tierra-amarilla","status":"publish","type":"post","link":"https:\/\/portal.sma.gob.cl\/index.php\/sma-ordena-medida-urgente-y-transitoria-a-compania-contractual-minera-ojos-del-salado-tras-socavon-en-tierra-amarilla\/","title":{"rendered":"SMA ordena medida urgente y transitoria a Compa\u00f1\u00eda Contractual Minera Ojos del Salado tras socav\u00f3n en Tierra Amarilla"},"content":{"rendered":"<ul>\n<li><strong><em>En base a un informe derivado por SERNAGEOMIN a la SMA, que analiz\u00f3 diversas materias asociadas al evento de subsidencia, relevando grietas que podr\u00edan afectar la estabilidad de la Mina Alcaparrosa.<\/em><\/strong><\/li>\n<\/ul>\n<p><strong>Tierra Amarilla, 16 de noviembre de 2023.<\/strong>\u00a0La Superintendencia del Medio Ambiente (SMA) orden\u00f3 una medida urgente y transitoria (MUT) en contra de la\u00a0<strong>Compa\u00f1\u00eda Contractual<\/strong>\u00a0<strong>Minera Ojos del Salado<\/strong>, titular del proyecto\u00a0<strong>\u201cContinuidad Operacional Mina Alcaparrosa\u201d<\/strong> (RCA N\u00b0158\/2017), ubicada a 900 metros al noroeste de la zona urbana de la comuna de Tierra Amarilla, en la Regi\u00f3n de Atacama. La medida contempla la ejecuci\u00f3n de una campa\u00f1a geof\u00edsica de 7 perfiles de TRE con espaciado de 5 metros entre electrodos, en forma de malla(*) que permita visualizar las anomal\u00edas en varias secciones aleda\u00f1as a la zona del socav\u00f3n.<\/p>\n<p>Esta medida urgente y transitoria tiene como base un informe derivado por SERNAGEOMIN a la SMA denominado <em>\u201cCaracterizaci\u00f3n hidrogeol\u00f3gica del \u00e1rea afectada por la subsidencia del 30 de julio de 2022 en la Mina Alcaparrosa, comuna de Tierra Amarilla, Regi\u00f3n de Atacama, Chile\u201d,<\/em> que analiz\u00f3 diversas materias asociadas al evento de subsidencia, relevando grietas que podr\u00edan afectar la estabilidad de la Mina Alcaparrosa.<\/p>\n<p>A lo anterior, y en el contexto del procedimiento sancionatorio que esta Superintendencia inici\u00f3 contra la empresa, la Compa\u00f1\u00eda Contractual Minera Ojos del Salado present\u00f3 un programa de cumplimiento que fue rechazado por la SMA, y que entre los argumentos, se tuvo en consideraci\u00f3n su anexo 2, que contiene el <em>\u201cAn\u00e1lisis y estimaci\u00f3n de posibles efectos ambientales para el cargo 2\u201d<\/em>, el que a prop\u00f3sito del componente suelo, identific\u00f3 que se encontraba en an\u00e1lisis la existencia de un riesgo de producci\u00f3n de nuevas subsidencias.<\/p>\n<p>Al respecto, la Superintendenta del Medio Ambiente, Marie Claude Plumer explic\u00f3 que \u201cla Minera Ojos del Salado ya fue notificada y deber\u00e1 implementar la medida urgente y transitoria que tiene por objeto hacer un seguimiento al estado de las grietas, en relaci\u00f3n a la estabilidad de la mina Alcaparrosa y su conexi\u00f3n con el acu\u00edfero del R\u00edo Copiap\u00f3. Esta medida se complementa con una serie de diligencias ordenadas previo y durante al procedimiento sancionatorio en curso por esta Superintendencia\u201d.<\/p>\n<p>La medida urgente y transitoria solicitada a la minera debe ejecutarse en un plazo de hasta 20 d\u00edas corridos, y posteriormente ser reportada a la SMA para el an\u00e1lisis correspondiente, en el marco del proceso sancionatorio que se lleva a cabo contra esta empresa.<\/p>\n<p><strong>Medidas Provisionales<\/strong><\/p>\n<p>En paralelo, la Superintendencia del Medio Ambiente mantiene vigente Medidas Provisionales enfocadas en materia de calidad de aguas, donde la empresa debe realizar muestreos y an\u00e1lisis hidrogeoqu\u00edmicos de compuestos principales y elementos trazas, aguas arriba y aguas abajo del socav\u00f3n, que permitan comparar la calidad de los mismos con las aguas almacenadas en los caserones, siguiendo el formato establecido en la Minuta T\u00e9cnica DCPRH N\u00b0 23\/2022. Adem\u00e1s, los resultados de los muestreos se deben comparar con la NCh N\u00b01.333, y con la NCh N\u00b0409\/1.<\/p>\n<p>Y en materia de disponibilidad del recurso h\u00eddrico, por disposici\u00f3n de la Resoluci\u00f3n Exenta N\u00b01786\/2023, que corresponde a la \u00faltima renovaci\u00f3n, la empresa debe: (1) Actualizar la identificaci\u00f3n de todos los sectores de Mina Alcaparrosa que presentan filtraci\u00f3n de agua con la indicaci\u00f3n de su nivel, galer\u00eda y caserones afectados; (2) Entregar un reporte con la estimaci\u00f3n actualizado del volumen total de agua acumulada al interior de la mina, en sus distintos niveles; entre otras medidas.<\/p>\n<p>Para m\u00e1s informaci\u00f3n de este procedimiento sancionatorio y de las medidas provisionales, ingresar al Sistema Nacional de Informaci\u00f3n de Fiscalizaci\u00f3n Ambiental (SNIFA): <a href=\"https:\/\/snifa.sma.gob.cl\/Sancionatorio\/Ficha\/3035\">https:\/\/snifa.sma.gob.cl\/Sancionatorio\/Ficha\/3035<\/a>, <a href=\"https:\/\/snifa.sma.gob.cl\/MedidaProvisional\/Ficha\/389\">https:\/\/snifa.sma.gob.cl\/MedidaProvisional\/Ficha\/389<\/a>, <a href=\"https:\/\/snifa.sma.gob.cl\/MedidaProvisional\/Ficha\/448\">https:\/\/snifa.sma.gob.cl\/MedidaProvisional\/Ficha\/448<\/a>, respectivamente.<\/p>\n<p>(*) Es una mecanismo que se realiza en terreno y se ejecuta un monitoreo de perfiles. Con esto, se eval\u00faa la propiedad el\u00e9ctrica del subsuelo a trav\u00e9s de la inyecci\u00f3n electricidad y el c\u00e1lculo de resistividad aparente, con el objeto de obtener un perfil de seguimiento y la roca del subsuelo. Los resultados de esta campa\u00f1a tienen que ver con el mapeo de estructuras, localizaci\u00f3n de aguas subterr\u00e1neas y localizaci\u00f3n de fallas, entre otras.<\/p>\n","protected":false},"excerpt":{"rendered":"<p>En base a un informe derivado por SERNAGEOMIN a la SMA, que analiz\u00f3 diversas materias asociadas al evento de subsidencia, relevando grietas que podr\u00edan afectar la estabilidad de la Mina Alcaparrosa. Tierra Amarilla, 16 de noviembre de 2023.\u00a0La Superintendencia del Medio Ambiente (SMA) orden\u00f3 una medida urgente y transitoria (MUT) en contra de la\u00a0Compa\u00f1\u00eda Contractual\u00a0Minera Ojos <a href=\"https:\/\/portal.sma.gob.cl\/index.php\/sma-ordena-medida-urgente-y-transitoria-a-compania-contractual-minera-ojos-del-salado-tras-socavon-en-tierra-amarilla\/\">Leer m\u00e1s<\/a><\/p>\n","protected":false},"author":8,"featured_media":28954,"comment_status":"open","ping_status":"open","sticky":false,"template":"","format":"standard","meta":{"footnotes":""},"categories":[90,107,225],"tags":[],"class_list":["post-28972","post","type-post","status-publish","format-standard","has-post-thumbnail","hentry","category-comunicados-noticias","category-destacado","category-macrozona-centro"],"_links":{"self":[{"href":"https:\/\/portal.sma.gob.cl\/index.php\/wp-json\/wp\/v2\/posts\/28972","targetHints":{"allow":["GET"]}}],"collection":[{"href":"https:\/\/portal.sma.gob.cl\/index.php\/wp-json\/wp\/v2\/posts"}],"about":[{"href":"https:\/\/portal.sma.gob.cl\/index.php\/wp-json\/wp\/v2\/types\/post"}],"author":[{"embeddable":true,"href":"https:\/\/portal.sma.gob.cl\/index.php\/wp-json\/wp\/v2\/users\/8"}],"replies":[{"embeddable":true,"href":"https:\/\/portal.sma.gob.cl\/index.php\/wp-json\/wp\/v2\/comments?post=28972"}],"version-history":[{"count":3,"href":"https:\/\/portal.sma.gob.cl\/index.php\/wp-json\/wp\/v2\/posts\/28972\/revisions"}],"predecessor-version":[{"id":28982,"href":"https:\/\/portal.sma.gob.cl\/index.php\/wp-json\/wp\/v2\/posts\/28972\/revisions\/28982"}],"wp:featuredmedia":[{"embeddable":true,"href":"https:\/\/portal.sma.gob.cl\/index.php\/wp-json\/wp\/v2\/media\/28954"}],"wp:attachment":[{"href":"https:\/\/portal.sma.gob.cl\/index.php\/wp-json\/wp\/v2\/media?parent=28972"}],"wp:term":[{"taxonomy":"category","embeddable":true,"href":"https:\/\/portal.sma.gob.cl\/index.php\/wp-json\/wp\/v2\/categories?post=28972"},{"taxonomy":"post_tag","embeddable":true,"href":"https:\/\/portal.sma.gob.cl\/index.php\/wp-json\/wp\/v2\/tags?post=28972"}],"curies":[{"name":"wp","href":"https:\/\/api.w.org\/{rel}","templated":true}]}}