{"id":29005,"date":"2023-11-17T10:49:49","date_gmt":"2023-11-17T13:49:49","guid":{"rendered":"https:\/\/portal.sma.gob.cl\/?p=29005"},"modified":"2023-11-17T10:49:49","modified_gmt":"2023-11-17T13:49:49","slug":"superintendencia-del-medio-ambiente-coordino-reunion-de-validacion-de-propuestas-de-subprogramas-de-fiscalizacion-para-el-ano-2024","status":"publish","type":"post","link":"https:\/\/portal.sma.gob.cl\/index.php\/superintendencia-del-medio-ambiente-coordino-reunion-de-validacion-de-propuestas-de-subprogramas-de-fiscalizacion-para-el-ano-2024\/","title":{"rendered":"Superintendencia del Medio Ambiente coordin\u00f3 reuni\u00f3n de validaci\u00f3n de propuestas de Subprogramas de Fiscalizaci\u00f3n para el a\u00f1o 2024"},"content":{"rendered":"<ul>\n<li><strong><em>Actividad cont\u00f3 con la participaci\u00f3n de los organismos sectoriales que forman parte de la Red Nacional de Fiscalizaci\u00f3n Ambiental (RENFA). <\/em><\/strong><\/li>\n<\/ul>\n<p><strong>Santiago, 17 de noviembre de 2023.- <\/strong>En el marco de la definici\u00f3n de los Programas y Subprogramas de Fiscalizaci\u00f3n Ambiental para el a\u00f1o 2024, durante la jornada del martes 14 de octubre de 2023, se llev\u00f3 a cabo la reuni\u00f3n de validaci\u00f3n de propuestas de Subprogramas de Fiscalizaci\u00f3n para el a\u00f1o 2024, entre la SMA y las contrapartes de los Organismos Sectoriales.<\/p>\n<p>En la reuni\u00f3n, que se ejecut\u00f3 de forma telem\u00e1tica, se cont\u00f3 con la participaci\u00f3n de las contrapartes de los niveles centrales de los organismos sectoriales que participan del Ciclo de Programaci\u00f3n y forman parte de la Red Nacional de Fiscalizaci\u00f3n Ambiental (RENFA), adem\u00e1s de la Jefa de la Divisi\u00f3n de Fiscalizaci\u00f3n de la SMA y profesionales de la Divisi\u00f3n de Fiscalizaci\u00f3n y la Oficina de Gesti\u00f3n Estrat\u00e9gica de la SMA.<\/p>\n<p>Durante el encuentro se presentaron los resultados de las reuniones de consulta regional efectuada entre Oficinas Regionales de la SMA y contrapartes regionales de Organismos Sectoriales de la RENFA, para su validaci\u00f3n por parte de los Niveles Centrales de los Organismos Sectoriales que participan en conjunto con la SMA de las labores de fiscalizaci\u00f3n ambiental.<\/p>\n","protected":false},"excerpt":{"rendered":"<p>Actividad cont\u00f3 con la participaci\u00f3n de los organismos sectoriales que forman parte de la Red Nacional de Fiscalizaci\u00f3n Ambiental (RENFA). Santiago, 17 de noviembre de 2023.- En el marco de la definici\u00f3n de los Programas y Subprogramas de Fiscalizaci\u00f3n Ambiental para el a\u00f1o 2024, durante la jornada del martes 14 de octubre de 2023, se llev\u00f3 <a href=\"https:\/\/portal.sma.gob.cl\/index.php\/superintendencia-del-medio-ambiente-coordino-reunion-de-validacion-de-propuestas-de-subprogramas-de-fiscalizacion-para-el-ano-2024\/\">Leer m\u00e1s<\/a><\/p>\n","protected":false},"author":8,"featured_media":29007,"comment_status":"open","ping_status":"open","sticky":false,"template":"","format":"standard","meta":{"footnotes":""},"categories":[90,225],"tags":[],"class_list":["post-29005","post","type-post","status-publish","format-standard","has-post-thumbnail","hentry","category-comunicados-noticias","category-macrozona-centro"],"_links":{"self":[{"href":"https:\/\/portal.sma.gob.cl\/index.php\/wp-json\/wp\/v2\/posts\/29005","targetHints":{"allow":["GET"]}}],"collection":[{"href":"https:\/\/portal.sma.gob.cl\/index.php\/wp-json\/wp\/v2\/posts"}],"about":[{"href":"https:\/\/portal.sma.gob.cl\/index.php\/wp-json\/wp\/v2\/types\/post"}],"author":[{"embeddable":true,"href":"https:\/\/portal.sma.gob.cl\/index.php\/wp-json\/wp\/v2\/users\/8"}],"replies":[{"embeddable":true,"href":"https:\/\/portal.sma.gob.cl\/index.php\/wp-json\/wp\/v2\/comments?post=29005"}],"version-history":[{"count":2,"href":"https:\/\/portal.sma.gob.cl\/index.php\/wp-json\/wp\/v2\/posts\/29005\/revisions"}],"predecessor-version":[{"id":29008,"href":"https:\/\/portal.sma.gob.cl\/index.php\/wp-json\/wp\/v2\/posts\/29005\/revisions\/29008"}],"wp:featuredmedia":[{"embeddable":true,"href":"https:\/\/portal.sma.gob.cl\/index.php\/wp-json\/wp\/v2\/media\/29007"}],"wp:attachment":[{"href":"https:\/\/portal.sma.gob.cl\/index.php\/wp-json\/wp\/v2\/media?parent=29005"}],"wp:term":[{"taxonomy":"category","embeddable":true,"href":"https:\/\/portal.sma.gob.cl\/index.php\/wp-json\/wp\/v2\/categories?post=29005"},{"taxonomy":"post_tag","embeddable":true,"href":"https:\/\/portal.sma.gob.cl\/index.php\/wp-json\/wp\/v2\/tags?post=29005"}],"curies":[{"name":"wp","href":"https:\/\/api.w.org\/{rel}","templated":true}]}}