{"id":29019,"date":"2023-11-17T16:30:04","date_gmt":"2023-11-17T19:30:04","guid":{"rendered":"https:\/\/portal.sma.gob.cl\/?p=29019"},"modified":"2024-06-19T18:16:08","modified_gmt":"2024-06-19T22:16:08","slug":"superintendencia-del-medio-ambiente-suscribe-convenios-de-colaboracion-con-la-ilustre-municipalidad-de-melipilla","status":"publish","type":"post","link":"https:\/\/portal.sma.gob.cl\/index.php\/superintendencia-del-medio-ambiente-suscribe-convenios-de-colaboracion-con-la-ilustre-municipalidad-de-melipilla\/","title":{"rendered":"Superintendencia del Medio Ambiente suscribe convenio de ruidos con la Municipalidad de Melipilla"},"content":{"rendered":"<ul>\n<li><strong><em>El primer acuerdo busca entregar capacitaci\u00f3n al personal municipal para el an\u00e1lisis de las denuncias ambientales, como tambi\u00e9n apoyar en la dictaci\u00f3n de la ordenanza municipal de ruido, con la posterior capacitaci\u00f3n utilizar los son\u00f3metros calibrados y las t\u00e9cnicas que se deben aplicar seg\u00fan el Decreto Supremo N\u00b038 de 2011 del Ministerio del Medio Ambiente, entre otros compromisos.<\/em><\/strong><\/li>\n<li><strong><em>El segundo convenio estar\u00e1 orientado a capacitar a la autoridad comunal para la presentaci\u00f3n de denuncias asociadas a la Norma de Emisi\u00f3n de Residuos Industriales L\u00edquidos (Riles), intervenci\u00f3n y afectaci\u00f3n de humedales y \u00e1reas protegidas, y tambi\u00e9n en la extracci\u00f3n de \u00e1ridos.<\/em><\/strong><\/li>\n<\/ul>\n<p><strong>Santiago, 17 de noviembre de 2023.<\/strong>\u00a0Durante esta tarde la Superintendenta del Medio Ambiente, Marie Claude Plumer suscribi\u00f3 convenios de colaboraci\u00f3n con la alcaldesa de la Ilustre Municipalidad de Melipilla, Lorena Olavarr\u00eda, para colaborar en la capacitaci\u00f3n del funcionariado municipal en materias de denuncias ambientales, mejorando as\u00ed la respuesta estatal ante las problem\u00e1ticas que se presentan en la comuna.<\/p>\n<p>Al respecto, la Superintendenta del Medio Ambiente, <strong>Marie Claude Plumer<\/strong> relev\u00f3 que <em>\u201cestas alianzas con las municipalidades forman parte de una estrategia impulsada por la SMA para mejorar la gesti\u00f3n de las denuncias que ingresan por temas de ruidos, ya que representan cerca del 50% del total. Es muy importante poder fortalecer esta red de colaboraci\u00f3n y de esta forma poder abarcar de mayor forma todos los territorios. Agradecemos el compromiso de la Municipalidad de Melipilla\u201d.<\/em><\/p>\n<p>Por su parte, la alcaldesa de la Municipalidad de Melipilla, <strong>Lorena Olavarr\u00eda<\/strong> sostuvo que <em>\u201cestamos muy contentos por la r\u00e1pida gesti\u00f3n de la SMA y que, con la firma de estos dos convenios, podamos dar una pronta respuesta a las denuncias ambientales que se levanten en Melipilla, y podamos pensar en que ese buen vivir que anhelamos sin afectaci\u00f3n ambiental, sea una realidad para todas las vecinas y vecinos\u201d.<\/em><\/p>\n<p>Dentro de los compromisos adquiridos en el primer convenio, funcionarios de la Municipalidad de Melipilla deber\u00e1n verificar que las fuentes de ruido denunciadas correspondan a aquellas definidas en la norma de emisi\u00f3n (D.S. N\u00b038\/2011 MMA). Para presentar denuncias ante la SMA cada Municipalidad deber\u00e1 identificar la fuente emisora de ruido (nombre o raz\u00f3n social, direcci\u00f3n, tipo de actividad que desarrolla); identificaci\u00f3n de los denunciantes (nombre, tel\u00e9fono de contacto y direcci\u00f3n); descripci\u00f3n de la denuncia (periodos de funcionamiento en d\u00edas y horas, descripci\u00f3n del ruido que motiva la denuncia, entre otros).<\/p>\n<p>Por su parte, la Superintendencia del Medio Ambiente se compromete a realizar capacitaciones respecto del sentido y alcance de la Norma de Emisi\u00f3n, de las metodolog\u00edas aplicables a la medici\u00f3n de ruido, uso de equipos, zonificaci\u00f3n, entre otros. Del mismo modo, se compromete a brindar apoyo t\u00e9cnico para la adquisici\u00f3n de equipamiento por parte del municipio, as\u00ed como para el desarrollo o mejoramiento de la ordenanza sobre este tema espec\u00edfico.<\/p>\n<p>El convenio tendr\u00e1 una duraci\u00f3n de cuatro a\u00f1os, contados desde la fecha de entrada en vigencia de la resoluci\u00f3n que lo apruebe y se renovar\u00e1 autom\u00e1tica y sucesivamente, por per\u00edodos de dos a\u00f1os.<\/p>\n<p>Providencia, Lo Barnechea, Punta Arenas y Antofagasta son algunos ejemplos donde ya se est\u00e1 aplicando este tipo de acuerdos y que a la fecha ya suman 53 acuerdos en todo el territorio nacional.<\/p>\n<p><strong>Segundo Convenio <\/strong><\/p>\n<p>El segundo acuerdo est\u00e1 centrado en el apoyo para la presentaci\u00f3n de denuncias asociadas a materias tales como Norma de Emisi\u00f3n de Residuos Industriales L\u00edquidos (Riles), principalmente lo prescrito en los decretos supremos N\u00b090, de 2000 y N\u00b046, de 2002, ambos del Ministerio del Medio Ambiente (MMA), intervenci\u00f3n y afectaci\u00f3n de humedales y \u00e1reas protegidas, y tambi\u00e9n en la extracci\u00f3n de \u00e1ridos.<\/p>\n<p><strong>________________________________________________________________________<\/strong><\/p>\n<p><strong>Norma de ruido: <\/strong>La regulaci\u00f3n ambiental corresponde al <a href=\"https:\/\/www.bcn.cl\/leychile\/navegar?idNorma=1040928&amp;idVersion=2014-06-13\">D.S. 38\/2011<\/a> que fija l\u00edmites de presi\u00f3n sonora permitidos para fuentes fijas, como, por ejemplo: actividades industriales, recintos comerciales, de recreaci\u00f3n y educacionales. No entran dentro de esta normativa el tr\u00e1fico terrestre, mar\u00edtimo o a\u00e9reo, las ferias libres, la actividad propia del uso de las viviendas (voces, circulaci\u00f3n al interior, reuniones, mascotas, electrodom\u00e9sticos, arreglos ni reparaciones dom\u00e9sticas). Tampoco regula la circulaci\u00f3n vehicular peatonal, eventos, actos, manifestaciones, propaganda, ferias, comercio ambulante o similares; sistemas de alarma y emergencia; ni Voladuras y\/o tronaduras.<\/p>\n","protected":false},"excerpt":{"rendered":"<p>El primer acuerdo busca entregar capacitaci\u00f3n al personal municipal para el an\u00e1lisis de las denuncias ambientales, como tambi\u00e9n apoyar en la dictaci\u00f3n de la ordenanza municipal de ruido, con la posterior capacitaci\u00f3n utilizar los son\u00f3metros calibrados y las t\u00e9cnicas que se deben aplicar seg\u00fan el Decreto Supremo N\u00b038 de 2011 del Ministerio del Medio Ambiente, entre <a href=\"https:\/\/portal.sma.gob.cl\/index.php\/superintendencia-del-medio-ambiente-suscribe-convenios-de-colaboracion-con-la-ilustre-municipalidad-de-melipilla\/\">Leer m\u00e1s<\/a><\/p>\n","protected":false},"author":8,"featured_media":29023,"comment_status":"open","ping_status":"open","sticky":false,"template":"","format":"standard","meta":{"footnotes":""},"categories":[90,107,225],"tags":[],"class_list":["post-29019","post","type-post","status-publish","format-standard","has-post-thumbnail","hentry","category-comunicados-noticias","category-destacado","category-macrozona-centro"],"_links":{"self":[{"href":"https:\/\/portal.sma.gob.cl\/index.php\/wp-json\/wp\/v2\/posts\/29019","targetHints":{"allow":["GET"]}}],"collection":[{"href":"https:\/\/portal.sma.gob.cl\/index.php\/wp-json\/wp\/v2\/posts"}],"about":[{"href":"https:\/\/portal.sma.gob.cl\/index.php\/wp-json\/wp\/v2\/types\/post"}],"author":[{"embeddable":true,"href":"https:\/\/portal.sma.gob.cl\/index.php\/wp-json\/wp\/v2\/users\/8"}],"replies":[{"embeddable":true,"href":"https:\/\/portal.sma.gob.cl\/index.php\/wp-json\/wp\/v2\/comments?post=29019"}],"version-history":[{"count":3,"href":"https:\/\/portal.sma.gob.cl\/index.php\/wp-json\/wp\/v2\/posts\/29019\/revisions"}],"predecessor-version":[{"id":32117,"href":"https:\/\/portal.sma.gob.cl\/index.php\/wp-json\/wp\/v2\/posts\/29019\/revisions\/32117"}],"wp:featuredmedia":[{"embeddable":true,"href":"https:\/\/portal.sma.gob.cl\/index.php\/wp-json\/wp\/v2\/media\/29023"}],"wp:attachment":[{"href":"https:\/\/portal.sma.gob.cl\/index.php\/wp-json\/wp\/v2\/media?parent=29019"}],"wp:term":[{"taxonomy":"category","embeddable":true,"href":"https:\/\/portal.sma.gob.cl\/index.php\/wp-json\/wp\/v2\/categories?post=29019"},{"taxonomy":"post_tag","embeddable":true,"href":"https:\/\/portal.sma.gob.cl\/index.php\/wp-json\/wp\/v2\/tags?post=29019"}],"curies":[{"name":"wp","href":"https:\/\/api.w.org\/{rel}","templated":true}]}}