{"id":29056,"date":"2023-11-15T08:37:03","date_gmt":"2023-11-15T11:37:03","guid":{"rendered":"https:\/\/portal.sma.gob.cl\/?p=29056"},"modified":"2023-11-21T08:37:48","modified_gmt":"2023-11-21T11:37:48","slug":"oefa-peru-y-el-bid-realizan-taller-pueblos-indigenas-y-las-brechas-en-la-participacion-en-licenciamiento-y-fiscalizacion-ambiental","status":"publish","type":"post","link":"https:\/\/portal.sma.gob.cl\/index.php\/oefa-peru-y-el-bid-realizan-taller-pueblos-indigenas-y-las-brechas-en-la-participacion-en-licenciamiento-y-fiscalizacion-ambiental\/","title":{"rendered":"OEFA Per\u00fa y el BID realizan taller \u201cPueblos Ind\u00edgenas y las Brechas en la Participaci\u00f3n en Licenciamiento y Fiscalizaci\u00f3n Ambiental\u201d"},"content":{"rendered":"<ul>\n<li><strong><em>En la instancia se abord\u00f3 el panorama de los Pueblos Ind\u00edgenas en Latinoam\u00e9rica y El Caribe, sus limitaciones y los derechos colectivos relacionados a la gesti\u00f3n ambiental, entre otras tem\u00e1ticas.<\/em><\/strong><\/li>\n<li><strong><em>Esta actividad es la segunda de una serie de talleres ambientales y sociales que est\u00e1 desplegando el BID, a trav\u00e9s de la Consultora Social Capital Group, en el contexto del plan de acci\u00f3n 2023 con REDLAFICA.<\/em><\/strong><\/li>\n<\/ul>\n<p><strong>Lima, Per\u00fa 15 de noviembre de 2023.-<\/strong>\u00a0Durante esta jornada el Organismo de Evaluaci\u00f3n y Fiscalizaci\u00f3n Ambiental (OEFA) de Per\u00fa, de la mano con el Banco Interamericano de Desarrollo (BID) y de la Consultora Social Capital Group (SCG) llevaron a cabo el taller sobre los\u00a0<strong>Pueblos Ind\u00edgenas y las Brechas en la Participaci\u00f3n en Licenciamiento y Fiscalizaci\u00f3n frente a los est\u00e1ndares internacionales.\u00a0<\/strong>Esta actividad corresponde a la segunda instancia de los talleres de formaci\u00f3n que cubren temas ambientales y sociales relevantes que est\u00e1 desplegando el BID a trav\u00e9s de su plan de acci\u00f3n 2023 con REDLAFICA y que cont\u00f3 con la participaci\u00f3n de m\u00e1s de 50 personas representantes de la red.<\/p>\n<p>La directora de Pol\u00edticas y Estrategias de Fiscalizaci\u00f3n Ambiental de la OEFA,\u00a0<strong>Ana Vergara<\/strong>, comenz\u00f3 la reuni\u00f3n enfatizando que este taller se realiza en el contexto de cumplimiento de los compromisos adoptados en la reuni\u00f3n de di\u00e1logo de pol\u00edtica regional realizada en Santo Domingo el a\u00f1o pasado.\u00a0<em>\u201cAgradecemos al BID por su colaboraci\u00f3n y por su apoyo en estas importantes actividades en la cual vamos a generar un intercambio de experiencias entre los pa\u00edses integrantes de la REDLAFICA\u201d<\/em>, reflexion\u00f3.<\/p>\n<p>Asimismo,\u00a0<strong>Juan Mart\u00ednez<\/strong>, especialista L\u00edder Social de la Unidad de Soluciones Ambientales y Sociales del BID agreg\u00f3 que:\u00a0<em>\u201cDesde el Banco Interamericano de Desarrollo, a trav\u00e9s de nuestra unidad de soluciones ambientales y sociales, venimos apoyando ya desde hace m\u00e1s de 10 a\u00f1os esta relevante iniciativa de los di\u00e1logos regionales de pol\u00edtica ambiental y social, siempre con la intenci\u00f3n de fortalecer los sistemas nacionales de licenciamiento y fiscalizaci\u00f3n\u201d<\/em>. Y quien agreg\u00f3 que,\u00a0<em>\u201cla idea es encontrar mecanismos sobre c\u00f3mo dedicar pautas que puedan servir de fortalecimiento a esos procesos, tanto de licenciamiento como de fiscalizaci\u00f3n espec\u00edfica\u201d<\/em>, declar\u00f3.<\/p>\n<p>Primeramente, se abord\u00f3 el panorama de los Pueblos Ind\u00edgenas en Latinoam\u00e9rica y El Caribe en cuanto a los sistemas de licenciamiento y fiscalizaci\u00f3n ambiental frente a los est\u00e1ndares internacionales, recalcando que al menos un 8% de la poblaci\u00f3n latinoamericana corresponde a personas pertenecientes a pueblos ind\u00edgenas. En este sentido,\u00a0<strong>Manuel Indacochea<\/strong>, Gerente de Proyectos en Social Capital Group, enfatiza en la necesidad de encontrar equilibrio frente al derecho de aprovechamiento de los recursos naturales y los derechos b\u00e1sicos de las personas entre los proyectos impulsados por la sociedad civil y la ocupaci\u00f3n tradicional de territorios por parte de los grupos \u00e9tnicos.<\/p>\n<p>En seguida,\u00a0<strong>Angela Acevedo<\/strong>\u00a0profundiz\u00f3 en los Derechos Colectivos relacionados a la Gesti\u00f3n Ambiental, entre los que destacan el derecho a la consulta y consentimiento, a la participaci\u00f3n en los procesos de desarrollo, la propiedad de tierras y territorio, adem\u00e1s del derecho al uso, administraci\u00f3n y conservaci\u00f3n de los recursos naturales que se encuentren en los territorios de pueblos ind\u00edgenas, entre otros.<\/p>\n<p>Luego, se llev\u00f3 a cabo una actividad interactiva a cargo de Manuel Indacochea en la que se profundiz\u00f3 en las limitaciones a la participaci\u00f3n de los Pueblos Ind\u00edgenas en el proceso de Licenciamiento y Fiscalizaci\u00f3n Ambiental. Indacochea se refiri\u00f3 a las brechas entre los sistemas nacionales de licenciamiento y fiscalizaci\u00f3n y los est\u00e1ndares internacionales de desempe\u00f1o ambientales y sociales (A&amp;S). Principalmente, est\u00e1n relacionadas a la identificaci\u00f3n de los pueblos ind\u00edgenas en las \u00e1reas de influencia, la implementaci\u00f3n de procesos de participaci\u00f3n y consulta ind\u00edgena, el reconocimiento al acceso de beneficios y la definici\u00f3n de roles y responsabilidades en proyectos con pueblos ind\u00edgenas, entre otros factores que afectan directamente a la desigualdad de condiciones para la participaci\u00f3n en los sistemas de licenciamiento y fiscalizaci\u00f3n ambiental.<\/p>\n<p>Hacia el final, el taller se concentr\u00f3 en los avances y buenas pr\u00e1cticas de gesti\u00f3n social que destacan en los sistemas de licenciamiento y fiscalizaci\u00f3n, enfatizando en que la identificaci\u00f3n temprana de estos pueblos permitir\u00eda la correcta integraci\u00f3n a los proyectos. De esta manera, se destac\u00f3 la creaci\u00f3n de una institucionalidad estatal que respalde los derechos ambientales anteriormente mencionados.<\/p>\n<p>Finalmente, se dio espacio al di\u00e1logo entorno a c\u00f3mo fortalecer la participaci\u00f3n de los pueblos ind\u00edgenas en las tem\u00e1ticas ambientales.<\/p>\n<p>El pr\u00f3ximo taller de formaci\u00f3n se realizar\u00e1 el 22 de noviembre y estar\u00e1 dirigido por la Procuradur\u00eda Federal de Protecci\u00f3n al Ambiente (PROFEPA) de M\u00e9xico centrado en Impactos Ambientales Transfronterizos y Consecuencias Sociales.<\/p>\n","protected":false},"excerpt":{"rendered":"<p>En la instancia se abord\u00f3 el panorama de los Pueblos Ind\u00edgenas en Latinoam\u00e9rica y El Caribe, sus limitaciones y los derechos colectivos relacionados a la gesti\u00f3n ambiental, entre otras tem\u00e1ticas. Esta actividad es la segunda de una serie de talleres ambientales y sociales que est\u00e1 desplegando el BID, a trav\u00e9s de la Consultora Social Capital Group, <a href=\"https:\/\/portal.sma.gob.cl\/index.php\/oefa-peru-y-el-bid-realizan-taller-pueblos-indigenas-y-las-brechas-en-la-participacion-en-licenciamiento-y-fiscalizacion-ambiental\/\">Leer m\u00e1s<\/a><\/p>\n","protected":false},"author":8,"featured_media":29052,"comment_status":"open","ping_status":"open","sticky":false,"template":"","format":"standard","meta":{"footnotes":""},"categories":[90,225],"tags":[],"class_list":["post-29056","post","type-post","status-publish","format-standard","has-post-thumbnail","hentry","category-comunicados-noticias","category-macrozona-centro"],"_links":{"self":[{"href":"https:\/\/portal.sma.gob.cl\/index.php\/wp-json\/wp\/v2\/posts\/29056","targetHints":{"allow":["GET"]}}],"collection":[{"href":"https:\/\/portal.sma.gob.cl\/index.php\/wp-json\/wp\/v2\/posts"}],"about":[{"href":"https:\/\/portal.sma.gob.cl\/index.php\/wp-json\/wp\/v2\/types\/post"}],"author":[{"embeddable":true,"href":"https:\/\/portal.sma.gob.cl\/index.php\/wp-json\/wp\/v2\/users\/8"}],"replies":[{"embeddable":true,"href":"https:\/\/portal.sma.gob.cl\/index.php\/wp-json\/wp\/v2\/comments?post=29056"}],"version-history":[{"count":1,"href":"https:\/\/portal.sma.gob.cl\/index.php\/wp-json\/wp\/v2\/posts\/29056\/revisions"}],"predecessor-version":[{"id":29057,"href":"https:\/\/portal.sma.gob.cl\/index.php\/wp-json\/wp\/v2\/posts\/29056\/revisions\/29057"}],"wp:featuredmedia":[{"embeddable":true,"href":"https:\/\/portal.sma.gob.cl\/index.php\/wp-json\/wp\/v2\/media\/29052"}],"wp:attachment":[{"href":"https:\/\/portal.sma.gob.cl\/index.php\/wp-json\/wp\/v2\/media?parent=29056"}],"wp:term":[{"taxonomy":"category","embeddable":true,"href":"https:\/\/portal.sma.gob.cl\/index.php\/wp-json\/wp\/v2\/categories?post=29056"},{"taxonomy":"post_tag","embeddable":true,"href":"https:\/\/portal.sma.gob.cl\/index.php\/wp-json\/wp\/v2\/tags?post=29056"}],"curies":[{"name":"wp","href":"https:\/\/api.w.org\/{rel}","templated":true}]}}