{"id":29301,"date":"2023-11-22T12:00:13","date_gmt":"2023-11-22T15:00:13","guid":{"rendered":"https:\/\/portal.sma.gob.cl\/?p=29301"},"modified":"2023-11-23T17:03:03","modified_gmt":"2023-11-23T20:03:03","slug":"profepa-y-el-bid-realizan-taller-impactos-ambientales-transfronterizos-y-consecuencias-sociales","status":"publish","type":"post","link":"https:\/\/portal.sma.gob.cl\/index.php\/profepa-y-el-bid-realizan-taller-impactos-ambientales-transfronterizos-y-consecuencias-sociales\/","title":{"rendered":"PROFEPA y el BID realizan taller \u201cImpactos Ambientales Transfronterizos y Consecuencias Sociales\u201d"},"content":{"rendered":"<ul>\n<li><strong><em>En la instancia se abord\u00f3 la definici\u00f3n de impacto transfronterizo, la normativa de la regi\u00f3n, casos de contaminaci\u00f3n actividades extractivas y los acuerdos y tratados de cooperaci\u00f3n, entre otras tem\u00e1ticas. <\/em><\/strong><\/li>\n<li><strong><em>Esta actividad es la tercera y \u00faltima de una serie de talleres ambientales y sociales que est\u00e1 desplegando el BID, a trav\u00e9s de la Consultora Social Capital Group, en el contexto del plan de acci\u00f3n 2023 con REDLAFICA. <\/em><\/strong><\/li>\n<\/ul>\n<p><strong>Ciudad de M\u00e9xico, M\u00e9xico 22 de noviembre de 2023. <\/strong>Durante esta jornada la Procuradur\u00eda Federal de Protecci\u00f3n al Ambiente (PROFEPA) de M\u00e9xico, de la mano con el Banco Interamericano de Desarrollo (BID) y de la Consultora Social Capital Group (SCG) llevaron a cabo el taller sobre los \u201c<strong>Impactos Ambientales Transfronterizos y Consecuencias Sociales\u201d. <\/strong>Esta actividad corresponde a la tercera y \u00faltima instancia de los talleres de formaci\u00f3n que cubren temas ambientales y sociales relevantes que est\u00e1 desplegando el BID a trav\u00e9s de su plan de acci\u00f3n 2023 con REDLAFICA y que cont\u00f3 con la participaci\u00f3n de m\u00e1s de 30 personas representantes de la red.<\/p>\n<p>El Encargado de la Direcci\u00f3n General de Asistencia T\u00e9cnica Industrial de la PROFEPA, <strong>Felipe de Jes\u00fas Olmedo<\/strong>, comenz\u00f3 la reuni\u00f3n enfatizando que \u201cel objetivo central siempre ser\u00e1 alcanzar una mejora continua entre los distintos pa\u00edses y poder entender c\u00f3mo es que se manejan las actuaciones de los movimientos transfronterizos de mercanc\u00edas y de esta forma poder determinar en su caso c\u00f3mo se constata y verifica el cumplimiento a la legislaci\u00f3n ambiental y todas aquellos mecanismos derivados para aquellos casos de incumplimiento\u201d.<\/p>\n<p>Asimismo, <strong>Juan Mart\u00ednez<\/strong>, especialista L\u00edder Social de la Unidad de Soluciones Ambientales y Sociales del BID agreg\u00f3 que: \u201cEs primordial que en estas instancias se generen pautas de c\u00f3mo poder lograr una combinaci\u00f3n m\u00e1s estrecha entre los diferentes miembros de la REDLAFICA. La se\u00f1al por parte del Banco Interamericano de Desarrollo es seguir fortaleciendo el desarrollo y tenemos particular inter\u00e9s de que estos insumos t\u00e9cnicos puedan realmente fortalecer ese proceso de licenciamiento, proceso de fiscalizaci\u00f3n y que de alguna manera las diferentes instituciones participantes pudieran asumir ese compromiso de c\u00f3mo monitorear que se apliquen estos conocimientos\u201d.<\/p>\n<p>En primer lugar, se defini\u00f3 lo que ser\u00eda un impacto transfronterizo como todo impacto no necesariamente de naturaleza global, dentro de una zona bajo la jurisdicci\u00f3n de una de las partes y que haya sido causado por una actividad propuesta cuyo origen f\u00edsico est\u00e9 ubicado total o parcialmente dentro de una zona situada bajo la jurisdicci\u00f3n de otra parte.<\/p>\n<p>En ese sentido, se abord\u00f3 la normativa de la regi\u00f3n y los procedimientos de comunicaci\u00f3n vinculados a estas normativas. En estos casos, plantean la necesidad de acudir a las notificaciones diplom\u00e1ticas, comunicaci\u00f3n en caso de emergencia ambiental, contaminaci\u00f3n difusa, tr\u00e1fico de vida silvestre de minerales o de sustancias peligrosas y los proyectos con impactos ambientales transfronterizos.<\/p>\n<p>Se profundiz\u00f3 en el caso de contaminaci\u00f3n transfronteriza de M\u00e9xico y Guatemala por actividades mineras y los conflictos derivados, como la p\u00e9rdida de la biodiversidad, los cambios en el uso de suelo, impactos a la salud, entre otros factores, que se replican en otros casos a lo largo de la regi\u00f3n latinoamericana.<\/p>\n<p>Frente a esto, se resalt\u00f3 en los actuales acuerdos y tratados de cooperaci\u00f3n regional impulsados por la REDLAFICA y Red Latinoamericana de Sistemas de Evaluaci\u00f3n Ambiental (REDLASEIA), as\u00ed como la Comisi\u00f3n Centroamericana de Ambiente y Desarrollo (CCAD), el Proyecto de Integraci\u00f3n y Desarrollo de Mesoam\u00e9rica, MERCOSUR, entre otras instancias.<\/p>\n<p>En ese sentido, las buenas pr\u00e1cticas vinculadas a mitigar los impactos anteriormente mencionados van de la mano con lo planteado por el BID en el Marco de Pol\u00edtica Ambiental y Social (MPAS), las Normas de Desempe\u00f1o y la Pol\u00edtica Operativa de Medio Ambiente y Cumplimiento de Salvaguardias y Lineamientos (OP-703). Asimismo, se recalc\u00f3 tanto el Marco Ambiental y Social (MAS) establecido por el Banco Mundial como la Evaluaci\u00f3n de Gesti\u00f3n de Riesgos e Impactos Ambientales y Sociales.<\/p>\n<p>Al finalizar el taller se gener\u00f3 un espacio de di\u00e1logo y se proyect\u00f3 el trabajo de fiscalizaci\u00f3n y cumplimiento a partir de las necesidades regionales, instancia en la que <strong>Pedro Joaqu\u00edn Guti\u00e9rrez<\/strong>, Director General de Planeaci\u00f3n y Promoci\u00f3n de Auditor\u00edas de la PROFEPA, procedi\u00f3 a clausurar el evento, indicando que no existen recursos humanos suficientes para vigilar completamente las fronteras por lo que deben buscarse alternativas. Una de ella consiste en involucrar a la poblaci\u00f3n en la vigilancia de los recursos naturales; para ello, la PROFEPA desarroll\u00f3 los Comit\u00e9s de Vigilancia Ambiental Participativa. Otra alternativa es la oportuna cooperaci\u00f3n entre los pa\u00edses fronterizos y de la regi\u00f3n. La tercera alternativa propuesta fue el cabal cumplimiento de los convenios internacionales, particularmente la Convenci\u00f3n Americana de Derechos Humanos y, m\u00e1s recientemente, el Acuerdo de Escaz\u00fa.<\/p>\n","protected":false},"excerpt":{"rendered":"<p>En la instancia se abord\u00f3 la definici\u00f3n de impacto transfronterizo, la normativa de la regi\u00f3n, casos de contaminaci\u00f3n actividades extractivas y los acuerdos y tratados de cooperaci\u00f3n, entre otras tem\u00e1ticas. Esta actividad es la tercera y \u00faltima de una serie de talleres ambientales y sociales que est\u00e1 desplegando el BID, a trav\u00e9s de la Consultora Social <a href=\"https:\/\/portal.sma.gob.cl\/index.php\/profepa-y-el-bid-realizan-taller-impactos-ambientales-transfronterizos-y-consecuencias-sociales\/\">Leer m\u00e1s<\/a><\/p>\n","protected":false},"author":8,"featured_media":29305,"comment_status":"open","ping_status":"open","sticky":false,"template":"","format":"standard","meta":{"footnotes":""},"categories":[90,225],"tags":[],"class_list":["post-29301","post","type-post","status-publish","format-standard","has-post-thumbnail","hentry","category-comunicados-noticias","category-macrozona-centro"],"_links":{"self":[{"href":"https:\/\/portal.sma.gob.cl\/index.php\/wp-json\/wp\/v2\/posts\/29301","targetHints":{"allow":["GET"]}}],"collection":[{"href":"https:\/\/portal.sma.gob.cl\/index.php\/wp-json\/wp\/v2\/posts"}],"about":[{"href":"https:\/\/portal.sma.gob.cl\/index.php\/wp-json\/wp\/v2\/types\/post"}],"author":[{"embeddable":true,"href":"https:\/\/portal.sma.gob.cl\/index.php\/wp-json\/wp\/v2\/users\/8"}],"replies":[{"embeddable":true,"href":"https:\/\/portal.sma.gob.cl\/index.php\/wp-json\/wp\/v2\/comments?post=29301"}],"version-history":[{"count":1,"href":"https:\/\/portal.sma.gob.cl\/index.php\/wp-json\/wp\/v2\/posts\/29301\/revisions"}],"predecessor-version":[{"id":29302,"href":"https:\/\/portal.sma.gob.cl\/index.php\/wp-json\/wp\/v2\/posts\/29301\/revisions\/29302"}],"wp:featuredmedia":[{"embeddable":true,"href":"https:\/\/portal.sma.gob.cl\/index.php\/wp-json\/wp\/v2\/media\/29305"}],"wp:attachment":[{"href":"https:\/\/portal.sma.gob.cl\/index.php\/wp-json\/wp\/v2\/media?parent=29301"}],"wp:term":[{"taxonomy":"category","embeddable":true,"href":"https:\/\/portal.sma.gob.cl\/index.php\/wp-json\/wp\/v2\/categories?post=29301"},{"taxonomy":"post_tag","embeddable":true,"href":"https:\/\/portal.sma.gob.cl\/index.php\/wp-json\/wp\/v2\/tags?post=29301"}],"curies":[{"name":"wp","href":"https:\/\/api.w.org\/{rel}","templated":true}]}}