{"id":29580,"date":"2023-11-30T11:24:09","date_gmt":"2023-11-30T14:24:09","guid":{"rendered":"https:\/\/portal.sma.gob.cl\/?p=29580"},"modified":"2024-10-16T12:59:10","modified_gmt":"2024-10-16T15:59:10","slug":"chile-lidera-nueva-reunion-anual-de-la-red-latinoamericana-de-fiscalizacion-y-cumplimiento-ambiental","status":"publish","type":"post","link":"https:\/\/portal.sma.gob.cl\/index.php\/chile-lidera-nueva-reunion-anual-de-la-red-latinoamericana-de-fiscalizacion-y-cumplimiento-ambiental\/","title":{"rendered":"Chile lidera nueva reuni\u00f3n anual de la Red Latinoamericana de Fiscalizaci\u00f3n y Cumplimiento Ambiental"},"content":{"rendered":"<ul>\n<li><strong> La actividad reuni\u00f3 a gran parte de los pa\u00edses miembros de la red que tiene como objetivo establecer una coordinaci\u00f3n regional en materia de fiscalizaci\u00f3n y cumplimiento ambiental.<\/strong><\/li>\n<li><strong> El encuentro se dio en el marco de los Di\u00e1logos Regionales organizados por el Banco Interamericano del Desarrollo en Ciudad de M\u00e9xico.<\/strong><\/li>\n<\/ul>\n<p><strong>Ciudad de M\u00e9xico, 30 de noviembre de 2023.- <\/strong>Este mi\u00e9rcoles se llev\u00f3 a cabo en Ciudad de M\u00e9xico una nueva reuni\u00f3n anual de la Red Latinoamericana de Fiscalizaci\u00f3n y Cumplimiento Ambiental (Redlafica), instancia que re\u00fane a 16 pa\u00edses de Am\u00e9rica Latina y el Caribe, con el fin de establecer una coordinaci\u00f3n regional para avanzar en el objetivo de proteger el medioambiente.<\/p>\n<p>El encuentro fue liderado por Chile -que posee la Presidencia pro tempore de la red hasta el a\u00f1o 2025- en el marco del X Di\u00e1logo Regional de Pol\u00edtica sobre Licenciamiento y Fiscalizaci\u00f3n Ambiental y Social en Am\u00e9rica Latina y El Caribe, organizado por el Banco Interamericano de Desarrollo (BID), en colaboraci\u00f3n con Procuradur\u00eda Federal de Protecci\u00f3n al Ambiente, de M\u00e9xico.<\/p>\n<p>Durante la reuni\u00f3n, la Superintendenta Marie Claude Plumer dio a conocer a los representantes de los pa\u00edses las l\u00edneas de acci\u00f3n para el pr\u00f3ximo a\u00f1o, present\u00f3 las principales tem\u00e1ticas que se abordar\u00e1n y propuso el establecimiento de subgrupos de trabajo para mejorar la coordinaci\u00f3n. As\u00ed, se defini\u00f3 que tanto Chile, como Per\u00fa, M\u00e9xico y Colombia cumplir\u00e1n el rol de empujar definiciones y dirigir las discusiones.<\/p>\n<p>En este contexto, la Superintendenta destac\u00f3 que <em>\u201cesta red, que tiene varios a\u00f1os de funcionamiento, ha demostrado que la \u00fanica manera de avanzar es la colaboraci\u00f3n. La colaboraci\u00f3n es el trabajo con sinergia, el intercambio de experiencias y el di\u00e1logo permanente. Eso es algo muy importante en pa\u00edses como los nuestros\u201d<\/em>.<\/p>\n<p>Adem\u00e1s, se\u00f1al\u00f3 que <em>\u201cen las distintas conversaciones que he participado este a\u00f1o, he confirmado que los principales temas en materia de fiscalizaci\u00f3n ambiental son bastante parecidos en los distintos pa\u00edses. En particular, todo lo que implica el cumplimiento del Acuerdo de Escaz\u00fa, la crisis clim\u00e1tica, de p\u00e9rdida de biodiversidad y de contaminaci\u00f3n, y otros desaf\u00edos. Estos son temas transversales a los pa\u00edses. Tenemos similitudes muy grandes, por lo que este trabajo ha sido muy enriquecedor\u201d<\/em>.<\/p>\n<p>Durante la reuni\u00f3n se revisaron, tambi\u00e9n, los objetivos definidos en el Plan Estrat\u00e9gico de la Red comprometido para el periodo 2023-2025, los que est\u00e1n orientados a contribuir a la mejora de la calidad ambiental de la regi\u00f3n en componentes priorizados, promover una cultura de cumplimiento ambiental a trav\u00e9s de una fiscalizaci\u00f3n eficiente y efectiva y asegurar la articulaci\u00f3n y sostenibilidad de la red.<\/p>\n<p>Es importante destacar que Redlafica es una organizaci\u00f3n integrada por instituciones p\u00fablicas que ejercen funciones de car\u00e1cter ambiental en los pa\u00edses de Argentina, Brasil, Bolivia, Colombia, Costa Rica, Chile, Ecuador, El Salvador, Guatemala, Honduras, M\u00e9xico, Panam\u00e1, Paraguay, Per\u00fa, Rep\u00fablica Dominicana y Uruguay.<\/p>\n<p><strong>X Di\u00e1logos Regionales<\/strong><\/p>\n<p>Entre el 28 y el 30 de noviembre se realizaron las jornadas del X Di\u00e1logo Regional de Pol\u00edtica sobre Licenciamiento y Fiscalizaci\u00f3n Ambiental y Social en Am\u00e9rica Latina y El Caribe, en Ciudad de M\u00e9xico, organizadas por el BID.<\/p>\n<p>La actividad cont\u00f3 con la participaci\u00f3n de la ministra del Medio Ambiente de M\u00e9xico, Mar\u00eda Luisa Albores; de la Procuradora Federal de Protecci\u00f3n al Ambiente de M\u00e9xico, Blanca Mendoza; de la Directora del Servicio de Evaluaci\u00f3n Ambiental (SEA) de Chile, Valentina Dur\u00e1n; de la secretar\u00eda para el Acuerdo de Escaz\u00fa de la Cepal, Andrea Sanhueza; y de la asesora de la Agencia de Protecci\u00f3n Ambiental de Estados Unidos, Amy Porter, entre otros.<\/p>\n<p>En este encuentro -donde adem\u00e1s particip\u00f3 por primera vez la Red Latinoamericana de Sistemas de Evaluaci\u00f3n de Impacto Ambiental (Redlaseia)- se dieron a conocer los objetivos del encuentro orientados a conocer las buenas pr\u00e1cticas internacionales aplicables a los procesos de licenciamiento y fiscalizaci\u00f3n ambiental y social; se discutieron las oportunidades y desaf\u00edos de temas clave que afrontan de manera com\u00fan las diversas instituciones; y se realiz\u00f3 un intercambio de experiencias exitosas.<\/p>\n<p>Los temas fueron discutidos en cuatro paneles en los que participaron representantes de los Estados de los pa\u00edses miembros.<\/p>\n<p>Por otra parte, se dio a conocer que Chile durante el 2024 tambi\u00e9n contar\u00e1 con la Presidencia de Redlaseia.<\/p>\n<p>Juan Mart\u00ednez, Especialista Social L\u00edder, Unidad de Soluciones Ambientales y Sociales del BID valor\u00f3 el encuentro y destac\u00f3 que <em>\u201cEs un evento muy interesante porque logramos tener la participaci\u00f3n de m\u00e1s de 20 pa\u00edses, de cuatro diferentes subregiones en Am\u00e9rica Latina, incluyendo el Caribe. Y bueno, siempre los objetivos de este di\u00e1logo regional es justamente lograr que los diferentes participantes, miembros de las diferentes redes, Redlafica y Redlaseia, puedan tener intercambios de experiencias en tem\u00e1ticas espec\u00edficas\u201d<\/em>.<\/p>\n<p>Para m\u00e1s informaci\u00f3n de la agenda del X Di\u00e1logo Regional de Pol\u00edtica sobre Licenciamiento y Fiscalizaci\u00f3n Ambiental y Social en Am\u00e9rica Latina y El Caribe, ingresar al siguiente <a href=\"http:\/\/www.redlafica.org\/index.php\/actividad\/dialogo-regional-de-politica-mexico-2023\">link<\/a><\/p>\n","protected":false},"excerpt":{"rendered":"<p>La actividad reuni\u00f3 a gran parte de los pa\u00edses miembros de la red que tiene como objetivo establecer una coordinaci\u00f3n regional en materia de fiscalizaci\u00f3n y cumplimiento ambiental. El encuentro se dio en el marco de los Di\u00e1logos Regionales organizados por el Banco Interamericano del Desarrollo en Ciudad de M\u00e9xico. Ciudad de M\u00e9xico, 30 de noviembre <a href=\"https:\/\/portal.sma.gob.cl\/index.php\/chile-lidera-nueva-reunion-anual-de-la-red-latinoamericana-de-fiscalizacion-y-cumplimiento-ambiental\/\">Leer m\u00e1s<\/a><\/p>\n","protected":false},"author":8,"featured_media":29571,"comment_status":"open","ping_status":"open","sticky":false,"template":"","format":"standard","meta":{"footnotes":""},"categories":[90,107,225],"tags":[],"class_list":["post-29580","post","type-post","status-publish","format-standard","has-post-thumbnail","hentry","category-comunicados-noticias","category-destacado","category-macrozona-centro"],"_links":{"self":[{"href":"https:\/\/portal.sma.gob.cl\/index.php\/wp-json\/wp\/v2\/posts\/29580","targetHints":{"allow":["GET"]}}],"collection":[{"href":"https:\/\/portal.sma.gob.cl\/index.php\/wp-json\/wp\/v2\/posts"}],"about":[{"href":"https:\/\/portal.sma.gob.cl\/index.php\/wp-json\/wp\/v2\/types\/post"}],"author":[{"embeddable":true,"href":"https:\/\/portal.sma.gob.cl\/index.php\/wp-json\/wp\/v2\/users\/8"}],"replies":[{"embeddable":true,"href":"https:\/\/portal.sma.gob.cl\/index.php\/wp-json\/wp\/v2\/comments?post=29580"}],"version-history":[{"count":4,"href":"https:\/\/portal.sma.gob.cl\/index.php\/wp-json\/wp\/v2\/posts\/29580\/revisions"}],"predecessor-version":[{"id":33310,"href":"https:\/\/portal.sma.gob.cl\/index.php\/wp-json\/wp\/v2\/posts\/29580\/revisions\/33310"}],"wp:featuredmedia":[{"embeddable":true,"href":"https:\/\/portal.sma.gob.cl\/index.php\/wp-json\/wp\/v2\/media\/29571"}],"wp:attachment":[{"href":"https:\/\/portal.sma.gob.cl\/index.php\/wp-json\/wp\/v2\/media?parent=29580"}],"wp:term":[{"taxonomy":"category","embeddable":true,"href":"https:\/\/portal.sma.gob.cl\/index.php\/wp-json\/wp\/v2\/categories?post=29580"},{"taxonomy":"post_tag","embeddable":true,"href":"https:\/\/portal.sma.gob.cl\/index.php\/wp-json\/wp\/v2\/tags?post=29580"}],"curies":[{"name":"wp","href":"https:\/\/api.w.org\/{rel}","templated":true}]}}