{"id":29680,"date":"2023-12-01T16:39:15","date_gmt":"2023-12-01T19:39:15","guid":{"rendered":"https:\/\/portal.sma.gob.cl\/?p=29680"},"modified":"2023-12-01T16:39:15","modified_gmt":"2023-12-01T19:39:15","slug":"maule-sma-dicta-medidas-provisionales-a-planta-de-procesamiento-de-aridos-tricam","status":"publish","type":"post","link":"https:\/\/portal.sma.gob.cl\/index.php\/maule-sma-dicta-medidas-provisionales-a-planta-de-procesamiento-de-aridos-tricam\/","title":{"rendered":"Maule: SMA dicta medidas provisionales a Planta de Procesamiento de \u00c1ridos Tricam"},"content":{"rendered":"<ul>\n<li><strong>Tras denuncias ciudadanas que dieron origen a una inspecci\u00f3n de la Superintendencia del Medio Ambiente, que constat\u00f3 la superaci\u00f3n entre 11 y 15 decibeles sobre lo permitido por la norma de emisi\u00f3n de ruido para esta zona del pa\u00eds.<\/strong><\/li>\n<\/ul>\n<p><strong>Parral, Regi\u00f3n del Maule, 01 de diciembre de 2023.<\/strong>\u00a0La Superintendencia del Medio Ambiente ha dictado medidas provisionales contra la Constructora TRICAM Limitada, titular de la planta de procesamiento de \u00e1ridos Tricam Sector R\u00edo Longav\u00ed, ubicada a unos 420 metros al noreste del km 26 de la ruta L751, comuna de Parral, regi\u00f3n del Maule. Lo anterior, tras constatar superaciones de los niveles de presi\u00f3n sonora en zona rural, conforme a los l\u00edmites establecidos en el Decreto Supremo N\u00b038, de 2011, del Ministerio del Medio Ambiente, durante las faenas de procesamiento de \u00e1ridos por parte de la constructora.<\/p>\n<p>Al respecto, Mariela Valenzuela, jefa de la Oficina Regional SMA del Maule relev\u00f3 que \u201cEstas medidas se dictan luego de constantes denuncias ciudadanas por ruidos que tienen como origen el procesamiento de \u00e1ridos por parte de esta empresa, lo que dio origen a una actividad de fiscalizaci\u00f3n donde, tras la medici\u00f3n de los decibeles respectivos, se pudo constatar superaciones significativas de niveles de presi\u00f3n sonora por parte de este titular\u201d.<\/p>\n<p>En total, se le ordenan a la empresa la adopci\u00f3n de 4 medidas provisionales pre-procedimentales en un plazo de 15 d\u00edas h\u00e1biles, a contar de la fecha de notificaci\u00f3n de la respectiva resoluci\u00f3n.<\/p>\n<p>La primera medida consiste en instalar, en todo el per\u00edmetro de la planta, (incluidos zona de acopio de material y de circulaci\u00f3n de maquinaria), pantallas ac\u00fasticas perimetrales. Las pantallas deber\u00e1n ser construidas con planchas OSB de 15 mm y tener una altura m\u00ednima de 4,8 metros, incluyendo adem\u00e1s cumbreras de 1 metro hacia el interior de las instalaciones. Las mismas deben tener un relleno de lana mineral, o similar, de 50 mm, con un forro que le brinde integridad al material (arpillera o malla Raschel) y deber\u00e1n ser instaladas, como m\u00ednimo, a 1,5 metros del cierre perimetral de la planta.<\/p>\n<p>Respecto de la segunda medida, el titular deber\u00e1 identificar los equipos y\/o maquinarias que se encuentren en la faena y que constituyan fuentes de ruido, tales como, chancador(es), harneros, correas transportadoras y grupos electr\u00f3genos, e instalar biombos ac\u00fasticos (fijos o m\u00f3viles), que resulten adecuados para mitigar el ruido que se genera con el procesamiento de material p\u00e9treo.<\/p>\n<p>La tercera medida proh\u00edbe el funcionamiento de aquellos equipos que sean fuentes de ruido, hasta que no se encuentren plenamente instalados los biombos ac\u00fasticos y las pantallas ac\u00fasticas perimetrales.<\/p>\n<p>Por \u00faltimo, y como cuarta medida, la empresa deber\u00e1 establecer un plan de coordinaci\u00f3n con la comunidad, en el que se acoten los d\u00edas y horarios en los que ser\u00e1n realizadas las tareas m\u00e1s ruidosas de la planta. Esta instrucci\u00f3n deber\u00e1 ser igualmente traspasada a los trabajadores de la planta, a fin de que sean debidamente observados los contenidos de dicho plan.<\/p>\n<p>Junto a estas medidas provisionales, la SMA tambi\u00e9n ha efectuado un <strong>requerimiento de informaci\u00f3n<\/strong> a la Constructora TRICAM Limitada para que, en un plazo no mayor a 20 d\u00edas h\u00e1biles contados desde el vencimiento de las medidas ordenadas, haga entrega de un informe de inspecci\u00f3n sobre la correcta implementaci\u00f3n de las medidas anteriormente se\u00f1aladas, que tambi\u00e9n considere la medici\u00f3n de los ruidos emitidos por la planta.<\/p>\n<p>Esta \u00faltima medici\u00f3n deber\u00e1 ser realizada por una Entidad T\u00e9cnica de Fiscalizaci\u00f3n Ambiental (ETFA), autorizada en los alcances correspondientes.<\/p>\n<p>Para m\u00e1s detalles de las medidas provisionales ingresar al ingresar al Sistema Nacional de Informaci\u00f3n de Fiscalizaci\u00f3n Ambiental (SNIFA): \u00a0<a href=\"https:\/\/snifa.sma.gob.cl\/MedidaProvisional\/Ficha\/449\">https:\/\/snifa.sma.gob.cl\/MedidaProvisional\/Ficha\/449<\/a><\/p>\n","protected":false},"excerpt":{"rendered":"<p>Tras denuncias ciudadanas que dieron origen a una inspecci\u00f3n de la Superintendencia del Medio Ambiente, que constat\u00f3 la superaci\u00f3n entre 11 y 15 decibeles sobre lo permitido por la norma de emisi\u00f3n de ruido para esta zona del pa\u00eds. Parral, Regi\u00f3n del Maule, 01 de diciembre de 2023.\u00a0La Superintendencia del Medio Ambiente ha dictado medidas provisionales <a href=\"https:\/\/portal.sma.gob.cl\/index.php\/maule-sma-dicta-medidas-provisionales-a-planta-de-procesamiento-de-aridos-tricam\/\">Leer m\u00e1s<\/a><\/p>\n","protected":false},"author":8,"featured_media":29677,"comment_status":"open","ping_status":"open","sticky":false,"template":"","format":"standard","meta":{"footnotes":""},"categories":[90,107,224],"tags":[],"class_list":["post-29680","post","type-post","status-publish","format-standard","has-post-thumbnail","hentry","category-comunicados-noticias","category-destacado","category-macrozona-norte"],"_links":{"self":[{"href":"https:\/\/portal.sma.gob.cl\/index.php\/wp-json\/wp\/v2\/posts\/29680","targetHints":{"allow":["GET"]}}],"collection":[{"href":"https:\/\/portal.sma.gob.cl\/index.php\/wp-json\/wp\/v2\/posts"}],"about":[{"href":"https:\/\/portal.sma.gob.cl\/index.php\/wp-json\/wp\/v2\/types\/post"}],"author":[{"embeddable":true,"href":"https:\/\/portal.sma.gob.cl\/index.php\/wp-json\/wp\/v2\/users\/8"}],"replies":[{"embeddable":true,"href":"https:\/\/portal.sma.gob.cl\/index.php\/wp-json\/wp\/v2\/comments?post=29680"}],"version-history":[{"count":2,"href":"https:\/\/portal.sma.gob.cl\/index.php\/wp-json\/wp\/v2\/posts\/29680\/revisions"}],"predecessor-version":[{"id":29682,"href":"https:\/\/portal.sma.gob.cl\/index.php\/wp-json\/wp\/v2\/posts\/29680\/revisions\/29682"}],"wp:featuredmedia":[{"embeddable":true,"href":"https:\/\/portal.sma.gob.cl\/index.php\/wp-json\/wp\/v2\/media\/29677"}],"wp:attachment":[{"href":"https:\/\/portal.sma.gob.cl\/index.php\/wp-json\/wp\/v2\/media?parent=29680"}],"wp:term":[{"taxonomy":"category","embeddable":true,"href":"https:\/\/portal.sma.gob.cl\/index.php\/wp-json\/wp\/v2\/categories?post=29680"},{"taxonomy":"post_tag","embeddable":true,"href":"https:\/\/portal.sma.gob.cl\/index.php\/wp-json\/wp\/v2\/tags?post=29680"}],"curies":[{"name":"wp","href":"https:\/\/api.w.org\/{rel}","templated":true}]}}