{"id":29688,"date":"2023-12-04T16:49:33","date_gmt":"2023-12-04T19:49:33","guid":{"rendered":"https:\/\/portal.sma.gob.cl\/?p=29688"},"modified":"2023-12-04T16:53:54","modified_gmt":"2023-12-04T19:53:54","slug":"superintendenta-plumer-visita-la-region-de-tarapaca-para-reunirse-con-autoridades-locales","status":"publish","type":"post","link":"https:\/\/portal.sma.gob.cl\/index.php\/superintendenta-plumer-visita-la-region-de-tarapaca-para-reunirse-con-autoridades-locales\/","title":{"rendered":"Superintendenta Plumer visita la Regi\u00f3n de Tarapac\u00e1 para reunirse con autoridades locales"},"content":{"rendered":"<ul>\n<li><strong><em>Se trata de la primera visita oficial de la jefa del Servicio a la Regi\u00f3n de Tarapac\u00e1 y tuvo como fin abordar distintas preocupaciones ambientales que afectan a este territorio del pa\u00eds.<\/em><\/strong><\/li>\n<\/ul>\n<p><strong>Iquique, Regi\u00f3n de Tarapac\u00e1, 4 de diciembre de 2023.-<\/strong>\u00a0La Superintendenta del Medio Ambiente, <strong>Marie Claude Plumer<\/strong>, se traslad\u00f3 hoy a la Regi\u00f3n de Tarapac\u00e1, en el marco de una visita oficial que tuvo por objetivo sostener reuniones con distintas autoridades locales. Se trata del primer viaje a la zona que realiza la jefa del Servicio tras asumir en el cargo.<\/p>\n<p>Durante el despliegue, y en compa\u00f1\u00eda del Jefe de la Oficina Regional de la SMA de Tarapac\u00e1, <strong>Jos\u00e9 Miguel Pedraza<\/strong>, la Superintendenta se reuni\u00f3 con el gobernador regional, <strong>Jos\u00e9 Miguel Carvajal<\/strong>; con el delegado presidencial, <strong>Daniel Quintero<\/strong>; la seremi del Medio Ambiente (s), <strong>Paula Gonz\u00e1lez<\/strong> y con la directora regional del SEA, <strong>Roxana Galleguillo<\/strong> con quienes abord\u00f3 los principales desaf\u00edos que tiene la zona en materia medioambiental y acerca del rol que tiene la institucionalidad compuesta por los tres organismos.<\/p>\n<p>Luego de finalizada la visita, la Superintendenta Plumer relev\u00f3 que <em>\u201cse ha tratado de un viaje muy productivo y que tuvo como objetivo abordar los principales problemas ambientales que afectan a la regi\u00f3n de Tarapac\u00e1. El trabajo directo con los territorios a lo largo del pa\u00eds es sumamente importante\u201d<\/em>.<\/p>\n<p>Adem\u00e1s, agreg\u00f3 que <em>\u201cconversar y establecer coordinaci\u00f3n con las autoridades locales es clave, as\u00ed como tambi\u00e9n que la autoridad central conozca de manera presencial, las preocupaciones y los avances de la gesti\u00f3n en materia ambiental que est\u00e1 desplegando la Superintendencia del Medio Ambiente\u201d<\/em>.<\/p>\n<p>Cabe indicar que la Regi\u00f3n de Tarapac\u00e1 cuenta con 477 Unidades Fiscalizables y 485 Resoluciones de Calificaci\u00f3n Ambiental.<\/p>\n","protected":false},"excerpt":{"rendered":"<p>Se trata de la primera visita oficial de la jefa del Servicio a la Regi\u00f3n de Tarapac\u00e1 y tuvo como fin abordar distintas preocupaciones ambientales que afectan a este territorio del pa\u00eds. Iquique, Regi\u00f3n de Tarapac\u00e1, 4 de diciembre de 2023.-\u00a0La Superintendenta del Medio Ambiente, Marie Claude Plumer, se traslad\u00f3 hoy a la Regi\u00f3n de Tarapac\u00e1, <a href=\"https:\/\/portal.sma.gob.cl\/index.php\/superintendenta-plumer-visita-la-region-de-tarapaca-para-reunirse-con-autoridades-locales\/\">Leer m\u00e1s<\/a><\/p>\n","protected":false},"author":8,"featured_media":29691,"comment_status":"open","ping_status":"open","sticky":false,"template":"","format":"standard","meta":{"footnotes":""},"categories":[90,107,224],"tags":[],"class_list":["post-29688","post","type-post","status-publish","format-standard","has-post-thumbnail","hentry","category-comunicados-noticias","category-destacado","category-macrozona-norte"],"_links":{"self":[{"href":"https:\/\/portal.sma.gob.cl\/index.php\/wp-json\/wp\/v2\/posts\/29688","targetHints":{"allow":["GET"]}}],"collection":[{"href":"https:\/\/portal.sma.gob.cl\/index.php\/wp-json\/wp\/v2\/posts"}],"about":[{"href":"https:\/\/portal.sma.gob.cl\/index.php\/wp-json\/wp\/v2\/types\/post"}],"author":[{"embeddable":true,"href":"https:\/\/portal.sma.gob.cl\/index.php\/wp-json\/wp\/v2\/users\/8"}],"replies":[{"embeddable":true,"href":"https:\/\/portal.sma.gob.cl\/index.php\/wp-json\/wp\/v2\/comments?post=29688"}],"version-history":[{"count":2,"href":"https:\/\/portal.sma.gob.cl\/index.php\/wp-json\/wp\/v2\/posts\/29688\/revisions"}],"predecessor-version":[{"id":29690,"href":"https:\/\/portal.sma.gob.cl\/index.php\/wp-json\/wp\/v2\/posts\/29688\/revisions\/29690"}],"wp:featuredmedia":[{"embeddable":true,"href":"https:\/\/portal.sma.gob.cl\/index.php\/wp-json\/wp\/v2\/media\/29691"}],"wp:attachment":[{"href":"https:\/\/portal.sma.gob.cl\/index.php\/wp-json\/wp\/v2\/media?parent=29688"}],"wp:term":[{"taxonomy":"category","embeddable":true,"href":"https:\/\/portal.sma.gob.cl\/index.php\/wp-json\/wp\/v2\/categories?post=29688"},{"taxonomy":"post_tag","embeddable":true,"href":"https:\/\/portal.sma.gob.cl\/index.php\/wp-json\/wp\/v2\/tags?post=29688"}],"curies":[{"name":"wp","href":"https:\/\/api.w.org\/{rel}","templated":true}]}}