{"id":29702,"date":"2023-12-06T16:19:06","date_gmt":"2023-12-06T19:19:06","guid":{"rendered":"https:\/\/portal.sma.gob.cl\/?p=29702"},"modified":"2023-12-06T17:56:38","modified_gmt":"2023-12-06T20:56:38","slug":"superintendenta-plumer-visita-la-region-de-arica-y-parinacota-para-reunirse-con-autoridades-locales","status":"publish","type":"post","link":"https:\/\/portal.sma.gob.cl\/index.php\/superintendenta-plumer-visita-la-region-de-arica-y-parinacota-para-reunirse-con-autoridades-locales\/","title":{"rendered":"Superintendenta Plumer visita la Regi\u00f3n de Arica y Parinacota para reunirse con autoridades locales"},"content":{"rendered":"<ul>\n<li><strong><em>Se trata de la primera visita oficial de la jefa del Servicio a la regi\u00f3n del norte extremo del pa\u00eds y tuvo como fin abordar distintas preocupaciones ambientales que afectan a este territorio.<\/em><\/strong><\/li>\n<\/ul>\n<p><strong>Arica, Regi\u00f3n de Arica y Parinacota, 6 de diciembre de 2023.-<\/strong>\u00a0La Superintendenta del Medio Ambiente, <strong>Marie Claude Plumer<\/strong>, se traslad\u00f3 hoy a Arica, en el marco de una visita oficial que tuvo por objetivo sostener reuniones con distintas autoridades locales. Se trata del primer viaje a la zona que realiza la jefa del Servicio tras asumir en el cargo.<\/p>\n<p>Durante el despliegue, y en compa\u00f1\u00eda de la Jefa de la Oficina Regional de la SMA de Arica y Parinacota, <strong>Tania Gonz\u00e1lez<\/strong>, la Superintendenta se reuni\u00f3 a primera hora con las autoridades regionales de la institucionalidad ambiental: el seremi del Medio Ambiente, <strong>Diego Arellano<\/strong> y con el director regional del SEA, <strong>Mauricio Guti\u00e9rrez<\/strong>. M\u00e1s tarde sostuvo reuniones con el gobernador regional, <strong>Jorge D\u00edaz<\/strong> y con el delegado presidencial, <strong>Ricardo Sanzana.<\/strong> En todas estas reuniones se abordaron los principales desaf\u00edos que tiene la regi\u00f3n del norte extremo del pa\u00eds en materia medioambiental y acerca del rol que tiene la institucionalidad ambiental compuesta por los tres organismos.<\/p>\n<p>Luego de finalizada la visita, la Superintendenta Plumer relev\u00f3 que <em>\u201cse ha tratado de un viaje muy productivo y que tuvo como objetivo abordar los principales problemas ambientales que afectan a la regi\u00f3n de Arica y Parinacota. El trabajo directo con los territorios a lo largo del pa\u00eds es sumamente importante\u201d<\/em>.<\/p>\n<p>Adem\u00e1s, agreg\u00f3 que <em>\u201cconversar y establecer coordinaci\u00f3n con las autoridades locales es clave, as\u00ed como tambi\u00e9n que la autoridad central conozca de manera presencial, las preocupaciones y los avances de la gesti\u00f3n en materia ambiental que est\u00e1 desplegando la Superintendencia del Medio Ambiente\u201d<\/em>.<\/p>\n<p>Cabe indicar que la Regi\u00f3n de Arica y Parinacota cuenta con 263 Unidades Fiscalizables y 262 Resoluciones de Calificaci\u00f3n Ambiental (RCA).<\/p>\n","protected":false},"excerpt":{"rendered":"<p>Se trata de la primera visita oficial de la jefa del Servicio a la regi\u00f3n del norte extremo del pa\u00eds y tuvo como fin abordar distintas preocupaciones ambientales que afectan a este territorio. Arica, Regi\u00f3n de Arica y Parinacota, 6 de diciembre de 2023.-\u00a0La Superintendenta del Medio Ambiente, Marie Claude Plumer, se traslad\u00f3 hoy a Arica, <a href=\"https:\/\/portal.sma.gob.cl\/index.php\/superintendenta-plumer-visita-la-region-de-arica-y-parinacota-para-reunirse-con-autoridades-locales\/\">Leer m\u00e1s<\/a><\/p>\n","protected":false},"author":8,"featured_media":29710,"comment_status":"open","ping_status":"open","sticky":false,"template":"","format":"standard","meta":{"footnotes":""},"categories":[90,107,224],"tags":[],"class_list":["post-29702","post","type-post","status-publish","format-standard","has-post-thumbnail","hentry","category-comunicados-noticias","category-destacado","category-macrozona-norte"],"_links":{"self":[{"href":"https:\/\/portal.sma.gob.cl\/index.php\/wp-json\/wp\/v2\/posts\/29702","targetHints":{"allow":["GET"]}}],"collection":[{"href":"https:\/\/portal.sma.gob.cl\/index.php\/wp-json\/wp\/v2\/posts"}],"about":[{"href":"https:\/\/portal.sma.gob.cl\/index.php\/wp-json\/wp\/v2\/types\/post"}],"author":[{"embeddable":true,"href":"https:\/\/portal.sma.gob.cl\/index.php\/wp-json\/wp\/v2\/users\/8"}],"replies":[{"embeddable":true,"href":"https:\/\/portal.sma.gob.cl\/index.php\/wp-json\/wp\/v2\/comments?post=29702"}],"version-history":[{"count":1,"href":"https:\/\/portal.sma.gob.cl\/index.php\/wp-json\/wp\/v2\/posts\/29702\/revisions"}],"predecessor-version":[{"id":29703,"href":"https:\/\/portal.sma.gob.cl\/index.php\/wp-json\/wp\/v2\/posts\/29702\/revisions\/29703"}],"wp:featuredmedia":[{"embeddable":true,"href":"https:\/\/portal.sma.gob.cl\/index.php\/wp-json\/wp\/v2\/media\/29710"}],"wp:attachment":[{"href":"https:\/\/portal.sma.gob.cl\/index.php\/wp-json\/wp\/v2\/media?parent=29702"}],"wp:term":[{"taxonomy":"category","embeddable":true,"href":"https:\/\/portal.sma.gob.cl\/index.php\/wp-json\/wp\/v2\/categories?post=29702"},{"taxonomy":"post_tag","embeddable":true,"href":"https:\/\/portal.sma.gob.cl\/index.php\/wp-json\/wp\/v2\/tags?post=29702"}],"curies":[{"name":"wp","href":"https:\/\/api.w.org\/{rel}","templated":true}]}}