{"id":29729,"date":"2023-12-15T08:28:42","date_gmt":"2023-12-15T11:28:42","guid":{"rendered":"https:\/\/portal.sma.gob.cl\/?p=29729"},"modified":"2023-12-15T08:28:42","modified_gmt":"2023-12-15T11:28:42","slug":"aysen-sma-formula-4-cargos-graves-contra-la-empresa-sociedad-minera-pacifico-del-sur-spa-titular-de-la-minera-el-toqui","status":"publish","type":"post","link":"https:\/\/portal.sma.gob.cl\/index.php\/aysen-sma-formula-4-cargos-graves-contra-la-empresa-sociedad-minera-pacifico-del-sur-spa-titular-de-la-minera-el-toqui\/","title":{"rendered":"Ays\u00e9n: SMA formula 4 cargos graves contra la empresa Sociedad Minera Pac\u00edfico del Sur SpA titular de la minera El Toqui"},"content":{"rendered":"<ul>\n<li><strong><em>En fiscalizaciones realizadas en 2021, 2022 y este a\u00f1o se detectaron variados incumplimientos ambientales. <\/em><\/strong><\/li>\n<li><strong><em>El titular arriesga una multa de hasta 20 mil UTAs, equivalentes a m\u00e1s de $15.411 millones.<\/em><\/strong><\/li>\n<\/ul>\n<p><strong>Coyhaique, Regi\u00f3n de Ays\u00e9n, 15 de diciembre de 2023.<\/strong>\u00a0La Superintendencia del Medio Ambiente (SMA) procedi\u00f3 a formular cargos contra la empresa Sociedad Minera Pac\u00edfico del Sur SpA, titular del proyecto \u201cDep\u00f3sito de relaves filtrados do\u00f1a Rosa\u201d, calificado ambientalmente a trav\u00e9s de la resoluci\u00f3n de calificaci\u00f3n ambiental (RCA) N\u00b096\/2011, y que est\u00e1 asociado a la unidad fiscalizable Minera el Toqui, la cual, est\u00e1 localizada en el sector Villa Ma\u00f1ihuales, comuna de Coyhaique, Regi\u00f3n de Ays\u00e9n. El inicio de este procedimiento sancionatorio se sustenta luego de identificar diversos incumplimientos ambientales establecidos en su RCA.<\/p>\n<p>Cabe indicar que el proyecto consiste en la construcci\u00f3n y operaci\u00f3n de un dep\u00f3sito de relaves para la faena minera, los que se dispondr\u00e1n en forma de relaves filtrados. El dep\u00f3sito contar\u00e1 con un muro frontal de confinamiento que ser\u00e1 construido en base a material de relleno controlado y compactado. El dep\u00f3sito fue proyectado para almacenar del orden de 2.176.000 m3 de relaves filtrados, alcanzando al final de su vida \u00fatil una altura m\u00e1xima de 20 metros.<\/p>\n<p>Este caso tiene como origen una serie de inspecciones ambientales realizadas en abril y julio de 2021, agosto de 2022 y febrero de 2023 por fiscalizadores de la Oficina Regional de la SMA de Ays\u00e9n, en conjunto con fiscalizadores del SAG, la DGA y de la Seremi de Salud de Ays\u00e9n, donde se pudo constatar variados incumplimientos establecidos en las obligaciones ambientales del proyecto minero.<\/p>\n<p>En base a estos antecedentes, la Superintendencia del Medio Ambiente, a trav\u00e9s de la Divisi\u00f3n de Sanci\u00f3n y Cumplimiento (DSC) formul\u00f3 cuatro cargos contra el titular tras constatar como primera infracci\u00f3n que la empresa no realiz\u00f3 la limpieza de la Piscina de Sedimentaci\u00f3n, seg\u00fan las condiciones comprometidas en la evaluaci\u00f3n ambiental.<\/p>\n<p>La segunda infracci\u00f3n se sustenta porque el titular present\u00f3 una operaci\u00f3n deficiente del transporte y posterior disposici\u00f3n de los relaves del proyecto desde la Planta de Espesados hacia el Dep\u00f3sito de relaves Do\u00f1a Rosa.<\/p>\n<p>A lo anterior, se suma una tercera infracci\u00f3n debido que la compa\u00f1\u00eda no activ\u00f3 el Plan de Alerta Temprana, consistente en realizar el env\u00edo de aguas de contacto recolectadas por el Sistema de Drenaje Basal, hacia la Piscina de Sedimentaci\u00f3n, en las condiciones definidas en la evaluaci\u00f3n ambiental.<\/p>\n<p>Y, respecto a la cuarta infracci\u00f3n, esta se sustenta porque la minera realiz\u00f3 disposici\u00f3n de aguas de contacto y sedimentos de relave fuera de la cubeta del dep\u00f3sito Do\u00f1a Rosa, en un \u00e1rea no autorizada.<\/p>\n<p>Al respecto, el jefe regional de la SMA en Ays\u00e9n, Oscal Leal explic\u00f3 que <em>\u201cla formulaci\u00f3n de cargos contra la empresa se justifica porque en las tres inspecciones ambientales realizadas por fiscalizadores de esta oficina regional de la SMA, en conjunto con otros organismos sectoriales, detectamos una serie de incumplimientos ambientales y que no se ajustaban a lo establecido en la resoluci\u00f3n de calificaci\u00f3n ambiental otorgado a este proyecto minero\u201d.<\/em><\/p>\n<p>Por su parte, la Superintendenta del Medio Ambiente (s), Claudia Pastore agreg\u00f3 que <em>\u201ces importante recordar a los titulares de los proyectos que no basta con contar con un permiso ambiental. El cumplimiento de estos es un imperativo, es decir, las empresas deben cumplir con los compromisos que establecen para poder funcionar. Es parte de las reglas del juego\u201d.<\/em><\/p>\n<p>Cabe se\u00f1alar que, en el caso de las infracciones clasificadas como graves, el titular puede ser objeto de la revocaci\u00f3n de su RCA, clausura, o multa de hasta 5.000 UTA. En este sancionatorio, la empresa Sociedad Minera Pac\u00edfico del Sur SpA arriesga una multa de hasta 20 mil UTAs, equivalentes a m\u00e1s de $15.411 millones.<\/p>\n<p>La empresa tendr\u00e1 un plazo de 10 d\u00edas h\u00e1biles para presentar un Programa de Cumplimiento (PdC) y de 15 d\u00edas h\u00e1biles para formular sus descargos tras la notificaci\u00f3n del presente sancionatorio.<\/p>\n<p>*M\u00e1s informaci\u00f3n en el Sistema Nacional de Informaci\u00f3n de Fiscalizaci\u00f3n Ambiental (SNIFA): <a href=\"https:\/\/snifa.sma.gob.cl\/Sancionatorio\/Ficha\/3547\">https:\/\/snifa.sma.gob.cl\/Sancionatorio\/Ficha\/3547<\/a><\/p>\n","protected":false},"excerpt":{"rendered":"<p>En fiscalizaciones realizadas en 2021, 2022 y este a\u00f1o se detectaron variados incumplimientos ambientales. El titular arriesga una multa de hasta 20 mil UTAs, equivalentes a m\u00e1s de $15.411 millones. Coyhaique, Regi\u00f3n de Ays\u00e9n, 15 de diciembre de 2023.\u00a0La Superintendencia del Medio Ambiente (SMA) procedi\u00f3 a formular cargos contra la empresa Sociedad Minera Pac\u00edfico del Sur <a href=\"https:\/\/portal.sma.gob.cl\/index.php\/aysen-sma-formula-4-cargos-graves-contra-la-empresa-sociedad-minera-pacifico-del-sur-spa-titular-de-la-minera-el-toqui\/\">Leer m\u00e1s<\/a><\/p>\n","protected":false},"author":8,"featured_media":29731,"comment_status":"open","ping_status":"open","sticky":false,"template":"","format":"standard","meta":{"footnotes":""},"categories":[90,107,226],"tags":[],"class_list":["post-29729","post","type-post","status-publish","format-standard","has-post-thumbnail","hentry","category-comunicados-noticias","category-destacado","category-macrozona-sur"],"_links":{"self":[{"href":"https:\/\/portal.sma.gob.cl\/index.php\/wp-json\/wp\/v2\/posts\/29729","targetHints":{"allow":["GET"]}}],"collection":[{"href":"https:\/\/portal.sma.gob.cl\/index.php\/wp-json\/wp\/v2\/posts"}],"about":[{"href":"https:\/\/portal.sma.gob.cl\/index.php\/wp-json\/wp\/v2\/types\/post"}],"author":[{"embeddable":true,"href":"https:\/\/portal.sma.gob.cl\/index.php\/wp-json\/wp\/v2\/users\/8"}],"replies":[{"embeddable":true,"href":"https:\/\/portal.sma.gob.cl\/index.php\/wp-json\/wp\/v2\/comments?post=29729"}],"version-history":[{"count":1,"href":"https:\/\/portal.sma.gob.cl\/index.php\/wp-json\/wp\/v2\/posts\/29729\/revisions"}],"predecessor-version":[{"id":29730,"href":"https:\/\/portal.sma.gob.cl\/index.php\/wp-json\/wp\/v2\/posts\/29729\/revisions\/29730"}],"wp:featuredmedia":[{"embeddable":true,"href":"https:\/\/portal.sma.gob.cl\/index.php\/wp-json\/wp\/v2\/media\/29731"}],"wp:attachment":[{"href":"https:\/\/portal.sma.gob.cl\/index.php\/wp-json\/wp\/v2\/media?parent=29729"}],"wp:term":[{"taxonomy":"category","embeddable":true,"href":"https:\/\/portal.sma.gob.cl\/index.php\/wp-json\/wp\/v2\/categories?post=29729"},{"taxonomy":"post_tag","embeddable":true,"href":"https:\/\/portal.sma.gob.cl\/index.php\/wp-json\/wp\/v2\/tags?post=29729"}],"curies":[{"name":"wp","href":"https:\/\/api.w.org\/{rel}","templated":true}]}}