{"id":29747,"date":"2023-12-18T10:01:29","date_gmt":"2023-12-18T13:01:29","guid":{"rendered":"https:\/\/portal.sma.gob.cl\/?p=29747"},"modified":"2024-01-10T10:41:05","modified_gmt":"2024-01-10T13:41:05","slug":"region-de-aysen-superintendenta-s-visito-la-zona-para-reunirse-con-autoridades-locales","status":"publish","type":"post","link":"https:\/\/portal.sma.gob.cl\/index.php\/region-de-aysen-superintendenta-s-visito-la-zona-para-reunirse-con-autoridades-locales\/","title":{"rendered":"Regi\u00f3n de Ays\u00e9n: Superintendenta (s) visit\u00f3 la zona para reunirse con autoridades locales"},"content":{"rendered":"<ul>\n<li><em>El viaje se concret\u00f3 entre el 14 y 15 de diciembre, con el objetivo de revisar las prioridades y desaf\u00edos ambientales de la regi\u00f3n austral.\u00a0<\/em><\/li>\n<li><em>Como parte de las actividades, la Superintendenta (s) se reuni\u00f3 con el Delegado Presidencial Regional, el seremi (s) de Medio Ambiente, el director regional (s) del SEA y el director (s) de Sernapesca, ,entre otras autoridades.\u00a0<\/em><\/li>\n<\/ul>\n<p>&nbsp;<\/p>\n<p><strong>Coyhaique, 14 de diciembre de 2023.<\/strong> La Superintendenta (s) Claudia Pastore lleg\u00f3 hasta la Regi\u00f3n de Ays\u00e9n del General Carlos Ib\u00e1\u00f1ez del Campo, con el objetivo de reunirse con distintas autoridades locales y revisar de cerca los desaf\u00edos socioambientales de la zona.<\/p>\n<p>As\u00ed, como parte de la agenda y en compa\u00f1\u00eda del jefe de la Oficina Regional de la SMA de Ays\u00e9n, <strong>Oscar Leal<\/strong>, la tambi\u00e9n Jefa de la Divisi\u00f3n de Fiscalizaci\u00f3n lider\u00f3 el gabinete ambiental en la regi\u00f3n, en la que particip\u00f3 el seremi (s) de Medio Ambiente y seremi de Energ\u00eda, Carlos D\u00edaz, y el director regional (s) del Servicio de Evaluaci\u00f3n Ambiental, Juli\u00e1n C\u00e1rdenas. En la instancia se abordaron distintas materias de especial inter\u00e9s local como es el funcionamiento del Plan de Descontaminaci\u00f3n Atmosf\u00e9rica de Coyhaique, la industria acu\u00edcola y las parcelaciones.<\/p>\n<p>Posteriormente, Pastore se reuni\u00f3 con el Delegado Presidencial Regional, Rodrigo Araya, y con un representante del Servicio Agr\u00edcola Ganadero (SAG) con quien recorri\u00f3 distintos loteos cercanos a la capital regional.<\/p>\n<p>Adem\u00e1s,\u00a0la Superintendenta (s) sostuvo reuniones con el director (s) de Sernapesca, Jorge Padilla y con el gobernador Mar\u00edtimo (s) de Ays\u00e9n, Capit\u00e1n H\u00e9ctor Rojas. Con ambas autoridades se abord\u00f3 la importancia de la coordinaci\u00f3n y colaboraci\u00f3n intersectorial para la fiscalizaci\u00f3n de la salmonicultura.<\/p>\n<p>Luego de finalizada la visita, la Superintendenta (s) relev\u00f3 que <em>\u201cse ha tratado de un viaje muy productivo y que tuvo como objetivo abordar los principales problemas ambientales que afectan a la regi\u00f3n de Ays\u00e9n. C<\/em><em>onversar y establecer coordinaci\u00f3n con las autoridades locales es clave, as\u00ed como tambi\u00e9n que la autoridad central conozca de manera presencial, las preocupaciones y los avances de la gesti\u00f3n en materia ambiental que est\u00e1 desplegando la Superintendencia del Medio Ambiente\u201d<\/em>.<\/p>\n<p>Cabe indicar que la Regi\u00f3n de Ays\u00e9n cuenta con 1.747 Unidades Fiscalizables y 1.591 Resoluciones de Calificaci\u00f3n Ambiental (RCA).<\/p>\n","protected":false},"excerpt":{"rendered":"<p>El viaje se concret\u00f3 entre el 14 y 15 de diciembre, con el objetivo de revisar las prioridades y desaf\u00edos ambientales de la regi\u00f3n austral.\u00a0 Como parte de las actividades, la Superintendenta (s) se reuni\u00f3 con el Delegado Presidencial Regional, el seremi (s) de Medio Ambiente, el director regional (s) del SEA y el director (s) <a href=\"https:\/\/portal.sma.gob.cl\/index.php\/region-de-aysen-superintendenta-s-visito-la-zona-para-reunirse-con-autoridades-locales\/\">Leer m\u00e1s<\/a><\/p>\n","protected":false},"author":13,"featured_media":29748,"comment_status":"open","ping_status":"open","sticky":false,"template":"","format":"standard","meta":{"footnotes":""},"categories":[240,90,226],"tags":[],"class_list":["post-29747","post","type-post","status-publish","format-standard","has-post-thumbnail","hentry","category-aysen","category-comunicados-noticias","category-macrozona-sur"],"_links":{"self":[{"href":"https:\/\/portal.sma.gob.cl\/index.php\/wp-json\/wp\/v2\/posts\/29747","targetHints":{"allow":["GET"]}}],"collection":[{"href":"https:\/\/portal.sma.gob.cl\/index.php\/wp-json\/wp\/v2\/posts"}],"about":[{"href":"https:\/\/portal.sma.gob.cl\/index.php\/wp-json\/wp\/v2\/types\/post"}],"author":[{"embeddable":true,"href":"https:\/\/portal.sma.gob.cl\/index.php\/wp-json\/wp\/v2\/users\/13"}],"replies":[{"embeddable":true,"href":"https:\/\/portal.sma.gob.cl\/index.php\/wp-json\/wp\/v2\/comments?post=29747"}],"version-history":[{"count":1,"href":"https:\/\/portal.sma.gob.cl\/index.php\/wp-json\/wp\/v2\/posts\/29747\/revisions"}],"predecessor-version":[{"id":29752,"href":"https:\/\/portal.sma.gob.cl\/index.php\/wp-json\/wp\/v2\/posts\/29747\/revisions\/29752"}],"wp:featuredmedia":[{"embeddable":true,"href":"https:\/\/portal.sma.gob.cl\/index.php\/wp-json\/wp\/v2\/media\/29748"}],"wp:attachment":[{"href":"https:\/\/portal.sma.gob.cl\/index.php\/wp-json\/wp\/v2\/media?parent=29747"}],"wp:term":[{"taxonomy":"category","embeddable":true,"href":"https:\/\/portal.sma.gob.cl\/index.php\/wp-json\/wp\/v2\/categories?post=29747"},{"taxonomy":"post_tag","embeddable":true,"href":"https:\/\/portal.sma.gob.cl\/index.php\/wp-json\/wp\/v2\/tags?post=29747"}],"curies":[{"name":"wp","href":"https:\/\/api.w.org\/{rel}","templated":true}]}}