{"id":29898,"date":"2023-12-28T10:00:08","date_gmt":"2023-12-28T13:00:08","guid":{"rendered":"https:\/\/portal.sma.gob.cl\/?p=29898"},"modified":"2024-01-10T10:08:10","modified_gmt":"2024-01-10T13:08:10","slug":"comite-interinstitucional-de-contingencias-ambientales-realizo-la-ultima-sesion-de-2023","status":"publish","type":"post","link":"https:\/\/portal.sma.gob.cl\/index.php\/comite-interinstitucional-de-contingencias-ambientales-realizo-la-ultima-sesion-de-2023\/","title":{"rendered":"Comit\u00e9 Interinstitucional de Contingencias Ambientales realiz\u00f3 la \u00faltima sesi\u00f3n de 2023"},"content":{"rendered":"<p><strong>Valpara\u00edso, 27 de diciembre de 2023.<\/strong> Con el fin de evaluar el trabajo realizado en los \u00faltimos meses en lo referido a la planificaci\u00f3n de la respuesta ante posibles contingencias vinculadas con los efectos del evento de El Ni\u00f1o en las costas chilenas, se realiz\u00f3 la \u00faltima sesi\u00f3n de 2023 del Comit\u00e9 Interinstitucional de Contingencias Ambientales (CIICA).<\/p>\n<p>Esta instancia est\u00e1 compuesta por los Ministerios de Salud y Medio Ambiente, el Servicio Nacional de Pesca y Acuicultura (Sernapesca), la Direcci\u00f3n General del Territorio Mar\u00edtimo y de Marina Mercante (Directemar) de la Armada de Chile, la Subsecretar\u00eda de Pesca y Acuicultura, y la Superintendencia del Medio Ambiente, contando tambi\u00e9n con la participaci\u00f3n del Servicio Nacional de Prevenci\u00f3n y Respuesta ante Desastres (Senapred), y del Ministerio del Interior. En esta ocasi\u00f3n participaron adem\u00e1s los Seremis de Medio Ambiente de las regiones de Ays\u00e9n y Magallanes.<\/p>\n<p>Dentro de los temas analizados en la sesi\u00f3n, estuvo el cierre de la contingencia de mortalidad masiva de salmones por la presencia de la microalga thalassiosira pseudonana, que afect\u00f3 a las agrupaciones de concesiones de salm\u00f3nidos (ACS) 1 y 2 en el Estuario de Reloncav\u00ed, en la Regi\u00f3n de Los Lagos.<\/p>\n<p>Al mismo tiempo, se presentaron los resultados preliminares del simulacro de contingencia por mortalidad masiva que se realiz\u00f3 en las \u00e1reas Puerto Montt, Chilo\u00e9 Central y Ays\u00e9n. \u201cEste ejercicio permiti\u00f3 evaluar las capacidades de coordinaci\u00f3n y respuesta de los organismos pertinentes, frente a las contingencias ambientales que puedan ocurrir a ra\u00edz de un evento de floraci\u00f3n algal nociva (FAN), as\u00ed como tambi\u00e9n la estrategia comunicacional. Las conclusiones que se obtuvieron nos ayudan en la mejora continua de la respuesta, tanto de las instituciones p\u00fablicas como del sector privado, en lo referido a la definici\u00f3n de roles en las emergencias y las medidas inmediatas que se deben aplicar\u201d, expres\u00f3 Soledad Tapia Almonacid, Directora Nacional de Sernapesca.<\/p>\n<p>En tanto, la Superintendenta de Medio Ambiente, Marie Claude Plumer, sostuvo que, \u201ces importante destacar el trabajo que ha realizado el CIICA durante este a\u00f1o. Como Superintendencia valoramos esta instancia de colaboraci\u00f3n interinstitucional que ha permitido revisar, desde los distintos \u00e1mbitos de la administraci\u00f3n del Estado, la capacidad de coordinaci\u00f3n y respuesta ante eventuales contingencias ambientales relacionadas a posibles floraciones algales nocivas y lo que ello conlleva, como eventos de mortalidades masivas de salmones. Manifestaci\u00f3n de lo anterior es el simulacro realizado en noviembre, cuando fue posible detectar brechas de mejora asociadas a la gesti\u00f3n ante contingencias, las que ser\u00e1n abordadas a partir de 2024\u201d.<\/p>\n","protected":false},"excerpt":{"rendered":"<p>Valpara\u00edso, 27 de diciembre de 2023. Con el fin de evaluar el trabajo realizado en los \u00faltimos meses en lo referido a la planificaci\u00f3n de la respuesta ante posibles contingencias vinculadas con los efectos del evento de El Ni\u00f1o en las costas chilenas, se realiz\u00f3 la \u00faltima sesi\u00f3n de 2023 del Comit\u00e9 Interinstitucional de Contingencias Ambientales <a href=\"https:\/\/portal.sma.gob.cl\/index.php\/comite-interinstitucional-de-contingencias-ambientales-realizo-la-ultima-sesion-de-2023\/\">Leer m\u00e1s<\/a><\/p>\n","protected":false},"author":13,"featured_media":29899,"comment_status":"open","ping_status":"open","sticky":false,"template":"","format":"standard","meta":{"footnotes":""},"categories":[90,107,225,231],"tags":[],"class_list":["post-29898","post","type-post","status-publish","format-standard","has-post-thumbnail","hentry","category-comunicados-noticias","category-destacado","category-macrozona-centro","category-valparaiso"],"_links":{"self":[{"href":"https:\/\/portal.sma.gob.cl\/index.php\/wp-json\/wp\/v2\/posts\/29898","targetHints":{"allow":["GET"]}}],"collection":[{"href":"https:\/\/portal.sma.gob.cl\/index.php\/wp-json\/wp\/v2\/posts"}],"about":[{"href":"https:\/\/portal.sma.gob.cl\/index.php\/wp-json\/wp\/v2\/types\/post"}],"author":[{"embeddable":true,"href":"https:\/\/portal.sma.gob.cl\/index.php\/wp-json\/wp\/v2\/users\/13"}],"replies":[{"embeddable":true,"href":"https:\/\/portal.sma.gob.cl\/index.php\/wp-json\/wp\/v2\/comments?post=29898"}],"version-history":[{"count":5,"href":"https:\/\/portal.sma.gob.cl\/index.php\/wp-json\/wp\/v2\/posts\/29898\/revisions"}],"predecessor-version":[{"id":30041,"href":"https:\/\/portal.sma.gob.cl\/index.php\/wp-json\/wp\/v2\/posts\/29898\/revisions\/30041"}],"wp:featuredmedia":[{"embeddable":true,"href":"https:\/\/portal.sma.gob.cl\/index.php\/wp-json\/wp\/v2\/media\/29899"}],"wp:attachment":[{"href":"https:\/\/portal.sma.gob.cl\/index.php\/wp-json\/wp\/v2\/media?parent=29898"}],"wp:term":[{"taxonomy":"category","embeddable":true,"href":"https:\/\/portal.sma.gob.cl\/index.php\/wp-json\/wp\/v2\/categories?post=29898"},{"taxonomy":"post_tag","embeddable":true,"href":"https:\/\/portal.sma.gob.cl\/index.php\/wp-json\/wp\/v2\/tags?post=29898"}],"curies":[{"name":"wp","href":"https:\/\/api.w.org\/{rel}","templated":true}]}}