{"id":29946,"date":"2024-01-04T16:02:08","date_gmt":"2024-01-04T19:02:08","guid":{"rendered":"https:\/\/portal.sma.gob.cl\/?p=29946"},"modified":"2024-04-11T12:21:18","modified_gmt":"2024-04-11T16:21:18","slug":"sma-firma-convenio-de-colaboracion-con-superintendencia-de-servicios-sanitarios-para-reforzar-actividades-de-fiscalizacion","status":"publish","type":"post","link":"https:\/\/portal.sma.gob.cl\/index.php\/sma-firma-convenio-de-colaboracion-con-superintendencia-de-servicios-sanitarios-para-reforzar-actividades-de-fiscalizacion\/","title":{"rendered":"SMA firma convenio de colaboraci\u00f3n con Superintendencia de Servicios Sanitarios para reforzar actividades de fiscalizaci\u00f3n"},"content":{"rendered":"<div class=\"fusion-fullwidth fullwidth-box fusion-builder-row-1 fusion-flex-container has-pattern-background has-mask-background nonhundred-percent-fullwidth non-hundred-percent-height-scrolling\" style=\"--awb-border-radius-top-left:0px;--awb-border-radius-top-right:0px;--awb-border-radius-bottom-right:0px;--awb-border-radius-bottom-left:0px;--awb-flex-wrap:wrap;\" ><div class=\"fusion-builder-row fusion-row fusion-flex-align-items-flex-start fusion-flex-content-wrap\" style=\"max-width:1144px;margin-left: calc(-4% \/ 2 );margin-right: calc(-4% \/ 2 );\"><div class=\"fusion-layout-column fusion_builder_column fusion-builder-column-0 fusion_builder_column_1_1 1_1 fusion-flex-column\" style=\"--awb-bg-size:cover;--awb-width-large:100%;--awb-margin-top-large:0px;--awb-spacing-right-large:1.92%;--awb-margin-bottom-large:20px;--awb-spacing-left-large:1.92%;--awb-width-medium:100%;--awb-order-medium:0;--awb-spacing-right-medium:1.92%;--awb-spacing-left-medium:1.92%;--awb-width-small:100%;--awb-order-small:0;--awb-spacing-right-small:1.92%;--awb-spacing-left-small:1.92%;\"><div class=\"fusion-column-wrapper fusion-column-has-shadow fusion-flex-justify-content-flex-start fusion-content-layout-column\"><div class=\"fusion-text fusion-text-1\"><ul>\n<li><strong>El convenio consolidar\u00e1 la mesa t\u00e9cnica para llevar a cabo diagn\u00f3sticos de \u00e1mbitos espec\u00edficos de colaboraci\u00f3n entre los servicios, desde un car\u00e1cter preventivo como reactivo.<\/strong><\/li>\n<\/ul>\n<p><span data-contrast=\"auto\"><strong>Regi\u00f3n Metropolitana, 04 de enero de 2024.- <\/strong><\/span><span data-contrast=\"auto\">La Superintendencia del Medio Ambiente (SMA) y la Superintendencia de Servicios Sanitarios (SISS) suscribieron un convenio de colaboraci\u00f3n, que busca delimitar competencias de ambas instituciones p\u00fablicas.<\/span><span data-ccp-props=\"{\">\u00a0<\/span><\/p>\n<p><span data-contrast=\"auto\">El convenio, que fue firmado por la Superintendenta del Medio Ambiente, Marie Claude Plumer Bodin, y el Superintendente de Servicios Sanitarios, Jorge Rivas Chaparro, tiene como objetivo el intercambio de informaci\u00f3n relevante y lograr mayor eficiencia en actividades de fiscalizaciones de ambos organismos.<\/span><\/p>\n<p>Para esto, la SMA y la <span data-ccp-parastyle=\"Normal (Web)\">SISS<\/span> <span data-ccp-parastyle=\"Normal (Web)\">consolidar\u00e1n la mesa t\u00e9cnica<\/span><span data-ccp-parastyle=\"Normal (Web)\"> -que se reunir\u00e1 peri\u00f3dicamente- <\/span><span data-ccp-parastyle=\"Normal (Web)\">para <\/span><span data-ccp-parastyle=\"Normal (Web)\">realizar diagn\u00f3sticos de \u00e1mbitos espec\u00edficos de colaboraci\u00f3n entre los servicios, desde un car\u00e1cter preventivo como reactivo<\/span><span data-ccp-parastyle=\"Normal (Web)\"> ante situaciones que lo ameriten<\/span><span data-ccp-parastyle=\"Normal (Web)\">, como <\/span><span data-contrast=\"none\">gesti\u00f3n de aguas lluvia, lodos en materia de Plantas de Tratamiento de Agua Potable, coordinaci\u00f3n en materia de dictaci\u00f3n de Resoluciones de Monitoreo, entre otros.<\/span><span data-ccp-props=\"{\">\u00a0<\/span><\/p>\n<p>En ese contexto, el Superintendente de la SISS, Jorge Rivas, se\u00f1al\u00f3 que <span data-contrast=\"auto\">\u201cnos alegra mucho concretar la actualizaci\u00f3n y firma del protocolo intersectorial con la SMA, dado que nos permite confirmar las\u00a0competencias de cada instituci\u00f3n\u00a0en materia de fiscalizaci\u00f3n de residuos l\u00edquidos industriales (RILES) que se descargan al alcantarillado y en las Plantas de Tratamiento de Aguas Servidas (PTAS) de nuestro pa\u00eds. Sin duda este es un gran hito en el trabajo coordinado y de eficiencia frente al cuidado del medio ambiente a nivel nacional\u201d.<\/span><\/p>\n<p>La Superintendenta <span data-ccp-parastyle=\"Normal (Web)\">del Medio Ambiente, Marie Claude Plumer Bodin, <\/span><span data-ccp-parastyle=\"Normal (Web)\">agreg\u00f3 que <\/span><span data-ccp-parastyle=\"Normal (Web)\">\u201c<\/span><span data-ccp-parastyle=\"Normal (Web)\">este<\/span><span data-ccp-parastyle=\"Normal (Web)\"> convenio viene a fortalecer la coordinaci\u00f3n entre ambas Superintendencias, de tal manera de optimizar sus funciones y respuestas en las materias <\/span><span data-ccp-parastyle=\"Normal (Web)\">de inter\u00e9s com\u00fan<\/span><span data-ccp-parastyle=\"Normal (Web)\"> a trav\u00e9s de la mesa t\u00e9cnica\u201d.<\/span><span data-ccp-props=\"{\">\u00a0<\/span><\/p>\n<\/div><\/div><\/div><\/div><\/div>\n","protected":false},"excerpt":{"rendered":"","protected":false},"author":15,"featured_media":29953,"comment_status":"open","ping_status":"open","sticky":false,"template":"","format":"standard","meta":{"footnotes":""},"categories":[90,107,225,232],"tags":[],"class_list":["post-29946","post","type-post","status-publish","format-standard","has-post-thumbnail","hentry","category-comunicados-noticias","category-destacado","category-macrozona-centro","category-metropolitana"],"_links":{"self":[{"href":"https:\/\/portal.sma.gob.cl\/index.php\/wp-json\/wp\/v2\/posts\/29946","targetHints":{"allow":["GET"]}}],"collection":[{"href":"https:\/\/portal.sma.gob.cl\/index.php\/wp-json\/wp\/v2\/posts"}],"about":[{"href":"https:\/\/portal.sma.gob.cl\/index.php\/wp-json\/wp\/v2\/types\/post"}],"author":[{"embeddable":true,"href":"https:\/\/portal.sma.gob.cl\/index.php\/wp-json\/wp\/v2\/users\/15"}],"replies":[{"embeddable":true,"href":"https:\/\/portal.sma.gob.cl\/index.php\/wp-json\/wp\/v2\/comments?post=29946"}],"version-history":[{"count":13,"href":"https:\/\/portal.sma.gob.cl\/index.php\/wp-json\/wp\/v2\/posts\/29946\/revisions"}],"predecessor-version":[{"id":30043,"href":"https:\/\/portal.sma.gob.cl\/index.php\/wp-json\/wp\/v2\/posts\/29946\/revisions\/30043"}],"wp:featuredmedia":[{"embeddable":true,"href":"https:\/\/portal.sma.gob.cl\/index.php\/wp-json\/wp\/v2\/media\/29953"}],"wp:attachment":[{"href":"https:\/\/portal.sma.gob.cl\/index.php\/wp-json\/wp\/v2\/media?parent=29946"}],"wp:term":[{"taxonomy":"category","embeddable":true,"href":"https:\/\/portal.sma.gob.cl\/index.php\/wp-json\/wp\/v2\/categories?post=29946"},{"taxonomy":"post_tag","embeddable":true,"href":"https:\/\/portal.sma.gob.cl\/index.php\/wp-json\/wp\/v2\/tags?post=29946"}],"curies":[{"name":"wp","href":"https:\/\/api.w.org\/{rel}","templated":true}]}}