{"id":30073,"date":"2024-01-12T11:03:35","date_gmt":"2024-01-12T14:03:35","guid":{"rendered":"https:\/\/portal.sma.gob.cl\/?p=30073"},"modified":"2024-01-12T11:28:19","modified_gmt":"2024-01-12T14:28:19","slug":"olores-en-temporada-estival-sma-refuerza-a-titulares-adoptar-medidas-preventivas-frente-a-posible-incremento-de-olores-en-planteles-porcinos-por-altas-temperaturas","status":"publish","type":"post","link":"https:\/\/portal.sma.gob.cl\/index.php\/olores-en-temporada-estival-sma-refuerza-a-titulares-adoptar-medidas-preventivas-frente-a-posible-incremento-de-olores-en-planteles-porcinos-por-altas-temperaturas\/","title":{"rendered":"Olores en temporada estival: SMA refuerza a titulares adoptar medidas preventivas frente a posible incremento de olores en planteles porcinos por altas temperaturas"},"content":{"rendered":"<ul>\n<li><strong><em>En un oficio dirigido a las empresas, la Superintendencia del Medio Ambiente advirti\u00f3 que, ante el aumento de temperatura, el objetivo es que se implementen todas las medidas comprometidas, a fin de evitar y controlar posibles efectos generados por malos olores.<\/em><\/strong><\/li>\n<\/ul>\n<p><strong>Santiago, 12 de enero de 2024.-<\/strong> La Superintendencia del Medio Ambiente (SMA) envi\u00f3 un oficio a los titulares de planteles porcinos con Resoluci\u00f3n de Calificaci\u00f3n Ambiental (RCA), para recordar la exigencia de tomar medidas ante eventuales contingencias por malos olores, en el contexto de aumento de temperaturas durante la temporada estival 2023 &#8211; 2024.<\/p>\n<p>Seg\u00fan la Direcci\u00f3n Meteorol\u00f3gica de Chile, se ha proyectado una temperatura sobre lo normal para las regiones ubicadas en la zona sur del pa\u00eds, especialmente entre la Regi\u00f3n Metropolitana y La Araucan\u00eda. El aumento de temperaturas tiene una relaci\u00f3n directa con la tasa de evaporaci\u00f3n del pur\u00edn en los planteles de cerdos, generando que haya un aumento en los olores y vectores, pudiendo provocar consecuencias ambientales y de salud para la poblaci\u00f3n.<\/p>\n<p>Por esta raz\u00f3n y a modo preventivo, la SMA recomienda evitar el apozamiento de purines (fracci\u00f3n l\u00edquida) en zonas de riego; preferir horarios de riego con purines o efluentes tratados, as\u00ed como la disposici\u00f3n en suelos de fracci\u00f3n s\u00f3lida en horarios de baja radiaci\u00f3n solar.\u00a0Tambi\u00e9n aumentar la frecuencia de aplicaci\u00f3n de agentes de manejo de vectores para prevenir la proliferaci\u00f3n de larvas y reducir la superficie de contacto de material oloroso aumentando la frecuencia de retiro de estos.<\/p>\n<p>A trav\u00e9s de la Resoluci\u00f3n Ex. SMA N\u00b0885 de septiembre de 2016, la SMA estableci\u00f3 los deberes de la actualizaci\u00f3n de los Planes de Contingencias y Planes de Emergencias, mediante la plataforma Sistema RCA de la SMA (<a href=\"http:\/\/srca.sma.gob.cl\/\">http:\/\/srca.sma.gob.cl<\/a>), para los titulares con Resoluciones de Calificaci\u00f3n Ambiental (RCA).<\/p>\n<p>A su vez, frente a posibles contingencias relacionadas por malos olores, los titulares deben reforzar mecanismos de comunicaci\u00f3n y coordinaci\u00f3n internos para actuar de manera oportuna, adem\u00e1s de mantener actualizados los datos de la titularidad en los sistemas de la SMA.<\/p>\n<p>Cabe recordar que los titulares de Resoluciones de Calificaci\u00f3n Ambiental tienen un plazo de 24 horas para informar sobre un evento o contingencia, a trav\u00e9s de los reportes de avisos e incidentes en el Sistema de Seguimiento Ambiental de la SMA (<a href=\"http:\/\/ssa.sma.gob.cl\">http:\/\/ssa.sma.gob.cl<\/a>).<\/p>\n","protected":false},"excerpt":{"rendered":"<p>En un oficio dirigido a las empresas, la Superintendencia del Medio Ambiente advirti\u00f3 que, ante el aumento de temperatura, el objetivo es que se implementen todas las medidas comprometidas, a fin de evitar y controlar posibles efectos generados por malos olores. Santiago, 12 de enero de 2024.- La Superintendencia del Medio Ambiente (SMA) envi\u00f3 un oficio <a href=\"https:\/\/portal.sma.gob.cl\/index.php\/olores-en-temporada-estival-sma-refuerza-a-titulares-adoptar-medidas-preventivas-frente-a-posible-incremento-de-olores-en-planteles-porcinos-por-altas-temperaturas\/\">Leer m\u00e1s<\/a><\/p>\n","protected":false},"author":15,"featured_media":30075,"comment_status":"open","ping_status":"open","sticky":false,"template":"","format":"standard","meta":{"footnotes":""},"categories":[90,107,225],"tags":[],"class_list":["post-30073","post","type-post","status-publish","format-standard","has-post-thumbnail","hentry","category-comunicados-noticias","category-destacado","category-macrozona-centro"],"_links":{"self":[{"href":"https:\/\/portal.sma.gob.cl\/index.php\/wp-json\/wp\/v2\/posts\/30073","targetHints":{"allow":["GET"]}}],"collection":[{"href":"https:\/\/portal.sma.gob.cl\/index.php\/wp-json\/wp\/v2\/posts"}],"about":[{"href":"https:\/\/portal.sma.gob.cl\/index.php\/wp-json\/wp\/v2\/types\/post"}],"author":[{"embeddable":true,"href":"https:\/\/portal.sma.gob.cl\/index.php\/wp-json\/wp\/v2\/users\/15"}],"replies":[{"embeddable":true,"href":"https:\/\/portal.sma.gob.cl\/index.php\/wp-json\/wp\/v2\/comments?post=30073"}],"version-history":[{"count":4,"href":"https:\/\/portal.sma.gob.cl\/index.php\/wp-json\/wp\/v2\/posts\/30073\/revisions"}],"predecessor-version":[{"id":30078,"href":"https:\/\/portal.sma.gob.cl\/index.php\/wp-json\/wp\/v2\/posts\/30073\/revisions\/30078"}],"wp:featuredmedia":[{"embeddable":true,"href":"https:\/\/portal.sma.gob.cl\/index.php\/wp-json\/wp\/v2\/media\/30075"}],"wp:attachment":[{"href":"https:\/\/portal.sma.gob.cl\/index.php\/wp-json\/wp\/v2\/media?parent=30073"}],"wp:term":[{"taxonomy":"category","embeddable":true,"href":"https:\/\/portal.sma.gob.cl\/index.php\/wp-json\/wp\/v2\/categories?post=30073"},{"taxonomy":"post_tag","embeddable":true,"href":"https:\/\/portal.sma.gob.cl\/index.php\/wp-json\/wp\/v2\/tags?post=30073"}],"curies":[{"name":"wp","href":"https:\/\/api.w.org\/{rel}","templated":true}]}}