{"id":30102,"date":"2024-01-19T14:11:40","date_gmt":"2024-01-19T17:11:40","guid":{"rendered":"https:\/\/portal.sma.gob.cl\/?p=30102"},"modified":"2024-01-19T17:07:08","modified_gmt":"2024-01-19T20:07:08","slug":"academicos-uai-y-sma-trabajan-en-plataforma-samsara-que-permite-usar-imagenes-satelitales-para-la-fiscalizacion-ambiental","status":"publish","type":"post","link":"https:\/\/portal.sma.gob.cl\/index.php\/academicos-uai-y-sma-trabajan-en-plataforma-samsara-que-permite-usar-imagenes-satelitales-para-la-fiscalizacion-ambiental\/","title":{"rendered":"Acad\u00e9micos UAI y SMA trabajan en plataforma &#8216;Samsara&#8217; que permite usar im\u00e1genes satelitales para la fiscalizaci\u00f3n ambiental"},"content":{"rendered":"<p class=\"s3\"><span class=\"s5\">En el marco de la finalizaci\u00f3n del proyecto FONDEF IDEA I+D\u00a0<\/span><span class=\"s6\">\u201cSistema de Alerta y Monitoreo Satelital de \u00c1reas de Relevancia Ambiental: casos de estudio en humedales urbanos, turberas y bosque escler\u00f3filo\u201d (SAMSARA, ID21I10102)<\/span><span class=\"s5\">, realizado por investigadores de la\u00a0<a href=\"https:\/\/ingenieria.uai.cl\/\">Facultad de Ingenier\u00eda y Ciencias<\/a>\u00a0y la Escuela de Gobierno de la Universidad Adolfo Ib\u00e1\u00f1ez (UAI), junto con la Superintendencia del Medio Ambiente y el Data\u00a0<\/span><span class=\"s5\">Observatory<\/span><span class=\"s5\">, el Servicio de Evaluaci\u00f3n Ambiental y el Ministerio del Medio Ambiente, se organiz\u00f3 una jornada de cierre para dar a conocer los principales resultados obtenidos.<\/span><\/p>\n<p class=\"s3\"><span class=\"s5\">Por medio de datos de teledetecci\u00f3n, los acad\u00e9micos desarrollaron un sistema autom\u00e1tico de monitoreo de im\u00e1genes satelitales de bosque escler\u00f3filo y matorrales, con el objetivo de mejorar los esfuerzos de cobertura espacial y temporal de fiscalizaci\u00f3n de la Superintendencia del Medio Ambiente (SMA).<\/span><\/p>\n<p class=\"s3\"><span class=\"s5\">De esta forma y gracias a la plataforma desarrollada, se podr\u00e1 detectar si es que existen irregularidades en la conservaci\u00f3n de las zonas analizadas, con el fin de ayudar a su preservaci\u00f3n.<\/span><\/p>\n<p class=\"s3\"><span class=\"s5\">El director del proyecto, acad\u00e9mico\u00a0<a href=\"https:\/\/ingenieria.uai.cl\/\">Facultad de Ingenier\u00eda y Ciencias<\/a>\u00a0UAI e investigador titular de Data\u00a0<\/span><span class=\"s5\">Observatory<\/span><span class=\"s5\">,\u00a0<a href=\"http:\/\/ingenieria.uai.cl\/profesor\/mauricio-galleguillos\/index.php\">Mauricio Galleguillos<\/a>, explic\u00f3 que lo novedoso de SAMSARA es que incorpora\u00a0<\/span><strong><span class=\"s7\">\u201cno solo la ciencia de la teledetecci\u00f3n, sino tambi\u00e9n la soluci\u00f3n de inform\u00e1tica (\u2026) con este cubo de datos que permite almacenar todas las im\u00e1genes que est\u00e1n en Chile de manera hist\u00f3rica\u201d.<\/span><\/strong><\/p>\n<p class=\"s3\"><span class=\"s5\">Javier\u00a0<\/span><span class=\"s5\">Lopatin<\/span><span class=\"s5\">, investigador del proyecto, profesor de la\u00a0<a href=\"https:\/\/ingenieria.uai.cl\/\">Facultad de Ingenier\u00eda y Ciencias<\/a>\u00a0UAI e investigador titular de Data\u00a0<\/span><span class=\"s5\">Observatory<\/span><span class=\"s5\">, ahond\u00f3 en los tecnicismos del proyecto y explic\u00f3 que el gran desaf\u00edo consisti\u00f3 en identificar y filtrar los cambios hechos espec\u00edficamente por el ser humano, tales como la deforestaci\u00f3n y la expansi\u00f3n urbana.\u00a0<\/span><strong><span class=\"s7\">\u201cLo que hicimos fue agarrar todos los cambios y sus magnitudes y estudiamos el contexto de c\u00f3mo se agrupan mediante un algoritmo supervisado de\u00a0<\/span><em><span class=\"s8\">machine\u00a0<\/span><span class=\"s8\">learning<\/span><\/em><span class=\"s7\">\u00a0y, en base al contexto de c\u00f3mo se ve\u00eda el cambio, logramos ver si era hecho por el hombre o no\u201d<\/span><\/strong><span class=\"s7\">, puntualiz\u00f3 el investigador.<\/span><\/p>\n<p class=\"s3\"><span class=\"s5\">El rector de la Universidad Adolfo Ib\u00e1\u00f1ez, Harald Beyer, explic\u00f3 que\u00a0<\/span><strong><span class=\"s7\">\u201clo atractivo de este proyecto es la vinculaci\u00f3n que se produce entre la <\/span><\/strong><strong><span class=\"s7\">universidad y el sector p\u00fablico para realizar labores que son crecientemente complejas y reticentes de cooperaci\u00f3n entre distintos actores de la comunidad\u201d.<\/span><\/strong><\/p>\n<p><span class=\"s5\">A su vez, la Superintendenta del Medio Ambiente, Marie Claude <\/span><span class=\"s5\">Plumer<\/span>\u00a0<span class=\"s5\">Bodin, se<\/span><span class=\"s5\">\u00a0refiri\u00f3 a la necesidad de fortalecer la fiscalizaci\u00f3n a trav\u00e9s de la tecnolog\u00eda, asegurando que\u00a0<\/span><span class=\"s7\"><strong>\u201cha sido un pilar determinante para la Superintendencia del Medio Ambiente\u201d<\/strong>.\u00a0<\/span><span class=\"s5\">Es por esto que el proyecto SAMSARA va en la l\u00ednea del trabajo de SMA, donde el &#8220;objetivo central es seguir avanzando en tecnolog\u00eda e inteligencia de datos para mejorar la fiscalizaci\u00f3n y ampliar su cobertura. En este sentido, se hace fundamental una estrategia compresiva que nos permita promover el cumplimiento ambiental&#8221;.<\/span><\/p>\n<p class=\"s3\"><span class=\"s5\">En tanto, Claudio\u00a0<\/span><span class=\"s5\">Seebach<\/span><span class=\"s5\">, decano de la\u00a0<a href=\"https:\/\/ingenieria.uai.cl\/\">Facultad de Ingenier\u00eda y Ciencias<\/a>\u00a0UAI, destac\u00f3 la relevancia del proyecto, puntualizando que\u00a0<\/span><span class=\"s7\"><strong>\u201cnos permite llevar la ciencia y la tecnolog\u00eda al servicio de las pol\u00edticas p\u00fablicas\u201d<\/strong>.\u00a0<\/span><span class=\"s5\">Adem\u00e1s, asegur\u00f3 que en este proyecto se\u00a0<\/span><strong><span class=\"s7\">\u201cintegran dos dimensiones para enfrentar la crisis clim\u00e1tica, la mitigaci\u00f3n y la adaptaci\u00f3n. En\u00a0<\/span><span class=\"s7\">este proyecto tenemos una oportunidad de seguir aprendiendo (\u2026) y profundizando y generando nuevas investigaciones\u201d.<\/span><\/strong><\/p>\n<p class=\"s3\"><span class=\"s5\">La decana de la Escuela de Gobierno UAI,\u00a0<a href=\"http:\/\/artesliberales.uai.cl\/profesor\/maria-jose-naudon\/index.php\">Mar\u00eda Jos\u00e9 Naudon<\/a>, felicit\u00f3 a los investigadores y coment\u00f3 que esta iniciativa\u00a0<\/span><strong><span class=\"s7\">\u201cpuede ser una mirada o un ejercicio muy importante de lo que me parece que la universidad debe ser, es decir, un intercambio intelectual entre el conocimiento, pero que tenga una aplicaci\u00f3n pr\u00e1ctica y que sirva, en definitiva, para construir un mejor pa\u00eds y una sociedad en la que todos podamos contribuir desde nuestros lugares\u201d.<\/span><\/strong><\/p>\n<p class=\"s3\"><span class=\"s5\">Desde la Agencia Nacional de Investigaci\u00f3n y Desarrollo (ANID), su subdirector de Investigaci\u00f3n Aplicada, Carlos\u00a0<\/span><span class=\"s5\">Ladrix<\/span><span class=\"s5\">, puntualiz\u00f3 que espera que esta iniciativa\u00a0<\/span><strong><span class=\"s7\">\u201ctenga continuidad, que sigan postulando proyectos para que, en este caso, con una tecnolog\u00eda que es necesaria como el manejo de im\u00e1genes satelitales, podamos tener mejores pol\u00edticas p\u00fablicas en fiscalizaci\u00f3n, regulaci\u00f3n y tambi\u00e9n en incorporar capital humano avanzado al Estado\u201d.<\/span><\/strong><\/p>\n<p class=\"s3\"><span class=\"s5\">Por su parte, Paula D\u00edaz, directora de Data\u00a0<\/span><span class=\"s5\">Observatory<\/span><span class=\"s5\">, se\u00f1al\u00f3 que\u00a0<\/span><strong><span class=\"s7\">\u201ceste tipo de iniciativas de colaboraci\u00f3n p\u00fablico-acad\u00e9mica evidencian el valor social del uso de datos abiertos y su aporte a la implementaci\u00f3n de pol\u00edticas p\u00fablicas, particularmente en tem\u00e1ticas vinculadas al cambio clim\u00e1tico y sus efectos en el ecosistema y las comunidades. Los datos dispuestos en plataformas como SAMSARA son un ejemplo de lo fundamental de contar con evidencia cient\u00edfica para la toma de decisiones, uno de los objetivos del Data\u00a0<\/span><span class=\"s7\">Observatory<\/span><span class=\"s7\">\u201d.<\/span><\/strong><\/p>\n<p class=\"s3\"><span class=\"s5\">Pese a que el proyecto FONDEF finaliza, Galleguillos invit\u00f3 a la audiencia a seguir desafiando los l\u00edmites de la plataforma SAMSARA, optimizando las capacidades de la herramienta para trabajar de forma colaborativa en nuevas y mejores aplicaciones.<\/span><\/p>\n","protected":false},"excerpt":{"rendered":"<p>En el marco de la finalizaci\u00f3n del proyecto FONDEF IDEA I+D\u00a0\u201cSistema de Alerta y Monitoreo Satelital de \u00c1reas de Relevancia Ambiental: casos de estudio en humedales urbanos, turberas y bosque escler\u00f3filo\u201d (SAMSARA, ID21I10102), realizado por investigadores de la\u00a0Facultad de Ingenier\u00eda y Ciencias\u00a0y la Escuela de Gobierno de la Universidad Adolfo Ib\u00e1\u00f1ez (UAI), junto con la Superintendencia <a href=\"https:\/\/portal.sma.gob.cl\/index.php\/academicos-uai-y-sma-trabajan-en-plataforma-samsara-que-permite-usar-imagenes-satelitales-para-la-fiscalizacion-ambiental\/\">Leer m\u00e1s<\/a><\/p>\n","protected":false},"author":15,"featured_media":30105,"comment_status":"open","ping_status":"open","sticky":false,"template":"","format":"standard","meta":{"footnotes":""},"categories":[107,225,232,94],"tags":[],"class_list":["post-30102","post","type-post","status-publish","format-standard","has-post-thumbnail","hentry","category-destacado","category-macrozona-centro","category-metropolitana","category-notas-noticias"],"_links":{"self":[{"href":"https:\/\/portal.sma.gob.cl\/index.php\/wp-json\/wp\/v2\/posts\/30102","targetHints":{"allow":["GET"]}}],"collection":[{"href":"https:\/\/portal.sma.gob.cl\/index.php\/wp-json\/wp\/v2\/posts"}],"about":[{"href":"https:\/\/portal.sma.gob.cl\/index.php\/wp-json\/wp\/v2\/types\/post"}],"author":[{"embeddable":true,"href":"https:\/\/portal.sma.gob.cl\/index.php\/wp-json\/wp\/v2\/users\/15"}],"replies":[{"embeddable":true,"href":"https:\/\/portal.sma.gob.cl\/index.php\/wp-json\/wp\/v2\/comments?post=30102"}],"version-history":[{"count":5,"href":"https:\/\/portal.sma.gob.cl\/index.php\/wp-json\/wp\/v2\/posts\/30102\/revisions"}],"predecessor-version":[{"id":30108,"href":"https:\/\/portal.sma.gob.cl\/index.php\/wp-json\/wp\/v2\/posts\/30102\/revisions\/30108"}],"wp:featuredmedia":[{"embeddable":true,"href":"https:\/\/portal.sma.gob.cl\/index.php\/wp-json\/wp\/v2\/media\/30105"}],"wp:attachment":[{"href":"https:\/\/portal.sma.gob.cl\/index.php\/wp-json\/wp\/v2\/media?parent=30102"}],"wp:term":[{"taxonomy":"category","embeddable":true,"href":"https:\/\/portal.sma.gob.cl\/index.php\/wp-json\/wp\/v2\/categories?post=30102"},{"taxonomy":"post_tag","embeddable":true,"href":"https:\/\/portal.sma.gob.cl\/index.php\/wp-json\/wp\/v2\/tags?post=30102"}],"curies":[{"name":"wp","href":"https:\/\/api.w.org\/{rel}","templated":true}]}}