{"id":30374,"date":"2024-03-01T11:49:41","date_gmt":"2024-03-01T14:49:41","guid":{"rendered":"https:\/\/portal.sma.gob.cl\/?p=30374"},"modified":"2024-03-01T11:51:07","modified_gmt":"2024-03-01T14:51:07","slug":"sma-publica-informe-anual-sobre-derechos-humanos-2023","status":"publish","type":"post","link":"https:\/\/portal.sma.gob.cl\/index.php\/sma-publica-informe-anual-sobre-derechos-humanos-2023\/","title":{"rendered":"SMA publica Informe Anual sobre Derechos Humanos 2023"},"content":{"rendered":"<p>La Superintendencia del Medio Ambiente (SMA) public\u00f3 hoy su Informe Anual sobre Derechos Humanos 2023, donde se da cuenta de los avances, acciones, alcances y metas a nivel institucional en esta materia.<\/p>\n<p>En relaci\u00f3n al contenido, en el documento se abordan temas como la implementaci\u00f3n del Acuerdo Regional Sobre Acceso a la Informaci\u00f3n, Participaci\u00f3n P\u00fablica y el Acceso a la Justicia en Asuntos Ambientales en Am\u00e9rica Latina y el Caribe (Acuerdo de Escaz\u00fa); los planes institucionales contra la corrupci\u00f3n y el lavado de activos; Segundo Plan de Acci\u00f3n Nacional en Derechos Humanos y empresas; entre otros t\u00f3picos.<\/p>\n<p><a href=\"https:\/\/portal.sma.gob.cl\/wp-content\/uploads\/2024\/03\/Informe-DDHH-2023_VF.pdf\">Revisa el informe en este enlace<\/a>.<\/p>\n","protected":false},"excerpt":{"rendered":"<p>La Superintendencia del Medio Ambiente (SMA) public\u00f3 hoy su Informe Anual sobre Derechos Humanos 2023, donde se da cuenta de los avances, acciones, alcances y metas a nivel institucional en esta materia. En relaci\u00f3n al contenido, en el documento se abordan temas como la implementaci\u00f3n del Acuerdo Regional Sobre Acceso a la Informaci\u00f3n, Participaci\u00f3n P\u00fablica y <a href=\"https:\/\/portal.sma.gob.cl\/index.php\/sma-publica-informe-anual-sobre-derechos-humanos-2023\/\">Leer m\u00e1s<\/a><\/p>\n","protected":false},"author":13,"featured_media":30386,"comment_status":"open","ping_status":"open","sticky":false,"template":"","format":"standard","meta":{"footnotes":""},"categories":[90,225,94],"tags":[],"class_list":["post-30374","post","type-post","status-publish","format-standard","has-post-thumbnail","hentry","category-comunicados-noticias","category-macrozona-centro","category-notas-noticias"],"_links":{"self":[{"href":"https:\/\/portal.sma.gob.cl\/index.php\/wp-json\/wp\/v2\/posts\/30374","targetHints":{"allow":["GET"]}}],"collection":[{"href":"https:\/\/portal.sma.gob.cl\/index.php\/wp-json\/wp\/v2\/posts"}],"about":[{"href":"https:\/\/portal.sma.gob.cl\/index.php\/wp-json\/wp\/v2\/types\/post"}],"author":[{"embeddable":true,"href":"https:\/\/portal.sma.gob.cl\/index.php\/wp-json\/wp\/v2\/users\/13"}],"replies":[{"embeddable":true,"href":"https:\/\/portal.sma.gob.cl\/index.php\/wp-json\/wp\/v2\/comments?post=30374"}],"version-history":[{"count":1,"href":"https:\/\/portal.sma.gob.cl\/index.php\/wp-json\/wp\/v2\/posts\/30374\/revisions"}],"predecessor-version":[{"id":30385,"href":"https:\/\/portal.sma.gob.cl\/index.php\/wp-json\/wp\/v2\/posts\/30374\/revisions\/30385"}],"wp:featuredmedia":[{"embeddable":true,"href":"https:\/\/portal.sma.gob.cl\/index.php\/wp-json\/wp\/v2\/media\/30386"}],"wp:attachment":[{"href":"https:\/\/portal.sma.gob.cl\/index.php\/wp-json\/wp\/v2\/media?parent=30374"}],"wp:term":[{"taxonomy":"category","embeddable":true,"href":"https:\/\/portal.sma.gob.cl\/index.php\/wp-json\/wp\/v2\/categories?post=30374"},{"taxonomy":"post_tag","embeddable":true,"href":"https:\/\/portal.sma.gob.cl\/index.php\/wp-json\/wp\/v2\/tags?post=30374"}],"curies":[{"name":"wp","href":"https:\/\/api.w.org\/{rel}","templated":true}]}}