{"id":30387,"date":"2024-03-05T11:07:53","date_gmt":"2024-03-05T14:07:53","guid":{"rendered":"https:\/\/portal.sma.gob.cl\/?p=30387"},"modified":"2024-03-12T14:37:59","modified_gmt":"2024-03-12T17:37:59","slug":"sma-refuerza-acciones-preventivas-en-concon-quintero-y-puchuncavi-mayor-muestreo-y-control-de-estaciones-de-calidad-del-aire","status":"publish","type":"post","link":"https:\/\/portal.sma.gob.cl\/index.php\/sma-refuerza-acciones-preventivas-en-concon-quintero-y-puchuncavi-mayor-muestreo-y-control-de-estaciones-de-calidad-del-aire\/","title":{"rendered":"SMA refuerza acciones preventivas en Conc\u00f3n, Quintero y Puchuncav\u00ed: Mayor muestreo y control de estaciones de calidad del aire"},"content":{"rendered":"<ul>\n<li><em>En este sentido, se fortalecer\u00e1 el control de las estaciones de monitoreo de calidad del aire y de los equipos instalados en la zona, as\u00ed como de las rondas preventivas.\u00a0<\/em><\/li>\n<li><em>Por otra parte, aumentar\u00e1 la frecuencia de toma de muestras de aire, con el objetivo de generar mayor informaci\u00f3n acerca de Compuestos Org\u00e1nicos Vol\u00e1tiles (COVs) que pudieran estar presentes.\u00a0<\/em><\/li>\n<\/ul>\n<p>&nbsp;<\/p>\n<p>De manera preventiva, la Superintendencia del Medio Ambiente (SMA) estableci\u00f3 para este 2024 un conjunto de acciones adicionales al plan que se implementa en la zona de Conc\u00f3n, Quintero y Puchuncav\u00ed. Estas nuevas medidas buscan aumentar la presencia de la SMA en ese territorio, a trav\u00e9s de fiscalizaciones y de las tomas de muestra de aire que realiza peri\u00f3dicamente el Laboratorio de la instituci\u00f3n.<\/p>\n<p>En cuanto a las fiscalizaciones, se realizar\u00e1n inspecciones semanales -durante el periodo de Gesti\u00f3n de Episodios Cr\u00edticos (GEC) en la regi\u00f3n- a las instalaciones del cord\u00f3n industrial que operan en el lugar. A lo anterior, se suma un plan de control permanente de las estaciones de monitoreo de calidad del aire y de los equipos prospectivos Pyxis que complementan las mediciones de las estaciones, y que fueron instalados en distintos puntos de las tres comunas a partir de 2023.<\/p>\n<p>Por otra parte, se mantendr\u00e1n las rondas preventivas, recorriendo puntos cr\u00edticos de la zona, de manera de percibir, durante las ma\u00f1anas, si existen olores que podr\u00edan estar indicando emisiones de Compuestos Org\u00e1nicos Vol\u00e1tiles (COVs). Estas rondas ya forman parte de las gestiones que realiza la SMA y continuar\u00e1n durante el a\u00f1o 2024.<\/p>\n<h3><strong>Toma de muestras en la zona<\/strong><\/h3>\n<p>En otro aspecto, se aumentar\u00e1 la frecuencia de toma de muestras de aire de mensual a quincenal por parte del Laboratorio de la SMA, para los sectores urbanos de las comunas de Quintero y Puchuncav\u00ed, y se realizar\u00e1 una redistribuci\u00f3n de los puntos de muestreo en la zona industrial, con el objetivo de tener una mejor representatividad. En el caso de Conc\u00f3n, se instalar\u00e1n cinco puntos de muestreo en la zona urbana.<\/p>\n<p>Cabe precisar que los puntos de muestreo buscan recopilar datos representativos de una determinada zona, por lo que est\u00e1n ubicados estrat\u00e9gicamente con el fin de obtener informaci\u00f3n sobre la concentraci\u00f3n y presencia de COVs.<\/p>\n<p>Sumado a este despliegue, se implementar\u00e1 nuevamente el plan de alerta presentado por esta Superintendencia durante el a\u00f1o 2023, frente a superaciones de normas primarias de calidad del aire en las estaciones de monitoreo; presencia de personas con diagn\u00f3stico T59; y alzas en los niveles de BTEX medidos en los equipos PyxisGC (prospectivos). En funci\u00f3n de estas tres situaciones se definen 4 niveles de acci\u00f3n, donde se consideran: las rondas de vigilancia, chequeo de equipos, revisi\u00f3n de registros de medici\u00f3n, reorientaci\u00f3n de actividades de fiscalizaci\u00f3n hacia las potenciales fuentes emisoras, eventuales medidas provisionales y tomas de muestra.<\/p>\n<p>La Superintendenta Marie Claude Plumer se\u00f1al\u00f3 que &#8220;hoy dimos a conocer un conjunto de acciones adicionales a la estrategia ya desplegada el 2023 y que seguimos fortaleciendo en las comunas de Conc\u00f3n, Quintero y Puchuncav\u00ed. Se trata de un plan que busca actuar de forma preventiva, a trav\u00e9s de un monitoreo permanente en los sectores urbanos especialmente&#8221;. &#8220;El trabajo en estas tres comunas ha sido permanente por parte de los equipos de la SMA y este conjunto de acciones adicionales es una prueba de ello. No podemos esperar posibles contingencias para actuar. Estamos desplegados en el territorio&#8221;, agreg\u00f3.<\/p>\n","protected":false},"excerpt":{"rendered":"<p>En este sentido, se fortalecer\u00e1 el control de las estaciones de monitoreo de calidad del aire y de los equipos instalados en la zona, as\u00ed como de las rondas preventivas.\u00a0 Por otra parte, aumentar\u00e1 la frecuencia de toma de muestras de aire, con el objetivo de generar mayor informaci\u00f3n acerca de Compuestos Org\u00e1nicos Vol\u00e1tiles (COVs) que <a href=\"https:\/\/portal.sma.gob.cl\/index.php\/sma-refuerza-acciones-preventivas-en-concon-quintero-y-puchuncavi-mayor-muestreo-y-control-de-estaciones-de-calidad-del-aire\/\">Leer m\u00e1s<\/a><\/p>\n","protected":false},"author":13,"featured_media":30391,"comment_status":"open","ping_status":"open","sticky":false,"template":"","format":"standard","meta":{"footnotes":""},"categories":[90,107,225,94,231],"tags":[],"class_list":["post-30387","post","type-post","status-publish","format-standard","has-post-thumbnail","hentry","category-comunicados-noticias","category-destacado","category-macrozona-centro","category-notas-noticias","category-valparaiso"],"_links":{"self":[{"href":"https:\/\/portal.sma.gob.cl\/index.php\/wp-json\/wp\/v2\/posts\/30387","targetHints":{"allow":["GET"]}}],"collection":[{"href":"https:\/\/portal.sma.gob.cl\/index.php\/wp-json\/wp\/v2\/posts"}],"about":[{"href":"https:\/\/portal.sma.gob.cl\/index.php\/wp-json\/wp\/v2\/types\/post"}],"author":[{"embeddable":true,"href":"https:\/\/portal.sma.gob.cl\/index.php\/wp-json\/wp\/v2\/users\/13"}],"replies":[{"embeddable":true,"href":"https:\/\/portal.sma.gob.cl\/index.php\/wp-json\/wp\/v2\/comments?post=30387"}],"version-history":[{"count":5,"href":"https:\/\/portal.sma.gob.cl\/index.php\/wp-json\/wp\/v2\/posts\/30387\/revisions"}],"predecessor-version":[{"id":30394,"href":"https:\/\/portal.sma.gob.cl\/index.php\/wp-json\/wp\/v2\/posts\/30387\/revisions\/30394"}],"wp:featuredmedia":[{"embeddable":true,"href":"https:\/\/portal.sma.gob.cl\/index.php\/wp-json\/wp\/v2\/media\/30391"}],"wp:attachment":[{"href":"https:\/\/portal.sma.gob.cl\/index.php\/wp-json\/wp\/v2\/media?parent=30387"}],"wp:term":[{"taxonomy":"category","embeddable":true,"href":"https:\/\/portal.sma.gob.cl\/index.php\/wp-json\/wp\/v2\/categories?post=30387"},{"taxonomy":"post_tag","embeddable":true,"href":"https:\/\/portal.sma.gob.cl\/index.php\/wp-json\/wp\/v2\/tags?post=30387"}],"curies":[{"name":"wp","href":"https:\/\/api.w.org\/{rel}","templated":true}]}}