{"id":30504,"date":"2024-03-20T10:06:43","date_gmt":"2024-03-20T13:06:43","guid":{"rendered":"https:\/\/portal.sma.gob.cl\/?p=30504"},"modified":"2024-03-20T10:06:43","modified_gmt":"2024-03-20T13:06:43","slug":"sma-formula-dos-cargos-graves-a-la-empresa-electrica-de-aisen-titular-del-proyecto-hidroelectrica-los-maquis","status":"publish","type":"post","link":"https:\/\/portal.sma.gob.cl\/index.php\/sma-formula-dos-cargos-graves-a-la-empresa-electrica-de-aisen-titular-del-proyecto-hidroelectrica-los-maquis\/","title":{"rendered":"SMA formula dos cargos graves a la empresa El\u00e9ctrica de Ais\u00e9n titular del proyecto Hidroel\u00e9ctrica Los Maquis"},"content":{"rendered":"<ul>\n<li><strong>A partir de la presentaci\u00f3n de denuncias ciudadanas dirigidas en contra del proyecto \u201cRehabilitaci\u00f3n Central Hidroel\u00e9ctrica Los Maquis\u201d, principalmente, por no contar con una Resoluci\u00f3n de Calificaci\u00f3n Ambiental (RCA), en circunstancias que aquella le resulta exigible por estar en una Zona de Inter\u00e9s Tur\u00edstico (ZOIT) y afectar su objeto de protecci\u00f3n ambiental.<\/strong><\/li>\n<li><strong>La empresa arriesga una multa de hasta diez mil unidades tributarias anuales (UTA), equivalentes a m\u00e1s de $7.775 millones a valor actual.<\/strong><\/li>\n<\/ul>\n<p><strong>Regi\u00f3n de Ays\u00e9n, 20 de marzo de 2024.-<\/strong>\u00a0La Superintendencia del Medio Ambiente (SMA) formul\u00f3 dos cargos a la Empresa El\u00e9ctrica de Ais\u00e9n S.A., titular del proyecto \u201cCentral Hidroel\u00e9ctrica Los Maquis\u201d, ubicado en la comuna de Chile Chico, regi\u00f3n de Ays\u00e9n, espec\u00edficamente al interior de la ZOIT Chelenko; lo anterior, porque la empresa no cuenta con el permiso ambiental requerido para la ejecuci\u00f3n de este tipo de proyectos.<\/p>\n<p>Cabe destacar, que esta central consiste en la entrega de energ\u00eda limpia y confiable al sistema el\u00e9ctrico local por medio de la operaci\u00f3n de una minicentral hidroel\u00e9ctrica de pasada con 2 unidades de 500 kW cada una, la cual se construye en un \u00e1rea previamente intervenida por la operaci\u00f3n de una antigua central, reutilizando parte de las instalaciones antiguas.<\/p>\n<p>Como contexto, desde marzo de 2020, la SMA recibi\u00f3 una serie de denuncias ciudadanas en contra de la Empresa El\u00e9ctrica de Ais\u00e9n S.A., centradas en que su proyecto se encontrar\u00eda en elusi\u00f3n al Sistema de Evaluaci\u00f3n de Impacto Ambiental (SEIA). Al respecto, se realizaron dos actividades de fiscalizaci\u00f3n, constatando en la segunda de ellas (abril de 2021), una intervenci\u00f3n mucho m\u00e1s notable que en la primera (julio de 2020), con obras en diversos sectores, personal trabajando y maquinaria interviniendo el suelo sobre el cual se instalara\u0301 el trazado de la tuber\u00eda de baja presi\u00f3n del proyecto, entre otros hechos.<\/p>\n<p>Con estos antecedentes, y con el fallo del Tercer Tribunal Ambiental, se requiri\u00f3 un pronunciamiento del Servicio de Evaluaci\u00f3n Ambiental (SEA), que en su informe publicado en mayo 2022 concluy\u00f3 que la empresa \u201crealizo\u0301 obras y acciones distintas a las proyectadas originalmente, las que son susceptibles de afectar el atractivo tur\u00edstico Cascada Los Maquis y sus pozones; varias de las obras realizadas tienen un car\u00e1cter permanente que afectar\u00e1n el valor paisaj\u00edstico y tur\u00edstico, as\u00ed por ejemplo las obras de la bocatoma, el nuevo trazado de tuber\u00edas y la nueva casa de m\u00e1quinas son totalmente distintas a las se\u00f1aladas originalmente en la Consulta de Pertinencia\u201d; entre otras observaciones.<\/p>\n<p>En base a toda esta informaci\u00f3n, la SMA ha formulado dos cargos graves en contra de la empresa, cuya primera infracci\u00f3n de sustenta porque el titular realiz\u00f3 la ejecuci\u00f3n del proyecto Central Hidroel\u00e9ctrica Los Maquis, al interior de la Zona de Inter\u00e9s Tur\u00edstico Chelenko, sin contar con una Resoluci\u00f3n de Calificaci\u00f3n Ambiental. Y respecto a la segunda infracci\u00f3n, esta se sustenta porque la empresa incumpli\u00f3 al requerimiento de ingreso (REQ-05-2022) al SEIA efectuado con fecha 6 de junio de 2022, mediante Resoluci\u00f3n Exenta N\u00b0850, sobre la base del cronograma aprobado mediante Resoluci\u00f3n Exenta N\u00b0502\/2022.<\/p>\n<p>Al respecto, el jefe de la Oficina Regional SMA de Ays\u00e9n, <strong>Oscar Leal<\/strong>, explic\u00f3 que <em>\u201cla formulaci\u00f3n de cargos se sustenta porque en base de todos los antecedentes recabados y analizados por esta Superintendencia en esta investigaci\u00f3n, se ha podido evidenciar que habido una ejecuci\u00f3n de obras de mayor afectaci\u00f3n visual que las descritas por la empresa inicialmente y sin contar con el permiso ambiental requerido; por ende, la construcci\u00f3n de esta central hidroel\u00e9ctrica, que est\u00e1 emplazada al interior de la Zona de Inter\u00e9s Tur\u00edstico Chelenko, estar\u00eda afectando su objeto de protecci\u00f3n\u201d.<\/em><\/p>\n<p>Es importante recordar que las infracciones graves podr\u00e1n ser objeto de revocaci\u00f3n de la resoluci\u00f3n de calificaci\u00f3n ambiental, clausura, o multa de hasta 5.000 Unidades Tributarias Anuales (UTA). En este procedimiento sancionatorio, la empresa arriesga una multa de hasta diez mil UTAs, equivalentes a m\u00e1s de $7.775 millones a valor actual.<\/p>\n<p>El titular tendr\u00e1 10 d\u00edas h\u00e1biles para presentar un Programa de Cumplimiento, y 15 d\u00edas h\u00e1biles para formular sus descargos, ambos plazos contados desde su notificaci\u00f3n.<\/p>\n<p>Para m\u00e1s detalles de la formulaci\u00f3n de cargos, ingresar al <strong>Sistema de Informaci\u00f3n de Fiscalizaci\u00f3n Ambiental (SNIFA)<\/strong>, a trav\u00e9s del siguiente link: <a href=\"https:\/\/snifa.sma.gob.cl\/Sancionatorio\/Ficha\/3613\">https:\/\/snifa.sma.gob.cl\/Sancionatorio\/Ficha\/3613<\/a><\/p>\n","protected":false},"excerpt":{"rendered":"<p>A partir de la presentaci\u00f3n de denuncias ciudadanas dirigidas en contra del proyecto \u201cRehabilitaci\u00f3n Central Hidroel\u00e9ctrica Los Maquis\u201d, principalmente, por no contar con una Resoluci\u00f3n de Calificaci\u00f3n Ambiental (RCA), en circunstancias que aquella le resulta exigible por estar en una Zona de Inter\u00e9s Tur\u00edstico (ZOIT) y afectar su objeto de protecci\u00f3n ambiental. La empresa arriesga una <a href=\"https:\/\/portal.sma.gob.cl\/index.php\/sma-formula-dos-cargos-graves-a-la-empresa-electrica-de-aisen-titular-del-proyecto-hidroelectrica-los-maquis\/\">Leer m\u00e1s<\/a><\/p>\n","protected":false},"author":8,"featured_media":30500,"comment_status":"open","ping_status":"open","sticky":false,"template":"","format":"standard","meta":{"footnotes":""},"categories":[240,90,107,226],"tags":[],"class_list":["post-30504","post","type-post","status-publish","format-standard","has-post-thumbnail","hentry","category-aysen","category-comunicados-noticias","category-destacado","category-macrozona-sur"],"_links":{"self":[{"href":"https:\/\/portal.sma.gob.cl\/index.php\/wp-json\/wp\/v2\/posts\/30504","targetHints":{"allow":["GET"]}}],"collection":[{"href":"https:\/\/portal.sma.gob.cl\/index.php\/wp-json\/wp\/v2\/posts"}],"about":[{"href":"https:\/\/portal.sma.gob.cl\/index.php\/wp-json\/wp\/v2\/types\/post"}],"author":[{"embeddable":true,"href":"https:\/\/portal.sma.gob.cl\/index.php\/wp-json\/wp\/v2\/users\/8"}],"replies":[{"embeddable":true,"href":"https:\/\/portal.sma.gob.cl\/index.php\/wp-json\/wp\/v2\/comments?post=30504"}],"version-history":[{"count":1,"href":"https:\/\/portal.sma.gob.cl\/index.php\/wp-json\/wp\/v2\/posts\/30504\/revisions"}],"predecessor-version":[{"id":30505,"href":"https:\/\/portal.sma.gob.cl\/index.php\/wp-json\/wp\/v2\/posts\/30504\/revisions\/30505"}],"wp:featuredmedia":[{"embeddable":true,"href":"https:\/\/portal.sma.gob.cl\/index.php\/wp-json\/wp\/v2\/media\/30500"}],"wp:attachment":[{"href":"https:\/\/portal.sma.gob.cl\/index.php\/wp-json\/wp\/v2\/media?parent=30504"}],"wp:term":[{"taxonomy":"category","embeddable":true,"href":"https:\/\/portal.sma.gob.cl\/index.php\/wp-json\/wp\/v2\/categories?post=30504"},{"taxonomy":"post_tag","embeddable":true,"href":"https:\/\/portal.sma.gob.cl\/index.php\/wp-json\/wp\/v2\/tags?post=30504"}],"curies":[{"name":"wp","href":"https:\/\/api.w.org\/{rel}","templated":true}]}}