{"id":30538,"date":"2024-03-27T17:24:09","date_gmt":"2024-03-27T20:24:09","guid":{"rendered":"https:\/\/portal.sma.gob.cl\/?p=30538"},"modified":"2024-03-27T17:24:09","modified_gmt":"2024-03-27T20:24:09","slug":"primeros-proyectos-se-suman-al-sistema-de-compensacion-de-emisiones-del-impuesto-verde","status":"publish","type":"post","link":"https:\/\/portal.sma.gob.cl\/index.php\/primeros-proyectos-se-suman-al-sistema-de-compensacion-de-emisiones-del-impuesto-verde\/","title":{"rendered":"Primeros proyectos se suman al Sistema de Compensaci\u00f3n de Emisiones del Impuesto Verde"},"content":{"rendered":"<ul>\n<li><strong>M\u00e1s de 250.000 toneladas de CO2 compensadas, equivalentes a lo que emiten 50.000 veh\u00edculos en un a\u00f1o, sumaron los primeros proyectos de reducci\u00f3n de emisiones, que en enero y febrero de 2024 ingresaron sus solicitudes para ser parte del Sistema de Compensaci\u00f3n de Emisiones del Impuesto Verde.<\/strong><\/li>\n<\/ul>\n<p>En el mes de octubre del a\u00f1o pasado, el Ministerio del Medio Ambiente realiz\u00f3 el lanzamiento del Sistema de Compensaci\u00f3n de Emisiones del Impuesto Verde (SCE), actividad que dio inicio a la operaci\u00f3n de esta iniciativa que permite direccionar recursos hacia proyectos de reducci\u00f3n de emisiones de contaminantes.<\/p>\n<p>El SCE abre la posibilidad de que los contribuyentes compensen emisiones de fuentes fijas gravadas con el impuesto verde, mediante la presentaci\u00f3n de certificados de reducci\u00f3n de emisiones del mismo contaminante. Esto es relevante porque permite movilizar financiamiento desde quienes contaminan hacia la carbono neutralidad y mejora de la calidad del aire, es decir, la calidad de vida de las personas.<\/p>\n<p>En esa l\u00ednea es que la implementaci\u00f3n de proyectos de reducci\u00f3n de emisiones tiene importantes cobeneficios ambientales, sociales y econ\u00f3micos, los que son especialmente relevantes para aquellas localidades que est\u00e1n negativamente afectadas por la contaminaci\u00f3n atmosf\u00e9rica.<\/p>\n<p>En virtud de lo anterior, durante los meses de enero y febrero de 2024 se recibieron solicitudes para participar del Sistema de Compensaci\u00f3n de Emisiones del Impuesto Verde, tras lo cual ocho proyectos de reducci\u00f3n de emisiones fueron aprobados exitosamente, los que suman casi 260.000 certificados, equivalentes a la misma cantidad de toneladas de CO2 reducidas.<\/p>\n<p>Una noticia positiva, que la ministra del Medio Ambiente Maisa Rojas valor\u00f3, asegurando que &#8220;este instrumento fomenta la inversi\u00f3n en proyectos sostenibles y nos permite avanzar en el cumplimiento de nuestras metas clim\u00e1ticas. Adem\u00e1s, genera beneficios en la protecci\u00f3n de la salud de las personas, la creaci\u00f3n de empleos verdes, y la conservaci\u00f3n de nuestra biodiversidad\u201d.<\/p>\n<p>En tanto, desde el ministerio de Econom\u00eda, Javiera Petersen, Subsecretaria de Econom\u00eda y Empresas de Menor Tama\u00f1o, destac\u00f3 que \u201cfrente a los desaf\u00edos de aumentar el crecimiento econ\u00f3mico, recuperar la productividad y generar empleos de calidad, de la mano con un desarrollo que se haga cargo de la carbono neutralidad, celebramos los avances que ha logrado el SCE. Gracias a este sistema se est\u00e1n abriendo las puertas para las inversiones ambientales y la transformaci\u00f3n de la industria, en l\u00ednea con los objetivos del Programa Desarrollo Productivo Sostenible (DPS), acelerando una econom\u00eda m\u00e1s sostenible y mejorando la calidad de vida de los habitantes de nuestro pa\u00eds\u201d.<\/p>\n<p>En la misma l\u00ednea, la superintendenta del Medio Ambiente, Marie Claude Plumer, hizo hincapi\u00e9 en que &#8220;pasamos de un impuesto tradicional a un impuesto m\u00e1s ambiental, desde la perspectiva de los objetivos de pol\u00edtica p\u00fablica en esta materia. Y eso es lo que hay que rescatar, porque implica un cambio de forma de abordar una pol\u00edtica p\u00fablica. Es un instrumento m\u00e1s, dentro de un conjunto que busca un mismo objetivo: la reducci\u00f3n de emisiones para mejorar la calidad de vida de todas y todos&#8221;.<\/p>\n<p>Una de las empresas que se sum\u00f3 al Sistema fue Araucan\u00eda Power, con el proyecto hidroel\u00e9ctrico de pasada MSA-1, ubicado en Villarrica y que logr\u00f3 reducir 23 mil toneladas. Ernesto Wagner, gerente general de la empresa, destac\u00f3 el rol del SCE asegurando que \u201ccon el objetivo de mostrarle al mundo, los esfuerzos que estamos haciendo en este rinc\u00f3n de Sudam\u00e9rica es que certificamos y validamos este proyecto bajo el SCE, logrando llevar adelante una exitosa validaci\u00f3n para emitir bonos de carbono. El 2023 logramos emitir alrededor de 23 mil toneladas de certificados que fueron posteriormente transferidos a los sujetos gravados\u201d.<\/p>\n<p>Agreg\u00f3 que el SCE presenta grandes oportunidades, se\u00f1alando que: \u201cesta iniciativa abre las puertas para que proyectos con impacto positivo, tanto en lo social como lo ambiental, pero que no necesariamente eran rentables econ\u00f3micamente sean re-evaluados con miras de poder financiarse con la emisi\u00f3n y venta de estos certificados\u201d.<\/p>\n<p><strong>Proyectos pioneros<\/strong><\/p>\n<p>En total, fueron ocho proyectos los aprobados para que sus certificados de reducci\u00f3n de emisiones puedan ser parte del SCE, todos del sector de generaci\u00f3n energ\u00e9tica. Juntos, significan reducciones de casi 260.000 toneladas de CO2 equivalente, similar a lo que emiten 50.000 veh\u00edculos en un a\u00f1o.<\/p>\n<p>En t\u00e9rminos de recaudaci\u00f3n, eso significar\u00eda cerca de 1,3 millones de d\u00f3lares. La totalidad de las reducciones homologadas fueron transadas y utilizadas para la compensaci\u00f3n de emisiones por parte de 4 sujetos gravados, los que representan el 5% de un total de 87 emisores afectos al Impuesto Verde.<\/p>\n<\/p>\n<div class=\"table-1\">\n<table width=\"100%\">\n<thead>\n<tr>\n<th align=\"left\">Proyecto<\/th>\n<th align=\"left\">Titular<\/th>\n<th align=\"left\">Ubicaci\u00f3n<\/th>\n<th align=\"left\">Categor\u00eda<\/th>\n<th align=\"left\">Descripci\u00f3n<\/th>\n<th align=\"left\">Certificados<\/th>\n<\/tr>\n<\/thead>\n<tbody>\n<tr>\n<td align=\"left\">Chile: LaRay Run of River Project<\/td>\n<td align=\"left\">Hidromaule S.A.<\/td>\n<td align=\"left\">San Clemente, Maule<\/td>\n<td align=\"left\">Energ\u00eda &#8211; Hidroel\u00e9ctrica<\/td>\n<td align=\"left\">Central hidroel\u00e9ctrica de pasada con una capacidad instalada de 19,04 MW, que aprovecha las aguas del primer tramo del Canal Maule Norte Bajo.<\/td>\n<td align=\"left\">47.721<\/td>\n<\/tr>\n<tr>\n<td align=\"left\">Providencia Hydroelectric Project<\/td>\n<td align=\"left\">Hidroel\u00e9ctrica Providencia S.A.<\/td>\n<td align=\"left\">San Clemente, Maule<\/td>\n<td align=\"left\">Energ\u00eda &#8211; Hidroel\u00e9ctrica<\/td>\n<td align=\"left\">Central hidroel\u00e9ctrica de pasada con una capacidad instalada de 14.2 MW, que aprovecha los derechos de agua del Canal Maule Norte Bajo, del Canal Providencia y derechos de agua no consuntivos de propiedad del titular.<\/td>\n<td align=\"left\">12.927<\/td>\n<\/tr>\n<tr>\n<td align=\"left\">Mariposas Hydroelectric Project<\/td>\n<td align=\"left\">Hidroel\u00e9ctrica R\u00edo Lircay S.A.<\/td>\n<td align=\"left\">San Clemente, Maule<\/td>\n<td align=\"left\">Energ\u00eda &#8211; Hidroel\u00e9ctrica<\/td>\n<td align=\"left\">Central hidroel\u00e9ctrica de pasada con una capacidad instalada de 6.3 MW. El proyecto utiliza las aguas del primer tramo del Canal Maule Norte Alto.<\/td>\n<td align=\"left\">22.623<\/td>\n<\/tr>\n<tr>\n<td align=\"left\">MSA-1 <span style=\"font-family: inherit; font-size: inherit;\">Hydropower Plant<\/span><\/td>\n<td align=\"left\">Araucan\u00eda Power SpA.<\/td>\n<td align=\"left\">Villarrica, Araucan\u00eda<\/td>\n<td align=\"left\">Energ\u00eda &#8211; Hidroel\u00e9ctrica<\/td>\n<td align=\"left\">Central hidroel\u00e9ctrica de pasada con 3 MW de capacidad instalada y generaci\u00f3n media de 13.300 MWh anuales. Se ubica en los r\u00edos Pedregoso y Pichipedregoso.<\/td>\n<td align=\"left\">23.895<\/td>\n<\/tr>\n<tr>\n<td align=\"left\">Los Hierros Hydroelectric Power Plant<\/td>\n<td align=\"left\">Empresa El\u00e9ctrica Aguas\u00a0 del Melado SpA<\/td>\n<td align=\"left\">Colb\u00fan, Maule<\/td>\n<td align=\"left\">Energ\u00eda &#8211; Hidroel\u00e9ctrica<\/td>\n<td align=\"left\">Central hidroel\u00e9ctrica de pasada de 22.2 MW de capacidad instalada que aprovecha el potencial hidroel\u00e9ctrico del canal de riego existente El Melado.<\/td>\n<td align=\"left\">69.841<\/td>\n<\/tr>\n<tr>\n<td align=\"left\">Parque Solar Fotovoltaico Ovejer\u00eda<\/td>\n<td align=\"left\">Colb\u00fan S.A.<\/td>\n<td align=\"left\">Tiltil, RM<\/td>\n<td align=\"left\">Energ\u00eda &#8211; Solar fotovoltaica<\/td>\n<td align=\"left\">Proyecto de generaci\u00f3n de energ\u00eda solar fotovoltaica de 10 MW.<\/td>\n<td align=\"left\">13.449<\/td>\n<\/tr>\n<tr>\n<td align=\"left\">Central Hidroel\u00e9ctrica Lic\u00e1n<\/td>\n<td align=\"left\">Lic\u00e1n SpA<\/td>\n<td align=\"left\">R\u00edo Bueno, Los R\u00edos<\/td>\n<td align=\"left\">Energ\u00eda &#8211; Hidroel\u00e9ctrica<\/td>\n<td align=\"left\">Central hidroel\u00e9ctrica de pasada de 18,18 MW de potencia instalada y cerca de 92,1 GWh de generaci\u00f3n media anual. Aprovecha las aguas del R\u00edo Lic\u00e1n.<\/td>\n<td align=\"left\">48.091<\/td>\n<\/tr>\n<tr>\n<td align=\"left\">Cururos Wind Farm Project<\/td>\n<td align=\"left\">Parque E\u00f3lico Los Cururos SpA<\/td>\n<td align=\"left\">Ovalle, Coquimbo<\/td>\n<td align=\"left\">Energ\u00eda &#8211; E\u00f3lica<\/td>\n<td align=\"left\">Proyecto que incluye dos parques e\u00f3licos con una capacidad instalada total de 109,6 MW y una generaci\u00f3n promedio de 290 GWh al a\u00f1o.<\/td>\n<td align=\"left\">20.000<\/td>\n<\/tr>\n<\/tbody>\n<\/table>\n<\/div>\n<p>\n<p>&nbsp;<\/p>\n<p>&nbsp;<\/p>\n","protected":false},"excerpt":{"rendered":"<p>M\u00e1s de 250.000 toneladas de CO2 compensadas, equivalentes a lo que emiten 50.000 veh\u00edculos en un a\u00f1o, sumaron los primeros proyectos de reducci\u00f3n de emisiones, que en enero y febrero de 2024 ingresaron sus solicitudes para ser parte del Sistema de Compensaci\u00f3n de Emisiones del Impuesto Verde. En el mes de octubre del a\u00f1o pasado, el <a href=\"https:\/\/portal.sma.gob.cl\/index.php\/primeros-proyectos-se-suman-al-sistema-de-compensacion-de-emisiones-del-impuesto-verde\/\">Leer m\u00e1s<\/a><\/p>\n","protected":false},"author":15,"featured_media":30540,"comment_status":"open","ping_status":"open","sticky":false,"template":"","format":"standard","meta":{"footnotes":""},"categories":[90,107,225],"tags":[],"class_list":["post-30538","post","type-post","status-publish","format-standard","has-post-thumbnail","hentry","category-comunicados-noticias","category-destacado","category-macrozona-centro"],"_links":{"self":[{"href":"https:\/\/portal.sma.gob.cl\/index.php\/wp-json\/wp\/v2\/posts\/30538","targetHints":{"allow":["GET"]}}],"collection":[{"href":"https:\/\/portal.sma.gob.cl\/index.php\/wp-json\/wp\/v2\/posts"}],"about":[{"href":"https:\/\/portal.sma.gob.cl\/index.php\/wp-json\/wp\/v2\/types\/post"}],"author":[{"embeddable":true,"href":"https:\/\/portal.sma.gob.cl\/index.php\/wp-json\/wp\/v2\/users\/15"}],"replies":[{"embeddable":true,"href":"https:\/\/portal.sma.gob.cl\/index.php\/wp-json\/wp\/v2\/comments?post=30538"}],"version-history":[{"count":16,"href":"https:\/\/portal.sma.gob.cl\/index.php\/wp-json\/wp\/v2\/posts\/30538\/revisions"}],"predecessor-version":[{"id":30559,"href":"https:\/\/portal.sma.gob.cl\/index.php\/wp-json\/wp\/v2\/posts\/30538\/revisions\/30559"}],"wp:featuredmedia":[{"embeddable":true,"href":"https:\/\/portal.sma.gob.cl\/index.php\/wp-json\/wp\/v2\/media\/30540"}],"wp:attachment":[{"href":"https:\/\/portal.sma.gob.cl\/index.php\/wp-json\/wp\/v2\/media?parent=30538"}],"wp:term":[{"taxonomy":"category","embeddable":true,"href":"https:\/\/portal.sma.gob.cl\/index.php\/wp-json\/wp\/v2\/categories?post=30538"},{"taxonomy":"post_tag","embeddable":true,"href":"https:\/\/portal.sma.gob.cl\/index.php\/wp-json\/wp\/v2\/tags?post=30538"}],"curies":[{"name":"wp","href":"https:\/\/api.w.org\/{rel}","templated":true}]}}