{"id":30594,"date":"2024-03-28T12:05:57","date_gmt":"2024-03-28T15:05:57","guid":{"rendered":"https:\/\/portal.sma.gob.cl\/?p=30594"},"modified":"2024-03-28T12:05:57","modified_gmt":"2024-03-28T15:05:57","slug":"30-anos-de-la-institucionalidad-ambiental-tenemos-un-futuro-muy-desafiante-por-delante","status":"publish","type":"post","link":"https:\/\/portal.sma.gob.cl\/index.php\/30-anos-de-la-institucionalidad-ambiental-tenemos-un-futuro-muy-desafiante-por-delante\/","title":{"rendered":"30 a\u00f1os de la institucionalidad ambiental: \u201cTenemos un futuro muy desafiante por delante\u201d"},"content":{"rendered":"<ul>\n<li data-leveltext=\"\uf0b7\" data-font=\"Symbol\" data-listid=\"3\" data-list-defn-props=\"{&quot;335552541&quot;:1,&quot;335559685&quot;:720,&quot;335559991&quot;:360,&quot;469769226&quot;:&quot;Symbol&quot;,&quot;469769242&quot;:[8226],&quot;469777803&quot;:&quot;left&quot;,&quot;469777804&quot;:&quot;\uf0b7&quot;,&quot;469777815&quot;:&quot;hybridMultilevel&quot;}\" aria-setsize=\"-1\" data-aria-posinset=\"1\" data-aria-level=\"1\"><i><span data-contrast=\"auto\">Durante esta jornada, el Ministerio del Medio Ambiente, el Servicio de Evaluaci\u00f3n Ambiental y la Superintendencia de Medio Ambiente, lideraron un espacio de reflexi\u00f3n y conversaci\u00f3n en torno a los principales hitos de la institucionalidad ambiental en sus 30 a\u00f1os de funcionamiento.\u00a0<\/span><\/i><span data-ccp-props=\"{&quot;201341983&quot;:0,&quot;335551550&quot;:6,&quot;335551620&quot;:6,&quot;335559739&quot;:160,&quot;335559740&quot;:259}\">\u00a0<\/span><\/li>\n<li data-leveltext=\"\uf0b7\" data-font=\"Symbol\" data-listid=\"3\" data-list-defn-props=\"{&quot;335552541&quot;:1,&quot;335559685&quot;:720,&quot;335559991&quot;:360,&quot;469769226&quot;:&quot;Symbol&quot;,&quot;469769242&quot;:[8226],&quot;469777803&quot;:&quot;left&quot;,&quot;469777804&quot;:&quot;\uf0b7&quot;,&quot;469777815&quot;:&quot;hybridMultilevel&quot;}\" aria-setsize=\"-1\" data-aria-posinset=\"2\" data-aria-level=\"1\"><i><span data-contrast=\"auto\">Este mes se cumplieron tres d\u00e9cadas desde que se publicara la Ley 19.300 sobre Bases Generales de Medio Ambiente, que sent\u00f3 las bases regulatorias para garantizar el derecho de las personas de vivir en un medioambiente libre de contaminaci\u00f3n.\u00a0<\/span><\/i><span data-ccp-props=\"{&quot;201341983&quot;:0,&quot;335551550&quot;:6,&quot;335551620&quot;:6,&quot;335559739&quot;:160,&quot;335559740&quot;:259}\">\u00a0<\/span><\/li>\n<\/ul>\n<p><span data-ccp-props=\"{&quot;201341983&quot;:0,&quot;335551550&quot;:6,&quot;335551620&quot;:6,&quot;335559739&quot;:160,&quot;335559740&quot;:259}\">\u00a0<\/span><\/p>\n<p><span data-contrast=\"auto\">El sal\u00f3n de honor de la Universidad de Chile fue el lugar en el que hoy el Ministerio del Medio Ambiente, el Servicio de Evaluaci\u00f3n Ambiental y la Superintendencia del Medio Ambiente se reunieron para conmemorar los 30 a\u00f1os de la institucionalidad ambiental y abordar los principales avances y desaf\u00edos para el futuro. Esto, en el marco de los 30 a\u00f1os de la Ley 19.300 de Bases Generales de Medio Ambiente, la que fue publicada en marzo de 1994.\u00a0<\/span><span data-ccp-props=\"{&quot;201341983&quot;:0,&quot;335551550&quot;:6,&quot;335551620&quot;:6,&quot;335559739&quot;:160,&quot;335559740&quot;:259}\">\u00a0<\/span><\/p>\n<p><span data-contrast=\"auto\">Se trat\u00f3 de un espacio de evaluaci\u00f3n y reflexi\u00f3n de los hitos que han marcado los \u00faltimos 30 a\u00f1os, con el objetivo de definir hacia d\u00f3nde debe avanzar el pa\u00eds para hacer frente a la triple crisis ambiental: de cambio clim\u00e1tico, de p\u00e9rdida de biodiversidad y contaminaci\u00f3n.\u00a0<\/span><span data-ccp-props=\"{&quot;201341983&quot;:0,&quot;335551550&quot;:6,&quot;335551620&quot;:6,&quot;335559739&quot;:160,&quot;335559740&quot;:259}\">\u00a0<\/span><\/p>\n<p><span data-contrast=\"auto\">La actividad, que se inici\u00f3 con un video de saludo del Presidente de la Rep\u00fablica, Gabriel Boric, cont\u00f3 con una gran cantidad de asistentes, entre ellos, autoridades, parlamentarios, representantes de gremios empresariales, sociedad civil, acad\u00e9micos y funcionarias y funcionarios que han sido parte de la institucionalidad ambiental desde sus inicios, cuando fue creada la Comisi\u00f3n Nacional del Medio Ambiente (Conama) en 1994, bajo el mandato del exPresidente Patricio Aylwin.\u00a0<\/span><span data-ccp-props=\"{&quot;201341983&quot;:0,&quot;335551550&quot;:6,&quot;335551620&quot;:6,&quot;335559739&quot;:160,&quot;335559740&quot;:259}\">\u00a0<\/span><\/p>\n<p><span data-contrast=\"auto\">En este contexto, la ministra del Medio Ambiente, Maisa Rojas, se\u00f1al\u00f3 que \u201ces emocionante ser testigo directo de c\u00f3mo nuestra institucionalidad se ha robustecido y se ha adecuado a las exigencias ambientales de nuestro pa\u00eds y del planeta. Eso ha requerido el esfuerzo y dedicaci\u00f3n de muchos funcionarios y funcionarias, a quienes agradecemos su enorme labor durante todos estos a\u00f1os\u201d.\u00a0<\/span><span data-ccp-props=\"{&quot;201341983&quot;:0,&quot;335551550&quot;:6,&quot;335551620&quot;:6,&quot;335559739&quot;:160,&quot;335559740&quot;:259}\">\u00a0<\/span><\/p>\n<p><span data-contrast=\"auto\">La secretaria de Estado agreg\u00f3 que \u201cseguimos apuntando alto: la triple crisis de cambio clim\u00e1tico, p\u00e9rdida de biodiversidad y contaminaci\u00f3n se ha profundizado durante los \u00faltimos a\u00f1os y es tarea de la institucionalidad ambiental adaptarse y saber responder a esas nuevas amenazas y fortalecerse. Tenemos un futuro muy desafiante por delante\u201d.<\/span><span data-ccp-props=\"{&quot;201341983&quot;:0,&quot;335551550&quot;:6,&quot;335551620&quot;:6,&quot;335559739&quot;:160,&quot;335559740&quot;:259}\">\u00a0<\/span><\/p>\n<p><span data-contrast=\"auto\">Durante la jornada se realizaron, adem\u00e1s, dos paneles de conversaci\u00f3n: el primero de ellos acerca de los avances alcanzados con la Ley 19.300, y, el segundo, respecto de los desaf\u00edos y temas pendientes. Ambos espacios contaron con la participaci\u00f3n de la ministra Rojas; el ex ministro del Medio Ambiente, Marcelo Mena; el ex subsecretario de Medio Ambiente, Energ\u00eda y ex director del SEA, Ricardo Irarr\u00e1zabal; la directora de Chile Sustentable, Sara Larra\u00edn; el gerente general de Generadoras de Chile, Camilo Charme; y la abogada del Centro de Derecho Ambiental de la Universidad de Chile, Ximena Insunza.\u00a0<\/span><span data-ccp-props=\"{&quot;201341983&quot;:0,&quot;335551550&quot;:6,&quot;335551620&quot;:6,&quot;335559739&quot;:160,&quot;335559740&quot;:259}\">\u00a0<\/span><\/p>\n<p><span data-contrast=\"auto\">En la instancia se abordaron los principales aspectos que fueron implementados con la publicaci\u00f3n de la ley, tales como el Sistema de Evaluaci\u00f3n de Impacto Ambiental, la participaci\u00f3n ciudadana, la fiscalizaci\u00f3n ambiental, la creaci\u00f3n de planes de descontaminaci\u00f3n y normas de emisi\u00f3n y calidad, entre otros.\u00a0<\/span><span data-ccp-props=\"{&quot;201341983&quot;:0,&quot;335551550&quot;:6,&quot;335551620&quot;:6,&quot;335559739&quot;:160,&quot;335559740&quot;:259}\">\u00a0<\/span><\/p>\n<p><span data-contrast=\"auto\">En este sentido, la directora ejecutiva del SEA, Valentina Dur\u00e1n, explic\u00f3 que \u201cla Ley 19.300 fue pionera en establecer la participaci\u00f3n ciudadana como un elemento necesario a la hora de definir pol\u00edticas p\u00fablicas y hacer gesti\u00f3n ambiental\u201d. As\u00ed, agreg\u00f3 que \u201cse estableci\u00f3 que los proyectos deben someterse al SEIA previo a su construcci\u00f3n, evaluando sus impactos en todas sus fases, desde la construcci\u00f3n y operaci\u00f3n, hasta el cierre, con la premisa de que los costos ambientales no deben transferirse a la sociedad, sino que deben ser asumidos por los titulares de los proyectos\u201d.\u00a0<\/span><span data-ccp-props=\"{&quot;201341983&quot;:0,&quot;335551550&quot;:6,&quot;335551620&quot;:6,&quot;335559739&quot;:160,&quot;335559740&quot;:259}\">\u00a0<\/span><\/p>\n<p><span data-contrast=\"auto\">\u201cEsta perspectiva preventiva en aplicaci\u00f3n del principio \u2018contaminador pagador\u2019 ha sido clave para mitigar impactos ambientales negativos. Sin duda, a\u00fan existen grandes desaf\u00edos a partir de esta primera ley ambiental que hoy cumple 30 a\u00f1os, pero s\u00f3lo a trav\u00e9s de un compromiso continuo y acciones concertadas de todos los actores involucrados, Chile podr\u00e1 avanzar hacia un futuro m\u00e1s sostenible&#8221;, sostuvo.<\/span><span data-ccp-props=\"{&quot;201341983&quot;:0,&quot;335551550&quot;:6,&quot;335551620&quot;:6,&quot;335559739&quot;:160,&quot;335559740&quot;:259}\">\u00a0<\/span><\/p>\n<p><span data-contrast=\"auto\">Por su parte, la superintendenta Marie Claude Plumer indic\u00f3 que \u201cno se puede discutir que hay un antes y un despu\u00e9s en la historia ambiental de Chile, con la publicaci\u00f3n de la Ley 19.300. Se trata de la ley m\u00e1s relevante en el pa\u00eds en esta materia, ya que sent\u00f3 las bases para garantizar el derecho de las personas a vivir en un medioambiente libre de contaminaci\u00f3n\u201d.\u00a0<\/span><span data-ccp-props=\"{&quot;201341983&quot;:0,&quot;335551550&quot;:6,&quot;335551620&quot;:6,&quot;335559739&quot;:160,&quot;335559740&quot;:259}\">\u00a0<\/span><\/p>\n<p><span data-contrast=\"auto\">En esa l\u00ednea, a\u00f1adi\u00f3 que \u201ca 30 a\u00f1os de ese hito, el pa\u00eds enfrenta nuevos desaf\u00edos que hacen urgente la necesidad de contar con instituciones m\u00e1s robustecidas y con todas las herramientas para hacerse cargo. Lo que es claro es que tenemos que seguir contribuyendo a la protecci\u00f3n ambiental, siendo el cumplimiento ambiental un eje fundamental para ello. A\u00fan hay mucho por hacer\u201d.<\/span><span data-ccp-props=\"{&quot;201341983&quot;:0,&quot;335551550&quot;:6,&quot;335551620&quot;:6,&quot;335559739&quot;:160,&quot;335559740&quot;:259}\">\u00a0<\/span><\/p>\n<p>&nbsp;<\/p>\n<h3><b><span data-contrast=\"auto\">Principales hitos Ley 19.300<\/span><\/b><span data-ccp-props=\"{&quot;201341983&quot;:0,&quot;335551550&quot;:6,&quot;335551620&quot;:6,&quot;335559739&quot;:160,&quot;335559740&quot;:259}\">\u00a0<\/span><\/h3>\n<ul>\n<li data-leveltext=\"-\" data-font=\"Calibri\" data-listid=\"1\" data-list-defn-props=\"{&quot;335552541&quot;:1,&quot;335559685&quot;:720,&quot;335559991&quot;:360,&quot;469769226&quot;:&quot;Calibri&quot;,&quot;469769242&quot;:[8226],&quot;469777803&quot;:&quot;left&quot;,&quot;469777804&quot;:&quot;-&quot;,&quot;469777815&quot;:&quot;hybridMultilevel&quot;}\" aria-setsize=\"-1\" data-aria-posinset=\"3\" data-aria-level=\"1\"><span data-contrast=\"auto\">El a\u00f1o 1990 se crea la Secretar\u00eda T\u00e9cnica y Administrativa de la Comisi\u00f3n Nacional de Medio Ambiente, dependiente del Ministerio de Bienes Nacionales. Su primer director ejecutivo fue Rafael Asenjo. Esta instancia tuvo como tarea fundamental preparar las bases de la nueva institucionalidad ambiental.<\/span><span data-ccp-props=\"{&quot;201341983&quot;:0,&quot;335551550&quot;:6,&quot;335551620&quot;:6,&quot;335559739&quot;:160,&quot;335559740&quot;:259}\">\u00a0<\/span><\/li>\n<li data-leveltext=\"-\" data-font=\"Calibri\" data-listid=\"1\" data-list-defn-props=\"{&quot;335552541&quot;:1,&quot;335559685&quot;:720,&quot;335559991&quot;:360,&quot;469769226&quot;:&quot;Calibri&quot;,&quot;469769242&quot;:[8226],&quot;469777803&quot;:&quot;left&quot;,&quot;469777804&quot;:&quot;-&quot;,&quot;469777815&quot;:&quot;hybridMultilevel&quot;}\" aria-setsize=\"-1\" data-aria-posinset=\"4\" data-aria-level=\"1\"><span data-contrast=\"auto\">En 1992, luego de la Cumbre de Medio Ambiente de R\u00edo, se elabor\u00f3 un texto dando cuenta de la realidad ambiental de Chile y sus proyecciones para el futuro. En ese espacio, 165 pa\u00edses del mundo se comprometieron a realizar gestiones y disponer recursos para subsanar el da\u00f1o ambiental, entre ellos Chile.\u00a0<\/span><span data-ccp-props=\"{&quot;201341983&quot;:0,&quot;335551550&quot;:6,&quot;335551620&quot;:6,&quot;335559739&quot;:160,&quot;335559740&quot;:259}\">\u00a0<\/span><\/li>\n<li data-leveltext=\"-\" data-font=\"Calibri\" data-listid=\"1\" data-list-defn-props=\"{&quot;335552541&quot;:1,&quot;335559685&quot;:720,&quot;335559991&quot;:360,&quot;469769226&quot;:&quot;Calibri&quot;,&quot;469769242&quot;:[8226],&quot;469777803&quot;:&quot;left&quot;,&quot;469777804&quot;:&quot;-&quot;,&quot;469777815&quot;:&quot;hybridMultilevel&quot;}\" aria-setsize=\"-1\" data-aria-posinset=\"5\" data-aria-level=\"1\"><span data-contrast=\"auto\">En 1993, el exPresidente Patricio Aylwin envi\u00f3 al Congreso el proyecto de ley de Bases Generales del Medio Ambiente que, adem\u00e1s, creaba la Comisi\u00f3n Nacional de Medio Ambiente (Conama).<\/span><span data-ccp-props=\"{&quot;201341983&quot;:0,&quot;335551550&quot;:6,&quot;335551620&quot;:6,&quot;335559739&quot;:160,&quot;335559740&quot;:259}\">\u00a0<\/span><\/li>\n<li data-leveltext=\"-\" data-font=\"Calibri\" data-listid=\"1\" data-list-defn-props=\"{&quot;335552541&quot;:1,&quot;335559685&quot;:720,&quot;335559991&quot;:360,&quot;469769226&quot;:&quot;Calibri&quot;,&quot;469769242&quot;:[8226],&quot;469777803&quot;:&quot;left&quot;,&quot;469777804&quot;:&quot;-&quot;,&quot;469777815&quot;:&quot;hybridMultilevel&quot;}\" aria-setsize=\"-1\" data-aria-posinset=\"6\" data-aria-level=\"1\"><span data-contrast=\"auto\">En enero de 1994, el Congreso aprueba el proyecto y lo despacha a ley.\u00a0<\/span><span data-ccp-props=\"{&quot;201341983&quot;:0,&quot;335551550&quot;:6,&quot;335551620&quot;:6,&quot;335559739&quot;:160,&quot;335559740&quot;:259}\">\u00a0<\/span><\/li>\n<li data-leveltext=\"-\" data-font=\"Calibri\" data-listid=\"1\" data-list-defn-props=\"{&quot;335552541&quot;:1,&quot;335559685&quot;:720,&quot;335559991&quot;:360,&quot;469769226&quot;:&quot;Calibri&quot;,&quot;469769242&quot;:[8226],&quot;469777803&quot;:&quot;left&quot;,&quot;469777804&quot;:&quot;-&quot;,&quot;469777815&quot;:&quot;hybridMultilevel&quot;}\" aria-setsize=\"-1\" data-aria-posinset=\"7\" data-aria-level=\"1\"><span data-contrast=\"auto\">El 1 de marzo de 1994 fue promulgado el proyecto.\u00a0<\/span><span data-ccp-props=\"{&quot;201341983&quot;:0,&quot;335551550&quot;:6,&quot;335551620&quot;:6,&quot;335559739&quot;:160,&quot;335559740&quot;:259}\">\u00a0<\/span><\/li>\n<li data-leveltext=\"-\" data-font=\"Calibri\" data-listid=\"1\" data-list-defn-props=\"{&quot;335552541&quot;:1,&quot;335559685&quot;:720,&quot;335559991&quot;:360,&quot;469769226&quot;:&quot;Calibri&quot;,&quot;469769242&quot;:[8226],&quot;469777803&quot;:&quot;left&quot;,&quot;469777804&quot;:&quot;-&quot;,&quot;469777815&quot;:&quot;hybridMultilevel&quot;}\" aria-setsize=\"-1\" data-aria-posinset=\"8\" data-aria-level=\"1\"><span data-contrast=\"auto\">En marzo de 1994, la Conama \u2013dependiente del Ministerio Secretar\u00eda General de la Presidencia- inici\u00f3 su trabajo, teniendo como primer director ejecutivo al investigador Jos\u00e9 Go\u00f1i. Durante los primeros a\u00f1os comenz\u00f3 a funcionar el Sistema de Evaluaci\u00f3n Ambiental, se promulgaron los primeros planes de descontaminaci\u00f3n atmosf\u00e9ricos y se dictaron las primeras normas ambientales, adem\u00e1s de impulsar los procesos de participaci\u00f3n ciudadana.\u00a0<\/span><span data-ccp-props=\"{&quot;201341983&quot;:0,&quot;335551550&quot;:6,&quot;335551620&quot;:6,&quot;335559739&quot;:160,&quot;335559740&quot;:259}\">\u00a0<\/span><\/li>\n<li data-leveltext=\"-\" data-font=\"Calibri\" data-listid=\"1\" data-list-defn-props=\"{&quot;335552541&quot;:1,&quot;335559685&quot;:720,&quot;335559991&quot;:360,&quot;469769226&quot;:&quot;Calibri&quot;,&quot;469769242&quot;:[8226],&quot;469777803&quot;:&quot;left&quot;,&quot;469777804&quot;:&quot;-&quot;,&quot;469777815&quot;:&quot;hybridMultilevel&quot;}\" aria-setsize=\"-1\" data-aria-posinset=\"9\" data-aria-level=\"1\"><span data-contrast=\"auto\">En enero de 2010, la exPresidenta Michelle Bachelet promulg\u00f3 la Ley 20.417 -que reformaba la Ley 19.300- que creaba el Ministerio del Medio Ambiente, el Servicio de Evaluaci\u00f3n Ambiental y la Superintendencia del Medio Ambiente. La primera ministra del Medio Ambiente fue la abogada Ana Lya Uriarte, quien asumi\u00f3 en el cargo en 2006 con el objetivo de presentar una propuesta de redise\u00f1o de la institucionalidad ambiental.\u00a0<\/span><span data-ccp-props=\"{&quot;201341983&quot;:0,&quot;335551550&quot;:6,&quot;335551620&quot;:6,&quot;335559739&quot;:160,&quot;335559740&quot;:259}\">\u00a0<\/span><\/li>\n<li data-leveltext=\"-\" data-font=\"Calibri\" data-listid=\"1\" data-list-defn-props=\"{&quot;335552541&quot;:1,&quot;335559685&quot;:720,&quot;335559991&quot;:360,&quot;469769226&quot;:&quot;Calibri&quot;,&quot;469769242&quot;:[8226],&quot;469777803&quot;:&quot;left&quot;,&quot;469777804&quot;:&quot;-&quot;,&quot;469777815&quot;:&quot;hybridMultilevel&quot;}\" aria-setsize=\"-1\" data-aria-posinset=\"10\" data-aria-level=\"1\"><span data-contrast=\"auto\">En 2012 se promulga la Ley 20.600 que cre\u00f3 los tres tribunales ambientales del pa\u00eds.<\/span><span data-ccp-props=\"{&quot;201341983&quot;:0,&quot;335551550&quot;:6,&quot;335551620&quot;:6,&quot;335559739&quot;:160,&quot;335559740&quot;:259}\">\u00a0<\/span><\/li>\n<li data-leveltext=\"-\" data-font=\"Calibri\" data-listid=\"1\" data-list-defn-props=\"{&quot;335552541&quot;:1,&quot;335559685&quot;:720,&quot;335559991&quot;:360,&quot;469769226&quot;:&quot;Calibri&quot;,&quot;469769242&quot;:[8226],&quot;469777803&quot;:&quot;left&quot;,&quot;469777804&quot;:&quot;-&quot;,&quot;469777815&quot;:&quot;hybridMultilevel&quot;}\" aria-setsize=\"-1\" data-aria-posinset=\"11\" data-aria-level=\"1\"><span data-contrast=\"auto\">En 2023, luego de 13 a\u00f1os de tramitaci\u00f3n, se promulg\u00f3 la Ley 21.600 que cre\u00f3 el Servicio de Biodiversidad y \u00c1reas Protegidas (SBAP), organismo que, con su instalaci\u00f3n, completar\u00e1 la institucionalidad ambiental chilena.\u00a0<\/span><\/li>\n<\/ul>\n<p><span data-contrast=\"auto\">\u00a0<\/span><span data-ccp-props=\"{&quot;201341983&quot;:0,&quot;335559739&quot;:160,&quot;335559740&quot;:259}\">\u00a0<\/span><\/p>\n","protected":false},"excerpt":{"rendered":"<p>Durante esta jornada, el Ministerio del Medio Ambiente, el Servicio de Evaluaci\u00f3n Ambiental y la Superintendencia de Medio Ambiente, lideraron un espacio de reflexi\u00f3n y conversaci\u00f3n en torno a los principales hitos de la institucionalidad ambiental en sus 30 a\u00f1os de funcionamiento.\u00a0\u00a0 Este mes se cumplieron tres d\u00e9cadas desde que se publicara la Ley 19.300 sobre <a href=\"https:\/\/portal.sma.gob.cl\/index.php\/30-anos-de-la-institucionalidad-ambiental-tenemos-un-futuro-muy-desafiante-por-delante\/\">Leer m\u00e1s<\/a><\/p>\n","protected":false},"author":13,"featured_media":30595,"comment_status":"open","ping_status":"open","sticky":false,"template":"","format":"standard","meta":{"footnotes":""},"categories":[90,107,225,224,226,94],"tags":[],"class_list":["post-30594","post","type-post","status-publish","format-standard","has-post-thumbnail","hentry","category-comunicados-noticias","category-destacado","category-macrozona-centro","category-macrozona-norte","category-macrozona-sur","category-notas-noticias"],"_links":{"self":[{"href":"https:\/\/portal.sma.gob.cl\/index.php\/wp-json\/wp\/v2\/posts\/30594","targetHints":{"allow":["GET"]}}],"collection":[{"href":"https:\/\/portal.sma.gob.cl\/index.php\/wp-json\/wp\/v2\/posts"}],"about":[{"href":"https:\/\/portal.sma.gob.cl\/index.php\/wp-json\/wp\/v2\/types\/post"}],"author":[{"embeddable":true,"href":"https:\/\/portal.sma.gob.cl\/index.php\/wp-json\/wp\/v2\/users\/13"}],"replies":[{"embeddable":true,"href":"https:\/\/portal.sma.gob.cl\/index.php\/wp-json\/wp\/v2\/comments?post=30594"}],"version-history":[{"count":2,"href":"https:\/\/portal.sma.gob.cl\/index.php\/wp-json\/wp\/v2\/posts\/30594\/revisions"}],"predecessor-version":[{"id":30600,"href":"https:\/\/portal.sma.gob.cl\/index.php\/wp-json\/wp\/v2\/posts\/30594\/revisions\/30600"}],"wp:featuredmedia":[{"embeddable":true,"href":"https:\/\/portal.sma.gob.cl\/index.php\/wp-json\/wp\/v2\/media\/30595"}],"wp:attachment":[{"href":"https:\/\/portal.sma.gob.cl\/index.php\/wp-json\/wp\/v2\/media?parent=30594"}],"wp:term":[{"taxonomy":"category","embeddable":true,"href":"https:\/\/portal.sma.gob.cl\/index.php\/wp-json\/wp\/v2\/categories?post=30594"},{"taxonomy":"post_tag","embeddable":true,"href":"https:\/\/portal.sma.gob.cl\/index.php\/wp-json\/wp\/v2\/tags?post=30594"}],"curies":[{"name":"wp","href":"https:\/\/api.w.org\/{rel}","templated":true}]}}