{"id":30622,"date":"2024-04-04T10:03:56","date_gmt":"2024-04-04T13:03:56","guid":{"rendered":"https:\/\/portal.sma.gob.cl\/?p=30622"},"modified":"2024-06-06T15:52:45","modified_gmt":"2024-06-06T19:52:45","slug":"sma-mma-y-sec-organizan-taller-sobre-nueva-norma-luminica","status":"publish","type":"post","link":"https:\/\/portal.sma.gob.cl\/index.php\/sma-mma-y-sec-organizan-taller-sobre-nueva-norma-luminica\/","title":{"rendered":"SMA, MMA y SEC organizan taller sobre nueva norma lum\u00ednica"},"content":{"rendered":"<ul>\n<li><strong><span class=\"TextRun SCXW3864744 BCX0\" lang=\"ES-ES\" xml:lang=\"ES-ES\" data-contrast=\"auto\"><span class=\"NormalTextRun SCXW3864744 BCX0\">El taller, denominado<\/span> <span class=\"NormalTextRun SCXW3864744 BCX0\">\u201cElaboraci\u00f3n de Protocolo de An\u00e1lisis y Ensayo en el contexto de una Nueva Norma Lum\u00ednica\u201d<\/span><span class=\"NormalTextRun SCXW3864744 BCX0\">,<\/span> <span class=\"NormalTextRun SCXW3864744 BCX0\">cont\u00f3 con exposiciones informativas <\/span><span class=\"NormalTextRun SCXW3864744 BCX0\">de c<\/span><span class=\"NormalTextRun SCXW3864744 BCX0\">ada instituci\u00f3n<\/span><span class=\"NormalTextRun SCXW3864744 BCX0\"> y rondas de <\/span><span class=\"NormalTextRun SCXW3864744 BCX0\">comentarios<\/span><span class=\"NormalTextRun SCXW3864744 BCX0\"> realizad<\/span><span class=\"NormalTextRun SCXW3864744 BCX0\">os<\/span><span class=\"NormalTextRun SCXW3864744 BCX0\"> por los participantes.\u00a0<\/span><\/span><span class=\"EOP SCXW3864744 BCX0\" data-ccp-props=\"{&quot;201341983&quot;:0,&quot;335551550&quot;:6,&quot;335551620&quot;:6,&quot;335559739&quot;:0,&quot;335559740&quot;:259}\">\u00a0<\/span><\/strong><\/li>\n<\/ul>\n<p><span data-contrast=\"auto\"><strong>Santiago, 03 de abril de 2024.-<\/strong> En el marco de la asistencia al cumplimiento, la Superintendencia del Medio Ambiente (SMA), en coordinaci\u00f3n con el Ministerio del Medio Ambiente (MMA) y la Superintendencia de Electricidad y Combustibles (SEC), convocaron un taller dirigido a importadores de luminarias, laboratorios y organismos de certificaci\u00f3n relativos a la nueva norma lum\u00ednica que entrar\u00e1 en vigencia desde el pr\u00f3ximo 19 de octubre.<\/span><span data-ccp-props=\"{&quot;201341983&quot;:0,&quot;335551550&quot;:6,&quot;335551620&quot;:6,&quot;335559739&quot;:0,&quot;335559740&quot;:259}\">\u00a0<\/span><\/p>\n<p><span data-contrast=\"auto\">La instancia tuvo por objetivo dar a conocer el proceso de elaboraci\u00f3n del protocolo de an\u00e1lisis y ensayo de productos el\u00e9ctricos para el cumplimiento de la norma, junto con recoger observaciones y acotaciones sobre puntos clave del documento.<\/span><span data-ccp-props=\"{&quot;201341983&quot;:0,&quot;335551550&quot;:6,&quot;335551620&quot;:6,&quot;335559739&quot;:0,&quot;335559740&quot;:259}\">\u00a0<\/span><\/p>\n<p><span data-contrast=\"auto\">Durante la jornada, la Superintendencia del Medio Ambiente present\u00f3 la exposici\u00f3n \u201cProtocolo de An\u00e1lisis y Ensayo Nueva Norma Lum\u00ednica\u201d, con la relator\u00eda del profesional de la Secci\u00f3n de Especialidades de la Divisi\u00f3n de Fiscalizaci\u00f3n, Felipe Loaiza, quien entreg\u00f3 detalles sobre los contenidos del Protocolo y pr\u00f3ximos hitos para su formalizaci\u00f3n.\u00a0<\/span><span data-ccp-props=\"{&quot;201341983&quot;:0,&quot;335551550&quot;:6,&quot;335551620&quot;:6,&quot;335559739&quot;:0,&quot;335559740&quot;:259}\">\u00a0<\/span><\/p>\n<p><span data-contrast=\"auto\">El profesional agreg\u00f3 que \u201c<\/span><i><span data-contrast=\"auto\">buscamos mantener los sistemas de certificaci\u00f3n, incorporando seguimiento de los productos para verificar su cumplimiento<\/span><\/i><span data-contrast=\"auto\">\u201d, anunciando as\u00ed la implementaci\u00f3n de nuevos procesos de monitoreo al marco de la regulaci\u00f3n de contaminaci\u00f3n lum\u00ednica.\u00a0<\/span><span data-ccp-props=\"{&quot;201341983&quot;:0,&quot;335551550&quot;:6,&quot;335551620&quot;:6,&quot;335559739&quot;:0,&quot;335559740&quot;:259}\">\u00a0<\/span><\/p>\n<p><span data-contrast=\"auto\">Asimismo, Igor Valdebenito, Jefe del departamento de ruido, lum\u00ednica y olores del Ministerio del Medio Ambiente, present\u00f3 la exposici\u00f3n \u201cNorma Lum\u00ednica\u201d, donde se revis\u00f3 la normativa de emisiones lum\u00ednicas y su evoluci\u00f3n a trav\u00e9s del tiempo, enfatizando que \u00e9sta contar\u00e1 con exigencias especiales para proteger la observaci\u00f3n astron\u00f3mica, la salud de las personas y la biodiversidad.\u00a0<\/span><span data-ccp-props=\"{&quot;201341983&quot;:0,&quot;335551550&quot;:6,&quot;335551620&quot;:6,&quot;335559739&quot;:0,&quot;335559740&quot;:259}\">\u00a0<\/span><\/p>\n<p><span data-contrast=\"auto\">Por \u00faltimo, la SEC expuso sobre \u201cAutorizaci\u00f3n de Organismos de Certificaci\u00f3n\u201d, a cargo de Sergio Barrera, profesional de eficiencia energ\u00e9tica del Departamento T\u00e9cnico de Productos, quien explic\u00f3 los procesos y sistemas de certificaci\u00f3n de productos lum\u00ednicos en Chile, as\u00ed como el rol de la SEC en su fiscalizaci\u00f3n y los pr\u00f3ximos desaf\u00edos dentro de las regulaciones a nivel p\u00fablico y privado.<\/span><span data-ccp-props=\"{&quot;201341983&quot;:0,&quot;335551550&quot;:6,&quot;335551620&quot;:6,&quot;335559739&quot;:0,&quot;335559740&quot;:259}\">\u00a0<\/span><\/p>\n<p>&nbsp;<\/p>\n<h3><b><span data-contrast=\"auto\">Conoce la norma lum\u00ednica<\/span><\/b><span data-ccp-props=\"{&quot;201341983&quot;:0,&quot;335551550&quot;:6,&quot;335551620&quot;:6,&quot;335559739&quot;:0,&quot;335559740&quot;:259}\">\u00a0<\/span><\/h3>\n<p><span data-contrast=\"auto\">Desde 1998 Chile cuenta con una Norma de Emisi\u00f3n para la Regulaci\u00f3n de la Contaminaci\u00f3n Lum\u00ednica para las regiones de Antofagasta, Atacama y Coquimbo, con el fin de proteger la calidad astron\u00f3mica de los cielos nocturnos del norte de nuestro pa\u00eds. Sin embargo, a partir del 19 de octubre de este a\u00f1o, la normativa se ampliar\u00e1 al resto de Chile.\u00a0<\/span><span data-ccp-props=\"{&quot;201341983&quot;:0,&quot;335551550&quot;:6,&quot;335551620&quot;:6,&quot;335559739&quot;:0,&quot;335559740&quot;:259}\">\u00a0<\/span><\/p>\n<p><span data-contrast=\"auto\">La normativa apunta a reducir la contaminaci\u00f3n lum\u00ednica. Esta se define como la alteraci\u00f3n de la oscuridad natural de la noche, por luz innecesaria o inadecuada que es generada a trav\u00e9s del alumbrado de exteriores, y que provoca impactos en la salud y en la vida de los seres vivos.<\/span><span data-ccp-props=\"{&quot;201341983&quot;:0,&quot;335551550&quot;:6,&quot;335551620&quot;:6,&quot;335559739&quot;:0,&quot;335559740&quot;:259}\">\u00a0<\/span><\/p>\n<p><span data-ccp-props=\"{&quot;201341983&quot;:0,&quot;335551550&quot;:6,&quot;335551620&quot;:6,&quot;335559739&quot;:0,&quot;335559740&quot;:259}\">\u00a0<\/span><\/p>\n<h3><b><span data-contrast=\"auto\">Otros detalles<\/span><\/b><span data-ccp-props=\"{&quot;134233117&quot;:false,&quot;134233118&quot;:false,&quot;201341983&quot;:0,&quot;335551550&quot;:6,&quot;335551620&quot;:6,&quot;335557856&quot;:16777215,&quot;335559738&quot;:0,&quot;335559739&quot;:300,&quot;335559740&quot;:240}\">\u00a0<\/span><\/h3>\n<p><span data-contrast=\"auto\">Dado que la luz blanca fr\u00eda es la m\u00e1s contaminante, la nueva norma lum\u00ednica impulsar\u00e1 la transici\u00f3n hacia el uso de la luz c\u00e1lida, con restricci\u00f3n en la emisi\u00f3n de luz azul. Por ello, se contar\u00e1 con l\u00edmites diferenciados para todo el pa\u00eds y para las denominadas \u00c1reas de Protecci\u00f3n Especial.<\/span><span data-ccp-props=\"{&quot;134233117&quot;:false,&quot;134233118&quot;:false,&quot;201341983&quot;:0,&quot;335551550&quot;:6,&quot;335551620&quot;:6,&quot;335557856&quot;:16777215,&quot;335559738&quot;:0,&quot;335559739&quot;:300,&quot;335559740&quot;:240}\">\u00a0<\/span><\/p>\n<p><span data-contrast=\"auto\">Estas zonas especiales ser\u00e1n tres. Primero, las con valor para la observaci\u00f3n astron\u00f3mica con fines de investigaci\u00f3n cient\u00edfica. Segundo, \u00e1reas de Protecci\u00f3n de Biodiversidad o \u00c1reas Protegidas como Parques Nacionales, Reservas, Santuarios de la Naturaleza, entre otros. \u202fTercero, zonas de reproducci\u00f3n y comunas con mayor impacto en especies amenazadas por la contaminaci\u00f3n lum\u00ednica, se\u00f1aladas expresamente en un Plan de Recuperaci\u00f3n, Conservaci\u00f3n y Gesti\u00f3n de Especies (Plan RECOGE), elaborado por el Ministerio del Medio Ambiente.<\/span><span data-ccp-props=\"{&quot;134233117&quot;:false,&quot;134233118&quot;:false,&quot;201341983&quot;:0,&quot;335551550&quot;:6,&quot;335551620&quot;:6,&quot;335557856&quot;:16777215,&quot;335559738&quot;:0,&quot;335559739&quot;:300,&quot;335559740&quot;:240}\">\u00a0<\/span><\/p>\n","protected":false},"excerpt":{"rendered":"<p>El taller, denominado \u201cElaboraci\u00f3n de Protocolo de An\u00e1lisis y Ensayo en el contexto de una Nueva Norma Lum\u00ednica\u201d, cont\u00f3 con exposiciones informativas de cada instituci\u00f3n y rondas de comentarios realizados por los participantes.\u00a0\u00a0 Santiago, 03 de abril de 2024.- En el marco de la asistencia al cumplimiento, la Superintendencia del Medio Ambiente (SMA), en coordinaci\u00f3n con <a href=\"https:\/\/portal.sma.gob.cl\/index.php\/sma-mma-y-sec-organizan-taller-sobre-nueva-norma-luminica\/\">Leer m\u00e1s<\/a><\/p>\n","protected":false},"author":17,"featured_media":30623,"comment_status":"open","ping_status":"open","sticky":false,"template":"","format":"standard","meta":{"footnotes":""},"categories":[252,90,225],"tags":[],"class_list":["post-30622","post","type-post","status-publish","format-standard","has-post-thumbnail","hentry","category-asistencia-al-cumplimiento","category-comunicados-noticias","category-macrozona-centro"],"_links":{"self":[{"href":"https:\/\/portal.sma.gob.cl\/index.php\/wp-json\/wp\/v2\/posts\/30622","targetHints":{"allow":["GET"]}}],"collection":[{"href":"https:\/\/portal.sma.gob.cl\/index.php\/wp-json\/wp\/v2\/posts"}],"about":[{"href":"https:\/\/portal.sma.gob.cl\/index.php\/wp-json\/wp\/v2\/types\/post"}],"author":[{"embeddable":true,"href":"https:\/\/portal.sma.gob.cl\/index.php\/wp-json\/wp\/v2\/users\/17"}],"replies":[{"embeddable":true,"href":"https:\/\/portal.sma.gob.cl\/index.php\/wp-json\/wp\/v2\/comments?post=30622"}],"version-history":[{"count":5,"href":"https:\/\/portal.sma.gob.cl\/index.php\/wp-json\/wp\/v2\/posts\/30622\/revisions"}],"predecessor-version":[{"id":30631,"href":"https:\/\/portal.sma.gob.cl\/index.php\/wp-json\/wp\/v2\/posts\/30622\/revisions\/30631"}],"wp:featuredmedia":[{"embeddable":true,"href":"https:\/\/portal.sma.gob.cl\/index.php\/wp-json\/wp\/v2\/media\/30623"}],"wp:attachment":[{"href":"https:\/\/portal.sma.gob.cl\/index.php\/wp-json\/wp\/v2\/media?parent=30622"}],"wp:term":[{"taxonomy":"category","embeddable":true,"href":"https:\/\/portal.sma.gob.cl\/index.php\/wp-json\/wp\/v2\/categories?post=30622"},{"taxonomy":"post_tag","embeddable":true,"href":"https:\/\/portal.sma.gob.cl\/index.php\/wp-json\/wp\/v2\/tags?post=30622"}],"curies":[{"name":"wp","href":"https:\/\/api.w.org\/{rel}","templated":true}]}}