{"id":30662,"date":"2024-04-11T09:13:29","date_gmt":"2024-04-11T13:13:29","guid":{"rendered":"https:\/\/portal.sma.gob.cl\/?p=30662"},"modified":"2024-04-11T09:14:49","modified_gmt":"2024-04-11T13:14:49","slug":"sma-dio-inicio-al-ciclo-de-programacion-de-fiscalizacion-ambiental-2024-2025-para-organismos-publicos","status":"publish","type":"post","link":"https:\/\/portal.sma.gob.cl\/index.php\/sma-dio-inicio-al-ciclo-de-programacion-de-fiscalizacion-ambiental-2024-2025-para-organismos-publicos\/","title":{"rendered":"SMA dio inicio al Ciclo de Programaci\u00f3n de Fiscalizaci\u00f3n Ambiental 2024 -2025 para organismos p\u00fablicos"},"content":{"rendered":"<ul>\n<li><strong>La Superintendenta Marie Claude Plumer convoc\u00f3 a representantes de los diversos servicios p\u00fablicos que forman parte de la Red Nacional de Fiscalizaci\u00f3n Ambiental (RENFA).<\/strong><\/li>\n<\/ul>\n<p><strong>Santiago, 10 de abril de 2024.- <\/strong>La Superintendencia del Medio Ambiente (SMA) llev\u00f3 a cabo la reuni\u00f3n anual para dar inicio al Ciclo de Programaci\u00f3n de la Fiscalizaci\u00f3n 2024-2025, con el objetivo de elaborar programas y subprogramas de fiscalizaci\u00f3n para el pr\u00f3ximo per\u00edodo de trabajo.<\/p>\n<p>Al igual que todos los a\u00f1os, la jornada cont\u00f3 con la presencia de representantes de diversos organismos sectoriales de la Red Nacional de Fiscalizaci\u00f3n Ambiental (RENFA), entre ellos Conaf, Sernapesca, Directemar y otros.<\/p>\n<p>La convocatoria fue inaugurada por la Superintendenta del Medio Ambiente, <strong>Marie Claude Plumer<\/strong>, quien recalc\u00f3 los <strong>objetivos estrat\u00e9gicos 2023-2026 <\/strong>de la SMA: \u201c<em>Estos objetivos han estado acompa\u00f1ando nuestro trabajo y se van replicando en el ejercicio de la fiscalizaci\u00f3n y el ejercicio de la potestad sancionadora para el cumplimiento ambienta<\/em>l\u201d.<\/p>\n<p>Luego de\u00a0realizar un balance sobre los desaf\u00edos del per\u00edodo 2023,\u00a0la autoridad present\u00f3 los cinco\u00a0lineamientos para la programaci\u00f3n 2025, siendo estos\u00a0la atenci\u00f3n de denuncias; el despliegue\u00a0de la fiscalizaci\u00f3n en territorios prioritarios; el aumento de cobertura mediante mecanismos tecnol\u00f3gicos; la fiscalizaci\u00f3n focalizada\u00a0y activa\u00a0en problemas ambientales de escasez h\u00eddrica, protecci\u00f3n de biodiversidad y resguardo de calidad de vida en\u00a0la ciudadan\u00eda; e incrementar la fiscalizaci\u00f3n sobre los Programas de Cumplimiento.<\/p>\n<p>Posteriormente, la jefa de la Divisi\u00f3n de Fiscalizaci\u00f3n (DFZ) de la SMA, <strong>Claudia Pastore<\/strong>, indic\u00f3 el plan de trabajo 2024 a partir de cuatro grandes premisas:<\/p>\n<ol>\n<li>El fortalecimiento de la acci\u00f3n fiscalizadora.<\/li>\n<li>El trabajo coordinado a nivel interinstitucional, con la implementaci\u00f3n de capacitaciones, actualizaci\u00f3n de convenios, mesas de trabajo entre organismos sectoriales, seguimiento de labores y exploraci\u00f3n de nuevas modalidades de fiscalizaci\u00f3n.<\/li>\n<li>Mejorar la oportunidad de reportes, con el objetivo de facilitar la elaboraci\u00f3n de informes de fiscalizaci\u00f3n detallados y entregados en mejores plazos.<\/li>\n<li>Enfatizar los lineamientos ambientales de la instituci\u00f3n para el pr\u00f3ximo programa 2025, considerando las directrices planteadas por la SMA.<\/li>\n<\/ol>\n<p>Adem\u00e1s, se present\u00f3 el calendario del plan de trabajo 2024 para los organismos, que considera una etapa de consulta de participaci\u00f3n por parte de la SMA a las instituciones de la RENFA.<\/p>\n<p>Por \u00faltimo, Pastore comparti\u00f3 los resultados de los subprogramas 2023, indicando un muy alto \u00edndice de cumplimiento en regiones, invitando as\u00ed a los asistentes a continuar el trabajo en equipo: <em>\u201cLos invitamos a seguir trabajando e incorporar sus inquietudes para que podamos fortalecer nuestro trabajo desde el punto de vista ambiental\u201d.<\/em><\/p>\n","protected":false},"excerpt":{"rendered":"<p>La Superintendenta Marie Claude Plumer convoc\u00f3 a representantes de los diversos servicios p\u00fablicos que forman parte de la Red Nacional de Fiscalizaci\u00f3n Ambiental (RENFA). Santiago, 10 de abril de 2024.- La Superintendencia del Medio Ambiente (SMA) llev\u00f3 a cabo la reuni\u00f3n anual para dar inicio al Ciclo de Programaci\u00f3n de la Fiscalizaci\u00f3n 2024-2025, con el objetivo <a href=\"https:\/\/portal.sma.gob.cl\/index.php\/sma-dio-inicio-al-ciclo-de-programacion-de-fiscalizacion-ambiental-2024-2025-para-organismos-publicos\/\">Leer m\u00e1s<\/a><\/p>\n","protected":false},"author":8,"featured_media":30668,"comment_status":"open","ping_status":"open","sticky":false,"template":"","format":"standard","meta":{"footnotes":""},"categories":[90,107,225,232],"tags":[],"class_list":["post-30662","post","type-post","status-publish","format-standard","has-post-thumbnail","hentry","category-comunicados-noticias","category-destacado","category-macrozona-centro","category-metropolitana"],"_links":{"self":[{"href":"https:\/\/portal.sma.gob.cl\/index.php\/wp-json\/wp\/v2\/posts\/30662","targetHints":{"allow":["GET"]}}],"collection":[{"href":"https:\/\/portal.sma.gob.cl\/index.php\/wp-json\/wp\/v2\/posts"}],"about":[{"href":"https:\/\/portal.sma.gob.cl\/index.php\/wp-json\/wp\/v2\/types\/post"}],"author":[{"embeddable":true,"href":"https:\/\/portal.sma.gob.cl\/index.php\/wp-json\/wp\/v2\/users\/8"}],"replies":[{"embeddable":true,"href":"https:\/\/portal.sma.gob.cl\/index.php\/wp-json\/wp\/v2\/comments?post=30662"}],"version-history":[{"count":3,"href":"https:\/\/portal.sma.gob.cl\/index.php\/wp-json\/wp\/v2\/posts\/30662\/revisions"}],"predecessor-version":[{"id":30670,"href":"https:\/\/portal.sma.gob.cl\/index.php\/wp-json\/wp\/v2\/posts\/30662\/revisions\/30670"}],"wp:featuredmedia":[{"embeddable":true,"href":"https:\/\/portal.sma.gob.cl\/index.php\/wp-json\/wp\/v2\/media\/30668"}],"wp:attachment":[{"href":"https:\/\/portal.sma.gob.cl\/index.php\/wp-json\/wp\/v2\/media?parent=30662"}],"wp:term":[{"taxonomy":"category","embeddable":true,"href":"https:\/\/portal.sma.gob.cl\/index.php\/wp-json\/wp\/v2\/categories?post=30662"},{"taxonomy":"post_tag","embeddable":true,"href":"https:\/\/portal.sma.gob.cl\/index.php\/wp-json\/wp\/v2\/tags?post=30662"}],"curies":[{"name":"wp","href":"https:\/\/api.w.org\/{rel}","templated":true}]}}