{"id":30681,"date":"2024-04-16T15:27:59","date_gmt":"2024-04-16T19:27:59","guid":{"rendered":"https:\/\/portal.sma.gob.cl\/?p=30681"},"modified":"2024-04-16T15:27:59","modified_gmt":"2024-04-16T19:27:59","slug":"biobio-sma-renueva-medida-de-clausura-del-vertedero-ilegal-que-opera-en-humedal-vasco-da-gama","status":"publish","type":"post","link":"https:\/\/portal.sma.gob.cl\/index.php\/biobio-sma-renueva-medida-de-clausura-del-vertedero-ilegal-que-opera-en-humedal-vasco-da-gama\/","title":{"rendered":"Biob\u00edo: SMA renueva medida de clausura del vertedero ilegal que opera en humedal Vasco Da Gama"},"content":{"rendered":"<p>\u00b7\u00a0\u00a0\u00a0\u00a0\u00a0\u00a0\u00a0\u00a0<strong> Medida provisional procedimental se renovar\u00e1 por un plazo de 30 d\u00edas corridos, previa autorizaci\u00f3n del Ilustre Tercer Tribunal Ambiental.<\/strong><\/p>\n<p><strong>Hualp\u00e9n, Regi\u00f3n del Biob\u00edo, 16 de abril de 2024.<\/strong>\u00a0La Superintendencia del Medio Ambiente (SMA), previa autorizaci\u00f3n del Ilustre Tercer Tribunal Ambiental, renov\u00f3 por un periodo de 30 d\u00edas corridos, la clausura temporal y total de las actividades de disposici\u00f3n de residuos s\u00f3lidos y relleno con material de \u00e1ridos, llevadas a cabo en parte del Humedal Vasco Da Gama -espec\u00edficamente en el Fundo El Bodal s\/n, comuna de Hualp\u00e9n, Regi\u00f3n del Biob\u00edo- por Heraldo Parra Pincheira. Dicho proyecto no cuenta con el permiso ambiental respectivo para su operaci\u00f3n, habi\u00e9ndose formulado cargos mediante la Resoluci\u00f3n Exenta N\u00b01\/Rol D-112-2023, de fecha 05 de mayo de 2023.<\/p>\n<p>Cabe recordar que, para la dictaci\u00f3n de esta medida provisional procedimental, se tuvo en consideraci\u00f3n las denuncias ingresadas el a\u00f1o 2023 vinculadas a la intervenci\u00f3n del humedal, adem\u00e1s de los antecedentes levantados en distintas inspecciones en terreno realizadas entre los a\u00f1os 2023 y 2024.<\/p>\n<p>En efecto, en dos actividades de inspecci\u00f3n ambiental, realizadas en marzo de este a\u00f1o, se constat\u00f3 la existencia de nuevos sitios de acopio en el sector poniente del predio, as\u00ed como nuevos dep\u00f3sitos de escombros al inicio de la zona inundada, en el sector sur del humedal. Lo recabado en ambas fiscalizaciones, sumado a inspecciones realizadas en el a\u00f1o 2023 y al apoyo de im\u00e1genes satelitales, permitieron concluir que ha habido un aumento de la superficie afectada del humedal y de su ecosistema y una afectaci\u00f3n de la calidad de sus aguas. Esto da cuenta no s\u00f3lo de la persistencia de la intervenci\u00f3n, sino tambi\u00e9n de una intensificaci\u00f3n en la inminencia del da\u00f1o que el vertedero genera en el ecosistema circundante y del incumplimiento de las medidas provisionales procedimentales ordenadas con anterioridad.<\/p>\n<p>En este sentido, con fecha 08 de febrero pasado, la SMA orden\u00f3 la medida provisional procedimental de detenci\u00f3n de funcionamiento por un plazo de 30 d\u00edas corridos, donde se le exigi\u00f3 al titular -como medios de verificaci\u00f3n- la instalaci\u00f3n de un letrero que publicitara dicha acci\u00f3n, as\u00ed como la prohibici\u00f3n de ingreso de residuos. Luego de actividades de fiscalizaci\u00f3n realizadas durante la vigencia de la medida, se pudo verificar el tr\u00e1nsito de dos veh\u00edculos al interior del vertedero, no se observ\u00f3 el letrero de acceso al recinto, y, como se indic\u00f3, se constat\u00f3 la existencia de nuevos acopios y dep\u00f3sitos de escombros.<\/p>\n<p>Atendidas las consideraciones anteriores, esta Superintendencia orden\u00f3 el 08 de marzo del presente, por un plazo de 30 d\u00edas corridos, la medida provisional procedimental de clausura temporal y total del vertedero, ya que, de lo contrario, el titular continuar\u00eda con las actividades de relleno y disposici\u00f3n de residuos, y por ende mantendr\u00eda y extender\u00eda la intervenci\u00f3n del \u00e1rea del humedal. La renovaci\u00f3n de esta medida provisional, efectuada mediante la Resoluci\u00f3n Exenta N\u00b0574, de fecha 11 de abril, deber\u00e1 ser verificada mediante la presentaci\u00f3n de los siguientes antecedentes:<\/p>\n<p>(i)\u00a0\u00a0\u00a0\u00a0\u00a0\u00a0\u00a0\u00a0\u00a0\u00a0 Instalaci\u00f3n de cintas de seguridad y un letrero que indique la clausura, ubicados en la reja de ingreso al vertedero, para efectos de publicidad. Plazo de ejecuci\u00f3n: 5 d\u00edas corridos contados desde su notificaci\u00f3n.<\/p>\n<p>(ii)\u00a0\u00a0\u00a0\u00a0\u00a0\u00a0\u00a0\u00a0\u00a0 Reporte en que se acompa\u00f1e la comunicaci\u00f3n respecto a la medida de clausura, dirigida a todas aquellas empresas o personas naturales que concurren a disponer residuos en forma habitual o espor\u00e1dicamente al vertedero. Plazo de ejecuci\u00f3n: 5 d\u00edas corridos a contar de su notificaci\u00f3n.<\/p>\n<p>(iii)\u00a0\u00a0\u00a0\u00a0\u00a0\u00a0\u00a0\u00a0 Reportes semanales con registros fotogr\u00e1ficos que muestren el \u00e1rea de emplazamiento del vertedero, con indicaci\u00f3n de la fecha, hora y coordenadas UTM datum WGS 84 huso 19, que acrediten: a) la existencia de las cintas y el letrero en el acceso al vertedero; b) que el vertedero permanece clausurado y que no han ingresado nuevos residuos al mismo; c) no se ha efectuado intervenci\u00f3n de nuevas \u00e1reas del Humedal.<\/p>\n<p>M\u00e1s informaci\u00f3n en el <strong>Sistema Nacional de Informaci\u00f3n de Fiscalizaci\u00f3n Ambiental (SNIFA)<\/strong>: y <a href=\"https:\/\/snifa.sma.gob.cl\/MedidaProvisional\/Ficha\/464\">https:\/\/snifa.sma.gob.cl\/MedidaProvisional\/Ficha\/464<\/a><\/p>\n","protected":false},"excerpt":{"rendered":"<p>\u00b7\u00a0\u00a0\u00a0\u00a0\u00a0\u00a0\u00a0\u00a0 Medida provisional procedimental se renovar\u00e1 por un plazo de 30 d\u00edas corridos, previa autorizaci\u00f3n del Ilustre Tercer Tribunal Ambiental. Hualp\u00e9n, Regi\u00f3n del Biob\u00edo, 16 de abril de 2024.\u00a0La Superintendencia del Medio Ambiente (SMA), previa autorizaci\u00f3n del Ilustre Tercer Tribunal Ambiental, renov\u00f3 por un periodo de 30 d\u00edas corridos, la clausura temporal y total de las <a href=\"https:\/\/portal.sma.gob.cl\/index.php\/biobio-sma-renueva-medida-de-clausura-del-vertedero-ilegal-que-opera-en-humedal-vasco-da-gama\/\">Leer m\u00e1s<\/a><\/p>\n","protected":false},"author":8,"featured_media":30479,"comment_status":"open","ping_status":"open","sticky":false,"template":"","format":"standard","meta":{"footnotes":""},"categories":[236,90,107,226],"tags":[],"class_list":["post-30681","post","type-post","status-publish","format-standard","has-post-thumbnail","hentry","category-biobio","category-comunicados-noticias","category-destacado","category-macrozona-sur"],"_links":{"self":[{"href":"https:\/\/portal.sma.gob.cl\/index.php\/wp-json\/wp\/v2\/posts\/30681","targetHints":{"allow":["GET"]}}],"collection":[{"href":"https:\/\/portal.sma.gob.cl\/index.php\/wp-json\/wp\/v2\/posts"}],"about":[{"href":"https:\/\/portal.sma.gob.cl\/index.php\/wp-json\/wp\/v2\/types\/post"}],"author":[{"embeddable":true,"href":"https:\/\/portal.sma.gob.cl\/index.php\/wp-json\/wp\/v2\/users\/8"}],"replies":[{"embeddable":true,"href":"https:\/\/portal.sma.gob.cl\/index.php\/wp-json\/wp\/v2\/comments?post=30681"}],"version-history":[{"count":2,"href":"https:\/\/portal.sma.gob.cl\/index.php\/wp-json\/wp\/v2\/posts\/30681\/revisions"}],"predecessor-version":[{"id":30683,"href":"https:\/\/portal.sma.gob.cl\/index.php\/wp-json\/wp\/v2\/posts\/30681\/revisions\/30683"}],"wp:featuredmedia":[{"embeddable":true,"href":"https:\/\/portal.sma.gob.cl\/index.php\/wp-json\/wp\/v2\/media\/30479"}],"wp:attachment":[{"href":"https:\/\/portal.sma.gob.cl\/index.php\/wp-json\/wp\/v2\/media?parent=30681"}],"wp:term":[{"taxonomy":"category","embeddable":true,"href":"https:\/\/portal.sma.gob.cl\/index.php\/wp-json\/wp\/v2\/categories?post=30681"},{"taxonomy":"post_tag","embeddable":true,"href":"https:\/\/portal.sma.gob.cl\/index.php\/wp-json\/wp\/v2\/tags?post=30681"}],"curies":[{"name":"wp","href":"https:\/\/api.w.org\/{rel}","templated":true}]}}