{"id":30711,"date":"2024-04-17T13:40:45","date_gmt":"2024-04-17T17:40:45","guid":{"rendered":"https:\/\/portal.sma.gob.cl\/?p=30711"},"modified":"2025-07-21T15:15:21","modified_gmt":"2025-07-21T19:15:21","slug":"la-araucania-sma-y-ministerio-del-medio-ambiente-realizan-taller-sobre-cumplimiento-de-obligaciones-relacionadas-a-la-emision-de-contaminantes-atmosfericos","status":"publish","type":"post","link":"https:\/\/portal.sma.gob.cl\/index.php\/la-araucania-sma-y-ministerio-del-medio-ambiente-realizan-taller-sobre-cumplimiento-de-obligaciones-relacionadas-a-la-emision-de-contaminantes-atmosfericos\/","title":{"rendered":"La Araucan\u00eda: SMA y Ministerio del Medio Ambiente realizan taller sobre cumplimiento de obligaciones relacionadas a la emisi\u00f3n de contaminantes atmosf\u00e9ricos"},"content":{"rendered":"<ul>\n<li><strong>La actividad tuvo por objetivo brindar una instancia para aclarar y asistir la declaraci\u00f3n de emisiones atmosf\u00e9ricas a trav\u00e9s de la plataforma del Registro de Emisiones y Transferencia de Contaminantes (RETC).<\/strong><\/li>\n<\/ul>\n<p><strong>16 de abril de 2024.-<\/strong> En el marco de la asistencia al cumplimiento, la Unidad de Calidad del aire de la Superintendencia del Medio Ambiente (SMA), en conjunto al Seremi del Medio Ambiente de la regi\u00f3n de La Araucan\u00eda, llev\u00f3 a cabo un taller dirigido a titulares de fuentes fijas de emisi\u00f3n de contaminantes atmosf\u00e9ricos ubicados en la regi\u00f3n.<\/p>\n<p>El taller cont\u00f3 con dos exposiciones realizadas por profesionales de ambas instituciones y se abordaron distintas tem\u00e1ticas como el registro de fuentes y procesos, as\u00ed como la ejecuci\u00f3n de la declaraci\u00f3n de emisiones atmosf\u00e9ricas, obligaci\u00f3n que deber\u00e1 ser cumplida por los titulares a m\u00e1s tardar el d\u00eda 30 de abril del presente a\u00f1o. Para ello, se deber\u00e1n entregar los antecedentes necesarios para estimar las emisiones provenientes de cada fuente mediante el formulario disponible en la <a href=\"https:\/\/retc.mma.gob.cl\/\">p\u00e1gina oficial del RETC<\/a>.<\/p>\n<p>En base a ello, la presentaci\u00f3n de SMA, titulada \u201cRegistro y reporte en el Sistema de Seguimiento Atmosf\u00e9rico SISAT\u201d, estuvo a cargo de V\u00edctor Delgado, profesional fiscalizador de la Secci\u00f3n de Calidad del Aire y Emisiones Atmosf\u00e9ricas. La exposici\u00f3n entreg\u00f3 informaci\u00f3n asociada al Registro y Reporte en el Sistema de Seguimiento Atmosf\u00e9rico (SISAT), plataforma utilizada para cargar reportes en cumplimiento al Planes de Prevenci\u00f3n y Descontaminaci\u00f3n Atmosf\u00e9rica (PPDA) regional.<\/p>\n<p>Al respecto, Jeanette Caroca, Coordinadora de Fiscalizaci\u00f3n y Seguimiento de PPDA en la zona sur, profundiza que \u201cen la instancia, se abordaron las obligaciones de remisi\u00f3n de informaci\u00f3n para las fuentes reguladas por el <a href=\"https:\/\/www.bcn.cl\/leychile\/navegar?i=1084085\">D.S. N\u00b08\/2015<\/a>, donde se dio a conocer los m\u00f3dulos de catastro, Muestreo-Medici\u00f3n y obligaciones de reporte seg\u00fan el tipo de fuente, en SISAT\u201d.<\/p>\n<p>Por su parte, Juan Luis Pizarro, profesional del Departamento de Informaci\u00f3n Ambiental del MMA, present\u00f3 \u201cDeclaraci\u00f3n de emisiones atmosf\u00e9ricas en plataformas de Registro de Emisiones, Transferencia y Registro de Contaminantes\u201d, donde se abord\u00f3 el uso de la plataforma del Registro de Emisiones y Transferencia de Contaminantes \u2013 RETC.<\/p>\n<p>Tras finalizar la jornada con un balance positivo de 45 titulares asistentes, Caroca se\u00f1ala que \u201cLa SMA, junto con el desarrollo de esta actividad, hace un llamado a los establecimientos con fuentes estacionarias, a dar cumplimiento a las obligaciones establecidas en el <a href=\"https:\/\/ppda.mma.gob.cl\/araucania\/pda-para-las-comunas-de-temuco-y-padre-las-casas\/\">Plan de Temuco &#8211; Padre Las Casas<\/a>, de manera de reducir la contaminaci\u00f3n del aire y los efectos a la salud de la poblaci\u00f3n\u201d.<\/p>\n<h3><strong>Conoce la plataforma RETC<\/strong><\/h3>\n<p>La plataforma RETC es administrada por el Ministerio del Medio Ambiente, siendo esta una base de datos de acceso p\u00fablico destinada a recopilar, sistematizar, conservar, analizar y difundir informaci\u00f3n sobre emisiones, residuos y transferencias de contaminantes da\u00f1inos para la salud y el ambiente.<\/p>\n<p>La informaci\u00f3n emanada por la plataforma es uno de los principales insumos para la construcci\u00f3n de inventarios de emisiones atmosf\u00e9ricas. Por ello, una adecuada declaraci\u00f3n de emisiones permite la implementaci\u00f3n y seguimiento de instrumentos p\u00fablicos asociados a la calidad del aire, y, por ende, garantiza el bienestar de la ciudadan\u00eda y el medio ambiente.<\/p>\n","protected":false},"excerpt":{"rendered":"<p>La actividad tuvo por objetivo brindar una instancia para aclarar y asistir la declaraci\u00f3n de emisiones atmosf\u00e9ricas a trav\u00e9s de la plataforma del Registro de Emisiones y Transferencia de Contaminantes (RETC). 16 de abril de 2024.- En el marco de la asistencia al cumplimiento, la Unidad de Calidad del aire de la Superintendencia del Medio Ambiente <a href=\"https:\/\/portal.sma.gob.cl\/index.php\/la-araucania-sma-y-ministerio-del-medio-ambiente-realizan-taller-sobre-cumplimiento-de-obligaciones-relacionadas-a-la-emision-de-contaminantes-atmosfericos\/\">Leer m\u00e1s<\/a><\/p>\n","protected":false},"author":13,"featured_media":30712,"comment_status":"open","ping_status":"open","sticky":false,"template":"","format":"standard","meta":{"footnotes":""},"categories":[252,226,283],"tags":[],"class_list":["post-30711","post","type-post","status-publish","format-standard","has-post-thumbnail","hentry","category-asistencia-al-cumplimiento","category-macrozona-sur","category-sisat"],"_links":{"self":[{"href":"https:\/\/portal.sma.gob.cl\/index.php\/wp-json\/wp\/v2\/posts\/30711","targetHints":{"allow":["GET"]}}],"collection":[{"href":"https:\/\/portal.sma.gob.cl\/index.php\/wp-json\/wp\/v2\/posts"}],"about":[{"href":"https:\/\/portal.sma.gob.cl\/index.php\/wp-json\/wp\/v2\/types\/post"}],"author":[{"embeddable":true,"href":"https:\/\/portal.sma.gob.cl\/index.php\/wp-json\/wp\/v2\/users\/13"}],"replies":[{"embeddable":true,"href":"https:\/\/portal.sma.gob.cl\/index.php\/wp-json\/wp\/v2\/comments?post=30711"}],"version-history":[{"count":4,"href":"https:\/\/portal.sma.gob.cl\/index.php\/wp-json\/wp\/v2\/posts\/30711\/revisions"}],"predecessor-version":[{"id":30717,"href":"https:\/\/portal.sma.gob.cl\/index.php\/wp-json\/wp\/v2\/posts\/30711\/revisions\/30717"}],"wp:featuredmedia":[{"embeddable":true,"href":"https:\/\/portal.sma.gob.cl\/index.php\/wp-json\/wp\/v2\/media\/30712"}],"wp:attachment":[{"href":"https:\/\/portal.sma.gob.cl\/index.php\/wp-json\/wp\/v2\/media?parent=30711"}],"wp:term":[{"taxonomy":"category","embeddable":true,"href":"https:\/\/portal.sma.gob.cl\/index.php\/wp-json\/wp\/v2\/categories?post=30711"},{"taxonomy":"post_tag","embeddable":true,"href":"https:\/\/portal.sma.gob.cl\/index.php\/wp-json\/wp\/v2\/tags?post=30711"}],"curies":[{"name":"wp","href":"https:\/\/api.w.org\/{rel}","templated":true}]}}