{"id":30832,"date":"2024-04-23T17:54:06","date_gmt":"2024-04-23T21:54:06","guid":{"rendered":"https:\/\/portal.sma.gob.cl\/?p=30832"},"modified":"2025-03-03T14:16:22","modified_gmt":"2025-03-03T17:16:22","slug":"cop3-mma-presenta-el-plan-nacional-de-implementacion-participativa-del-acuerdo-de-escazu","status":"publish","type":"post","link":"https:\/\/portal.sma.gob.cl\/index.php\/cop3-mma-presenta-el-plan-nacional-de-implementacion-participativa-del-acuerdo-de-escazu\/","title":{"rendered":"COP3: MMA presenta el Plan Nacional de Implementaci\u00f3n Participativa del Acuerdo de Escaz\u00fa"},"content":{"rendered":"<ul>\n<li><strong>Durante la segunda jornada de la conferencia de las partes del acuerdo, el Subsecretario del Medio Ambiente, Maximiliano Proa\u00f1o, present\u00f3 el instrumento que guiar\u00e1 la puesta en marcha de Escaz\u00fa en Chile.<\/strong><\/li>\n<\/ul>\n<p>En el sal\u00f3n Ra\u00fal Prebisch de la Comisi\u00f3n Econ\u00f3mica Para Am\u00e9rica Latina y el Caribe (CEPAL), frente a los 16 Estados parte, los nueve estados observadores y los miembros de la sociedad civil y pueblos ind\u00edgenas, el Subsecretario del Medio Ambiente, Maximiliano Proa\u00f1o, present\u00f3 en la COP3 de Escaz\u00fa el Plan Nacional de Implementaci\u00f3n Participativa del Acuerdo de Escaz\u00fa (PIPE), considerada la hoja de ruta para avanzar en la puesta en marcha del acuerdo en Chile.<\/p>\n<p>En su presentaci\u00f3n, Proa\u00f1o explic\u00f3 los principales detalles que contiene este instrumento, destacando que fue creado de forma participativa, recogiendo para su materializaci\u00f3n las voces de la sociedad civil de todas las regiones del pa\u00eds. \u201cCon este Plan buscamos implementar progresivamente los est\u00e1ndares de los derechos de acceso en el pa\u00eds y desarrollar acciones que garanticen un ejercicio seguro para todas las personas que promueven y defienden los derechos humanos en asuntos ambientales\u201d, se\u00f1al\u00f3.<\/p>\n<p>Con un aplauso al un\u00edsono, los presentes -entre los que se encontraba la Superintendenta Marie Claude Plumer y la Directora Ejecutiva del Servicio de Evaluaci\u00f3n Ambiental, Valentina Dur\u00e1n- en la sesi\u00f3n valoraron el proceso de implementaci\u00f3n que Chile est\u00e1 realizando, especialmente porque, pese a que es Estado parte desde el 11 de septiembre de 2022, ya es el cuarto pa\u00eds que presenta un plan de implementaci\u00f3n, siento antecedido solo por Ecuador y Argentina. A esto se suma tambi\u00e9n el nuevo plan de Santa Luc\u00eda, presentado en la conferencia.<\/p>\n<p>\u201cComo pa\u00eds, hemos trabajado fuertemente para avanzar en la implementaci\u00f3n de Escaz\u00fa. El m\u00e1s reciente avance, y uno especialmente importante para nuestro Ministerio, ya que debimos coordinar a 34 instituciones p\u00fablicas, fue la aprobaci\u00f3n del Plan Nacional de Implementaci\u00f3n Participativo de Escaz\u00fa, que fue construido de manera colaborativa y coordinada entre instituciones estatales, sociedad civil, el sector privado y la academia\u201d, se\u00f1al\u00f3 el Subsecretario del Medio Ambiente.<\/p>\n<p>Adem\u00e1s, detall\u00f3 que \u201cen este plan se establecieron 56 acciones generales y se identificaron m\u00e1s de 236 medidas espec\u00edficas que las concretizan, que ayudar\u00e1n en la implementaci\u00f3n de Escaz\u00fa entre 2024 y 2030. Esto es muy valioso y demuestra nuestro compromiso con el acuerdo, ya que pese a ser Estado parte hace menos de dos a\u00f1os, somos el tercer pa\u00eds en la regi\u00f3n en presentar un plan de implementaci\u00f3n\u201d.<\/p>\n<p><strong>Sobre el PIPE<\/strong><\/p>\n<p>El PIPE est\u00e1 organizado en torno a cinco l\u00edneas estrat\u00e9gicas: acceso a la informaci\u00f3n ambiental, participaci\u00f3n en la toma de decisiones ambientales, acceso a la justicia ambiental, defensores y defensoras de los derechos humanos en asuntos ambientales, y fortalecimiento de capacidades y cooperaci\u00f3n. Puntos que coinciden con los principales pilares del propio Acuerdo de Escaz\u00fa.<br \/>\nEl pilar de acceso a la informaci\u00f3n ambiental tiene como objetivo implementar un sistema eficiente y accesible para el manejo de la informaci\u00f3n ambiental garantizando el acceso gratuito, la generaci\u00f3n y actualizaci\u00f3n continua y la comprensi\u00f3n amplia de los datos por todas las personas interesadas. Para conseguirlo se plantean acciones como actualizar peri\u00f3dicamente la informaci\u00f3n ambiental dispuesta en las distintas plataformas y sistemas de informaci\u00f3n, utilizando un lenguaje claro y comprensible para la ciudadan\u00eda o el promover la transparencia de la informaci\u00f3n ambiental de empresas privadas y p\u00fablicas.<\/p>\n<p>La participaci\u00f3n en la toma de decisiones ambientales plantea como meta fortalecer los marcos de participaci\u00f3n ciudadana en la gesti\u00f3n ambiental a nivel nacional, regional y local, aline\u00e1ndolos con los principios y est\u00e1ndares del Acuerdo de Escaz\u00fa. Para ello se proponen medidas como promover la implementaci\u00f3n de procesos de participaci\u00f3n p\u00fablica temprana, orientada al involucramiento del p\u00fablico en etapas iniciales del proceso de toma de decisiones ambientales o fortalecer la participaci\u00f3n de ni\u00f1as, ni\u00f1os y adolescentes en la toma de decisiones ambientales.<br \/>\nEn tanto, el acceso a la justicia ambiental busca desarrollar acciones que potencien la educaci\u00f3n y difusi\u00f3n de herramientas de acceso a la justicia ambiental y faciliten la asistencia legal y t\u00e9cnica, promoviendo procedimientos eficientes para asegurar las garant\u00edas del debido proceso en asuntos medioambientales. As\u00ed, aparecen medidas como difundir y educar sobre las herramientas y normativa ambiental para el acceso a la justicia y disminuir las asimetr\u00edas para acceder a la justicia y avanzar hacia la protecci\u00f3n de datos personales.<\/p>\n<p>Sobre los defensores y defensoras de los derechos humanos en asuntos ambientales el PIPE busca generar mayor conocimiento y reconocimiento a la labor que realizan personas, organizaciones y grupos que promueven y defienden los derechos humanos en asuntos ambientales. As\u00ed, se plantea elaborar un diagn\u00f3stico sobre la situaci\u00f3n de los y las defensoras de derechos humanos en asuntos ambientales o reforzar los contenidos relativos a la labor de promoci\u00f3n y defensa del medio ambiente en programas de capacitaci\u00f3n o instancias formativas dirigidas a funcionarios p\u00fablicos de la institucionalidad ambiental.<\/p>\n<p>Finalmente, el fortalecimiento de capacidades y cooperaci\u00f3n tiene como objetivo promover instancias para el fortalecimiento de capacidades y la sensibilizaci\u00f3n ambiental de diversos actores de la sociedad, as\u00ed como espacios de cooperaci\u00f3n, alianzas e intercambios entre pa\u00edses. Entre las acciones de esta l\u00ednea aparecen el capacitar en los derechos de acceso, a funcionarios\/as p\u00fablicos\/as y municipales, y autoridades de distintos niveles, utilizando diferentes recursos y formatos educativos o desarrollar material did\u00e1ctico, informativo y educativo para diferentes p\u00fablicos.<\/p>\n<p>Si quieres revisar el Plan Nacional de Implementaci\u00f3n Participativa del Acuerdo de Escaz\u00fa (PIPE),\u00a0<a href=\"https:\/\/gob.us19.list-manage.com\/track\/click?u=f218deb617819d0524618bff7&amp;id=840a673856&amp;e=283a4a7257\" target=\"_blank\" rel=\"noopener noreferrer\" data-auth=\"NotApplicable\" data-linkindex=\"1\" data-ogsc=\"rgb(0, 124, 137)\">encu\u00e9ntralo aqu\u00ed<\/a>.<\/p>\n","protected":false},"excerpt":{"rendered":"<p>Durante la segunda jornada de la conferencia de las partes del acuerdo, el Subsecretario del Medio Ambiente, Maximiliano Proa\u00f1o, present\u00f3 el instrumento que guiar\u00e1 la puesta en marcha de Escaz\u00fa en Chile. En el sal\u00f3n Ra\u00fal Prebisch de la Comisi\u00f3n Econ\u00f3mica Para Am\u00e9rica Latina y el Caribe (CEPAL), frente a los 16 Estados parte, los nueve <a href=\"https:\/\/portal.sma.gob.cl\/index.php\/cop3-mma-presenta-el-plan-nacional-de-implementacion-participativa-del-acuerdo-de-escazu\/\">Leer m\u00e1s<\/a><\/p>\n","protected":false},"author":13,"featured_media":30838,"comment_status":"open","ping_status":"open","sticky":false,"template":"","format":"standard","meta":{"footnotes":""},"categories":[90,107,279,222,225,94],"tags":[],"class_list":["post-30832","post","type-post","status-publish","format-standard","has-post-thumbnail","hentry","category-comunicados-noticias","category-destacado","category-escazu","category-macrozona","category-macrozona-centro","category-notas-noticias"],"_links":{"self":[{"href":"https:\/\/portal.sma.gob.cl\/index.php\/wp-json\/wp\/v2\/posts\/30832","targetHints":{"allow":["GET"]}}],"collection":[{"href":"https:\/\/portal.sma.gob.cl\/index.php\/wp-json\/wp\/v2\/posts"}],"about":[{"href":"https:\/\/portal.sma.gob.cl\/index.php\/wp-json\/wp\/v2\/types\/post"}],"author":[{"embeddable":true,"href":"https:\/\/portal.sma.gob.cl\/index.php\/wp-json\/wp\/v2\/users\/13"}],"replies":[{"embeddable":true,"href":"https:\/\/portal.sma.gob.cl\/index.php\/wp-json\/wp\/v2\/comments?post=30832"}],"version-history":[{"count":1,"href":"https:\/\/portal.sma.gob.cl\/index.php\/wp-json\/wp\/v2\/posts\/30832\/revisions"}],"predecessor-version":[{"id":30836,"href":"https:\/\/portal.sma.gob.cl\/index.php\/wp-json\/wp\/v2\/posts\/30832\/revisions\/30836"}],"wp:featuredmedia":[{"embeddable":true,"href":"https:\/\/portal.sma.gob.cl\/index.php\/wp-json\/wp\/v2\/media\/30838"}],"wp:attachment":[{"href":"https:\/\/portal.sma.gob.cl\/index.php\/wp-json\/wp\/v2\/media?parent=30832"}],"wp:term":[{"taxonomy":"category","embeddable":true,"href":"https:\/\/portal.sma.gob.cl\/index.php\/wp-json\/wp\/v2\/categories?post=30832"},{"taxonomy":"post_tag","embeddable":true,"href":"https:\/\/portal.sma.gob.cl\/index.php\/wp-json\/wp\/v2\/tags?post=30832"}],"curies":[{"name":"wp","href":"https:\/\/api.w.org\/{rel}","templated":true}]}}