{"id":30862,"date":"2024-04-25T11:00:17","date_gmt":"2024-04-25T15:00:17","guid":{"rendered":"https:\/\/portal.sma.gob.cl\/?p=30862"},"modified":"2025-02-28T15:49:13","modified_gmt":"2025-02-28T18:49:13","slug":"cop3-de-escazu-consigue-la-aprobacion-del-plan-de-accion-sobre-defensoras-y-defensores-de-derechos-humanos-en-asuntos-ambientales","status":"publish","type":"post","link":"https:\/\/portal.sma.gob.cl\/index.php\/cop3-de-escazu-consigue-la-aprobacion-del-plan-de-accion-sobre-defensoras-y-defensores-de-derechos-humanos-en-asuntos-ambientales\/","title":{"rendered":"COP3 de Escaz\u00fa consigue la aprobaci\u00f3n del Plan de Acci\u00f3n sobre Defensoras y Defensores de Derechos Humanos en Asuntos Ambientales"},"content":{"rendered":"<ul>\n<li><strong>La iniciativa, coordinada por Chile, Ecuador y Saint Kitts and Nevis se enmarca en el art\u00edculo 9 del Acuerdo de Escaz\u00fa, que busca promover y proteger los derechos de quienes velan por la preservaci\u00f3n del medioambiente.<\/strong><\/li>\n<\/ul>\n<p>La segunda jornada de la COP3 del Acuerdo de Escaz\u00fa cerr\u00f3 de la mejor forma. En una intensa sesi\u00f3n, en la que participaron miembros de las delegaciones de los Estados parte y tras las deliberaciones de miembros del p\u00fablico, finalmente se aprob\u00f3 el Plan de Acci\u00f3n sobre Defensores de Derechos Humanos en Asuntos Ambientales.<\/p>\n<p>Esta iniciativa, coordinada por Chile, Ecuador y Saint Kitts and Nevis, se enmarca en el art\u00edculo 9 del Acuerdo de Escaz\u00fa, que busca promover y proteger los derechos de quienes velan por la preservaci\u00f3n del medioambiente. As\u00ed, tras dos a\u00f1os de arduo trabajo, finalmente se consigui\u00f3 aprobar el documento que marca un hito en la protecci\u00f3n de las defensoras y los defensores ambientales en Am\u00e9rica Latina y el Caribe.<\/p>\n<p>Sobre esta noticia, el ministro (s) del Medio Ambiente, Maximiliano Proa\u00f1o, asegur\u00f3 que \u201cpara nuestro pa\u00eds es imprescindible garantizar un entorno seguro y propicio para quienes promueven y defienden el medioambiente, garantizar sus derechos y contar con medidas de respuesta. Por eso, nos involucramos directamente en el desarrollo de este plan, que es de alto inter\u00e9s para la sociedad civil, ya que busca fortalecer la protecci\u00f3n de estas personas defensoras de derechos humanos.\u00a0 Este es, sin dudas, el principal hito de esta COP\u201d.<\/p>\n<p><strong>Sobre el Plan de Acci\u00f3n sobre Defensores en DDHH en Asuntos Ambientales<\/strong><\/p>\n<p>En la primera Conferencia de las Partes de Escaz\u00fa, celebrada en Santiago en 2022, se estableci\u00f3 un grupo de trabajo conformado por Chile, Ecuador y Saint Kitts y Nevis, y abierto a quien quisiera participar, con el prop\u00f3sito de desarrollar este plan de acci\u00f3n. Tras dos a\u00f1os de arduo trabajo, y varias instancias de consulta p\u00fablica, nos encontramos ante un documento que marca un hito en la protecci\u00f3n de los defensores ambientales en Am\u00e9rica Latina y el Caribe.<\/p>\n<p>El objetivo principal de este plan es poner en marcha un conjunto de ejes prioritarios y acciones estrat\u00e9gicas para avanzar hacia la implementaci\u00f3n plena y efectiva del art\u00edculo 9 del Acuerdo de Escaz\u00fa. Con un plazo de ejecuci\u00f3n de seis a\u00f1os, desde abril de 2024 hasta abril de 2030, se espera generar un cambio tangible en la protecci\u00f3n y reconocimiento de quienes dedican sus vidas a defender nuestro planeta.<\/p>\n<p>El plan se estructura en cuatro ejes prioritarios interrelacionados y complementarios entre s\u00ed: generaci\u00f3n de conocimiento, reconocimiento, fortalecimiento de capacidades y cooperaci\u00f3n en apoyo a la implementaci\u00f3n nacional, y evaluaci\u00f3n, seguimiento y revisi\u00f3n del plan de acci\u00f3n. Cada uno de estos ejes incluye un conjunto de acciones estrat\u00e9gicas que buscan abordar los desaf\u00edos espec\u00edficos que enfrentan quienes promueven y defienden los derechos humanos en asuntos ambientales.<\/p>\n<p>Bajo el primer eje, centrado en la generaci\u00f3n de conocimiento, se elaborar\u00e1 un diagn\u00f3stico que incluye la situaci\u00f3n de los defensores ambientales en la regi\u00f3n, as\u00ed como los instrumentos de prevenci\u00f3n, protecci\u00f3n y sanci\u00f3n existentes.<\/p>\n<p>Por otro lado, el eje de reconocimiento busca destacar p\u00fablicamente la labor de los defensores ambientales, contribuyendo as\u00ed al desarrollo de una cultura en favor del medio ambiente y los derechos humanos. Esto se llevar\u00e1 a cabo a trav\u00e9s de acciones tales como actividades de conmemoraci\u00f3n y reconocimiento del trabajo realizado.<\/p>\n<p>El tercer eje, de fortalecimiento de capacidades y cooperaci\u00f3n, tiene como objetivo apoyar la elaboraci\u00f3n e implementaci\u00f3n de leyes, pol\u00edticas y programas destinados al reconocimiento y protecci\u00f3n de defensoras y defensores ambientales. Esto incluye la generaci\u00f3n de lineamientos regionales, as\u00ed como la capacitaci\u00f3n de operadores de justicia y otros actores relevantes en la tem\u00e1tica ambiental.<\/p>\n<p>Finalmente, el eje de evaluaci\u00f3n, seguimiento y revisi\u00f3n del plan de acci\u00f3n se encargar\u00e1 de monitorear y evaluar el progreso de las acciones implementadas, asegurando la transparencia y rendici\u00f3n de cuentas en todo momento. Esto se llevar\u00e1 a cabo a trav\u00e9s de la participaci\u00f3n significativa del p\u00fablico y la presentaci\u00f3n peri\u00f3dica de informes sobre el cumplimiento de los objetivos establecidos.<\/p>\n<p>Constance Nalegach, Jefa de la Oficina de asuntos Internacionales y una de las coordinadoras del plan, valor\u00f3 el trabajo realizado. \u201cEl contar con el primer y \u00fanico plan regional para proteger a quienes defienden el medioambiente es un tremendo logro de la COP de Escaz\u00fa y beneficiar\u00e1 a sus 16 Estados parte. Fue un proceso desafiante el lograr el consenso entre los representantes de pa\u00edses con realidades distintas y, a la vez, que alcanzar un instrumento que fuese valorado por la diversidad de defensoras y defensores de derechos humanos en asuntos ambientales, que ven en \u00e9l una herramienta clave para desempe\u00f1ar su labor sin amenazas, restricciones e inseguridades\u201d.<\/p>\n<p>Adem\u00e1s, la abogada y una de los puntos focales ante el Acuerdo de Escaz\u00fa, a\u00f1adi\u00f3 que \u201cnuevamente se demuestra que un proceso inclusivo y abierto beneficia la toma de decisiones\u201d.<\/p>\n<p>\u201cEl Comit\u00e9 de Apoyo a la Aplicaci\u00f3n y el Cumplimiento del Acuerdo Escaz\u00fa celebra la decisi\u00f3n de aprobar el Plan de Acci\u00f3n de Defensores y Defensoras Ambientales. En el marco del Acuerdo de Escaz\u00fa, este plan contribuir\u00e1 al desarrollo del cuarto pilar de este instrumento regional.\u00a0 Los ejes y acciones estrat\u00e9gicas que se acordaron guiar\u00e1n a los Estados parte por los pr\u00f3ximos seis a\u00f1os. El fortalecimiento de capacidades y la cooperaci\u00f3n es fundamental para poder garantizar el entorno seguro y propicio para que los defensores de derechos humanos en asuntos ambientales sigan desarrollando su trabajo que es vital para proteger el ambiente, todas las formas de vida y las personas\u201d, asegur\u00f3, Patricia Madrigal, Presidenta del Comit\u00e9 de Apoyo a la Aplicaci\u00f3n y el Cumplimiento del Acuerdo de Escaz\u00fa.<\/p>\n<p>Joara Marchezini, representante electa del p\u00fablico para el Acuerdo, reconoci\u00f3 que \u201cel equipo de Representantes Electos del P\u00fablico cree que hemos dado un paso importante para toda la regi\u00f3n de Am\u00e9rica Latina y Caribe con la aprobaci\u00f3n del Plan de Acci\u00f3n para Defensores y Defensoras de Derechos Humanos en asuntos ambientales. Dicho equipo reconoce la labor del Grupo de Trabajo y del p\u00fablico en elaborar e impulsar la propuesta. Estamos listos para apoyar la implementaci\u00f3n plena del plan con la participaci\u00f3n efectiva del p\u00fablico.<\/p>\n<p>Felipe Pino, Coordinador de Proyectos de ONG FIMA, una de las organizaciones que participaron en la elaboraci\u00f3n de este plan, recalc\u00f3 la importancia de las acciones de los pa\u00edses para su correcta aplicaci\u00f3n. \u201cEn Chile, ser\u00e1 fundamental que tanto este plan, como el protocolo de defensores que acaba de aprobar el Ministerio de Justicia, dialoguen hacia un fin efectivo de las agresiones y criminalizaci\u00f3n de las comunidades locales e ind\u00edgenas defensoras del medioambiente\u201d, cerr\u00f3 el abogado.<\/p>\n","protected":false},"excerpt":{"rendered":"<p>La iniciativa, coordinada por Chile, Ecuador y Saint Kitts and Nevis se enmarca en el art\u00edculo 9 del Acuerdo de Escaz\u00fa, que busca promover y proteger los derechos de quienes velan por la preservaci\u00f3n del medioambiente. La segunda jornada de la COP3 del Acuerdo de Escaz\u00fa cerr\u00f3 de la mejor forma. En una intensa sesi\u00f3n, en <a href=\"https:\/\/portal.sma.gob.cl\/index.php\/cop3-de-escazu-consigue-la-aprobacion-del-plan-de-accion-sobre-defensoras-y-defensores-de-derechos-humanos-en-asuntos-ambientales\/\">Leer m\u00e1s<\/a><\/p>\n","protected":false},"author":15,"featured_media":30864,"comment_status":"open","ping_status":"open","sticky":false,"template":"","format":"standard","meta":{"footnotes":""},"categories":[107,279,225,94],"tags":[],"class_list":["post-30862","post","type-post","status-publish","format-standard","has-post-thumbnail","hentry","category-destacado","category-escazu","category-macrozona-centro","category-notas-noticias"],"_links":{"self":[{"href":"https:\/\/portal.sma.gob.cl\/index.php\/wp-json\/wp\/v2\/posts\/30862","targetHints":{"allow":["GET"]}}],"collection":[{"href":"https:\/\/portal.sma.gob.cl\/index.php\/wp-json\/wp\/v2\/posts"}],"about":[{"href":"https:\/\/portal.sma.gob.cl\/index.php\/wp-json\/wp\/v2\/types\/post"}],"author":[{"embeddable":true,"href":"https:\/\/portal.sma.gob.cl\/index.php\/wp-json\/wp\/v2\/users\/15"}],"replies":[{"embeddable":true,"href":"https:\/\/portal.sma.gob.cl\/index.php\/wp-json\/wp\/v2\/comments?post=30862"}],"version-history":[{"count":2,"href":"https:\/\/portal.sma.gob.cl\/index.php\/wp-json\/wp\/v2\/posts\/30862\/revisions"}],"predecessor-version":[{"id":30865,"href":"https:\/\/portal.sma.gob.cl\/index.php\/wp-json\/wp\/v2\/posts\/30862\/revisions\/30865"}],"wp:featuredmedia":[{"embeddable":true,"href":"https:\/\/portal.sma.gob.cl\/index.php\/wp-json\/wp\/v2\/media\/30864"}],"wp:attachment":[{"href":"https:\/\/portal.sma.gob.cl\/index.php\/wp-json\/wp\/v2\/media?parent=30862"}],"wp:term":[{"taxonomy":"category","embeddable":true,"href":"https:\/\/portal.sma.gob.cl\/index.php\/wp-json\/wp\/v2\/categories?post=30862"},{"taxonomy":"post_tag","embeddable":true,"href":"https:\/\/portal.sma.gob.cl\/index.php\/wp-json\/wp\/v2\/tags?post=30862"}],"curies":[{"name":"wp","href":"https:\/\/api.w.org\/{rel}","templated":true}]}}