{"id":30958,"date":"2024-04-30T10:07:01","date_gmt":"2024-04-30T14:07:01","guid":{"rendered":"https:\/\/portal.sma.gob.cl\/?p=30958"},"modified":"2024-04-30T10:07:01","modified_gmt":"2024-04-30T14:07:01","slug":"autoridades-anuncian-medidas-de-fiscalizacion-en-periodo-de-gestion-de-episodios-criticos-en-la-rm","status":"publish","type":"post","link":"https:\/\/portal.sma.gob.cl\/index.php\/autoridades-anuncian-medidas-de-fiscalizacion-en-periodo-de-gestion-de-episodios-criticos-en-la-rm\/","title":{"rendered":"Autoridades anuncian medidas de fiscalizaci\u00f3n en periodo de Gesti\u00f3n de Episodios Cr\u00edticos en la RM\u00a0"},"content":{"rendered":"<ul>\n<li><strong>Por primera vez se eximir\u00e1n de la restricci\u00f3n vehicular los m\u00f3viles que trasladen personas con TEA y se mantiene el per\u00edmetro de restricci\u00f3n en toda la provincia de Santiago, incluidos Puente Alto y San Bernardo.\u00a0<\/strong><\/li>\n<li><strong>27 grandes empresas deber\u00e1n paralizar en d\u00edas de Preemergencia Ambiental, salvo que acrediten cumplir con las metas exigidas.\u00a0<\/strong><\/li>\n<li><strong>Desde Mirador Sky Costanera se utilizar\u00e1 IA para fiscalizar quemas agr\u00edcolas en la Regi\u00f3n Metropolitana.\u00a0<\/strong><\/li>\n<\/ul>\n<div>\n<p>Entre el 1 de mayo al 31 de agosto rige en la Regi\u00f3n Metropolitana el per\u00edodo de Gesti\u00f3n de Episodios Cr\u00edticos (GEC) inserto en el Plan de Prevenci\u00f3n y Descontaminaci\u00f3n Atmosf\u00e9rica de Santiago, y cuyo objetivo es \u201cPrevenir la exposici\u00f3n de la poblaci\u00f3n a los altos niveles de Material Particulado Fino mediante el Seguimiento de los Niveles de contaminaci\u00f3n, Pron\u00f3stico y la Toma de Medidas adecuadas para evitar esos niveles\u201d.<\/p>\n<p>Durante este periodo se ejecuta un plan operacional de la Gesti\u00f3n de Episodios Cr\u00edticos (GEC) 2024 de la Regi\u00f3n Metropolitana, instancia que incluye medidas como la Restricci\u00f3n Vehicular y la paralizaci\u00f3n de industrias cuando se declara Preemergencia Ambiental en Santiago.<\/p>\n<p>Al respecto, el subsecretario del Medio Ambiente,<strong> Maximiliano Proa\u00f1o<\/strong>, explic\u00f3 que \u201ces muy relevante este plan porque nos permite tomar acciones que disminuyan la exposici\u00f3n de la ciudadan\u00eda a niveles elevados de contaminaci\u00f3n durante el periodo donde se podr\u00edan registrar condiciones meteorol\u00f3gicas m\u00e1s desafiantes. Durante el a\u00f1o pasado tuvimos grandes noticias al constatar la menor cantidad de alertas o preemergencia por contaminaci\u00f3n del aire, pero sabemos que 2024 requerir\u00e1 del esfuerzo de todas y todos dado que se prev\u00e9 un periodo de d\u00e9ficit de lluvias, lo que podr\u00eda generar condiciones de ventilaci\u00f3n menos favorables\u201d.<\/p>\n<p>De acuerdo con los datos, el plan -en sus m\u00e1s de dos d\u00e9cadas de implementaci\u00f3n- ha alcanzado una reducci\u00f3n superior al 65% de los niveles de material particulado 2,5 (MP2,5), esto debido a las medidas estructurales aplicadas, as\u00ed como a las condiciones meteorol\u00f3gicas, y la intensificaci\u00f3n de las fiscalizaciones.<\/p>\n<p>Medidas que se reforzar\u00e1n este a\u00f1o para el sector industrial, como explica la Superintendenta del Medio Ambiente, <strong>Marie Claude Plumer<\/strong>: \u201cEn este a\u00f1o 2024, son 27 las grandes empresas que deber\u00e1n paralizar sus operaciones en episodios cr\u00edticos de contaminaci\u00f3n en la Regi\u00f3n Metropolitana, aunque la cifra puede variar dependiendo de si cumplen con la normativa vigente. Respecto de esto, quisiera asegurar que como Superintendencia del Medio Ambiente estaremos fiscalizando el cumplimiento de estas obligaciones por parte de los titulares, lo cual es parte de las reglas del juego para funcionar. Lograr la reducci\u00f3n de emisiones es algo primordial para la regi\u00f3n&#8221;.<\/p>\n<p>Otra de las medidas permanentes en periodo GEC es la prohibici\u00f3n de quemas agr\u00edcolas entre el 1 de marzo y el 31 de octubre de cada a\u00f1o (a contar del 24 de noviembre del a\u00f1o 2026 estar\u00e1n prohibidas del 1 de enero al 31 de diciembre). Este a\u00f1o se suma al Plan de Fiscalizaci\u00f3n de la Seremi de Agricultura RM -a trav\u00e9s de los servicios CONAF y SAG RM- la nueva c\u00e1mara de vigilancia ubicada en el mirador Sky Costanera, a 300 metros de altura, que permite tener un campo visual de al menos 20 km desde el Edificio de Costanera hacia la zona precordillerana.<\/p>\n<p>\u201cCon la inteligencia artificial que se ha implementado en ella, se facilitar\u00e1 la detecci\u00f3n y localizaci\u00f3n de quemas ilegales que aportan a la contaminaci\u00f3n atmosf\u00e9rica de la Regi\u00f3n Metropolitana. Estas im\u00e1genes en tiempo real ayudar\u00e1n a que nuestros fiscalizadores en terreno puedan llegar de manera oportuna y con mayor eficacia al lugar del hecho, reduciendo los tiempos de respuesta ante esta pr\u00e1ctica y tomando las medidas correspondientes en cada caso en particular\u201d, expres\u00f3 la delegada presidencial RM, Constanza Mart\u00ednez.<\/p>\n<p>Tambi\u00e9n estos servicios -junto con la Superintendencia del Medio Ambiente (SMA)- son los encargados de fiscalizar la calidad de la le\u00f1a que se expende en las provincias rurales de la capital.\u00a0 Las multas por infringir la normativa oscilan entre las 1 a 70 UTM (Valor UTM mayo 2024 $65.443).<\/p>\n<p><strong>Se mantiene Per\u00edmetro de la Restricci\u00f3n Vehicular y se eximen personas TEA\u00a0<\/strong><br \/>\nDurante el per\u00edodo GEC se establecen medidas permanentes al parque automotor, que bordea los 2 millones de unidades. El a\u00f1o pasado el Ministerio de Transportes y Telecomunicaciones extendi\u00f3 el per\u00edmetro de restricci\u00f3n vehicular permanente desde el anillo de Am\u00e9rico Vespucio hasta la provincia de Santiago y las comunas de Puente Alto y San Bernardo, para los veh\u00edculos catal\u00edticos inscritos hasta el a\u00f1o 2011 y las motos hasta el a\u00f1o 2010, medida que se mantendr\u00e1 este 2024.<\/p>\n<p>S\u00f3lo est\u00e1n exentos los veh\u00edculos de Carabineros, Investigaciones, Bomberos y Gendarmer\u00eda; ambulancias de instituciones fiscales o de establecimientos particulares, transporte p\u00fablico, transporte escolar, personas con discapacidad, y, por primera vez, se agregan los m\u00f3viles que trasladen personas dentro del Trastorno del Espectro Autista (TEA), los que deber\u00e1n obtener una autorizaci\u00f3n de la Secretar\u00eda Regional Ministerial (Seremi) de la RM.<\/p>\n<p>Al respecto, el subsecretario de Transportes, Jorge Daza, indic\u00f3 que \u201ccomo Ministerio de Transportes y Telecomunicaciones implementamos la restricci\u00f3n vehicular con el objetivo de evitar y reducir la contaminaci\u00f3n ambiental que generan los veh\u00edculos en la cuenca de Santiago. Esta acci\u00f3n tiene un impacto directo en los niveles de contaminaci\u00f3n, contribuyendo a mejorar la calidad del aire y la calidad de vida de los capitalinos. Extender el per\u00edmetro de restricci\u00f3n, por ejemplo, aport\u00f3 a la reducci\u00f3n de los d\u00edas de Preemergencia, que durante 2023 fueron dos. Seg\u00fan nuestros c\u00e1lculos, a diario son cerca de 8 mil los veh\u00edculos que no podr\u00e1n circular por estar afectos a la restricci\u00f3n, que se inicia el jueves 2 con los primeros d\u00edgitos: 0 y 1\u201d.<\/p>\n<p>El calendario de restricci\u00f3n para los veh\u00edculos con sello verde es el siguiente: lunes d\u00edgitos 4 y 5; martes 6-7; mi\u00e9rcoles; 8-9; jueves 0-1; viernes 2-3. Opera de lunes a viernes entre 07:30 y las 21:00 horas, excepto festivos.<\/p>\n<p><strong>Fiscalizaci\u00f3n a Calefactores a Le\u00f1a\u00a0<\/strong><br \/>\nDe acuerdo al \u201cInventario de Emisiones Sector Residencial RM-2023\u201d, encargado por la SEREMI del Medio Ambiente RM, en la Regi\u00f3n Metropolitana habr\u00eda 96.503 calefactores a le\u00f1a al a\u00f1o 2022, donde los hogares con mayor uso de le\u00f1a ser\u00edan de las provincias de Maipo, Chacabuco y Melipilla.<\/p>\n<p>La Seremi de Salud RM es la encargada de la fiscalizaci\u00f3n del uso de los calefactores a le\u00f1a \u00a0en los hogares, y este a\u00f1o priorizar\u00e1 su vigilancia seg\u00fan los siguientes criterios:<\/p>\n<ul>\n<li>Privilegiar aquellos sectores comunales de cada provincia donde hay una mayor concentraci\u00f3n de domicilios con calefactores a le\u00f1a, en especial en aquellos sectores que pudieran disponer de alternativas de calefacci\u00f3n de menor emisi\u00f3n.<\/li>\n<li>Focalizar la labor de terreno mediante patrullajes en comunas que presentan mayor cantidad de solicitudes de fiscalizaci\u00f3n presentadas ante la Seremi de Salud.<\/li>\n<\/ul>\n<p>En caso de incumplimiento, la Seremi de Salud puede aplicar multas que van desde 0,1 UTM hasta 1000 UTM. El monto se determina caso a caso, dependiendo de los riesgos sanitarios y reincidencias, entre otros. Las denuncias, se reciben a trav\u00e9s del sitio web\u00a0<a href=\"http:\/\/www.asrm.cl\/\" target=\"_blank\" rel=\"noopener noreferrer\" data-auth=\"NotApplicable\" data-linkindex=\"3\">www.asrm.cl<\/a>, en el sistema OIRS en l\u00ednea.<\/p>\n<p>Tambi\u00e9n pueden fiscalizar las municipalidades que tengan Ordenanza Municipal, para ello los inspectores municipales citan al infractor al Juzgado de Polic\u00eda Local.\u00a0 Seg\u00fan lo informado por la SEREMI del Medio Ambiente RM, al menos 11 municipalidades cuentan con ordenanza para fiscalizar en episodios cr\u00edticos. Las denuncias, se pueden realizar directamente en cada municipalidad.<\/p>\n<p><strong>LISTADO GRANDES EMPRESAS SUJETAS A PARALIZAR EN GEC 2024\u00a0<\/strong><\/p>\n<p>En el caso de las fuentes estacionarias industriales, su fiscalizaci\u00f3n corresponde a la Superintendencia del Medio Ambiente (SMA). Para este 2024, de los 61 Grandes Establecimientos -que deb\u00edan presentar su Plan de Reducci\u00f3n de Emisiones de acuerdo al PPDA o la actualizaci\u00f3n de estos- hasta la fecha 27 de ellos no han cumplido con esta medida, por lo que deber\u00edan paralizar en d\u00edas de preemergencia y emergencia ambiental. No obstante, esta cifra a\u00fan est\u00e1 en revisi\u00f3n, de acuerdo a los antecedentes que entreguen las empresas a los sistemas de informaci\u00f3n de SMA.<\/p>\n<p>Las multas por incumplimiento oscilan entre 1 Unidad Tributaria Anual (UTA) hasta las 10.000 UTA. El valor de 1 UTA al mes de mayo de 2024 es de $ 785.316.<\/p>\n<p>LISTADO GRANDES ESTABLECIMIENTOS SUJETOS A PARALIZAR EN GEC 2024 (al 29\/04\/2024)<\/p>\n<ul>\n<li>Aceros Chile<\/li>\n<li>Aislantes Nacionales<\/li>\n<li>Arrigoni Metal\u00fargica<\/li>\n<li>Automotora Inalco<\/li>\n<li>CMPC Tissue SA<\/li>\n<li>Cementos Bicentenario<\/li>\n<li>Chilena de Moldeados<\/li>\n<li>CIA. IND. El Volcan SA.<\/li>\n<li>Consorcio Santa Marta<\/li>\n<li>Cossbo (Comunidad de Servicios Remodelaci\u00f3n San Borja)<\/li>\n<li>EFEMM Fertilizantes SPA<\/li>\n<li>Energ\u00edas Industriales<\/li>\n<li>Extruder<\/li>\n<li>IND. De Balatas SPA<\/li>\n<li>INDS. Profal<\/li>\n<li>Lican Alimentos<\/li>\n<li>Lucchetti<\/li>\n<li>Manuf Metal\u00fargica Rheem Chilena<\/li>\n<li>Nestle<\/li>\n<li>Quimetal Industrial<\/li>\n<li>Schaffner<\/li>\n<li>Tubexa Industrial<\/li>\n<li>Unilever<\/li>\n<li>Proa SA (Champion SA)<\/li>\n<li>Diana Food SPA<\/li>\n<li>Metalpren Chile SPA (Elaboradora de Envases)<\/li>\n<li>Astara Log\u00edstica Chile SPA (SK Berge Log\u00edstica SPA)<\/li>\n<\/ul>\n<\/div>\n","protected":false},"excerpt":{"rendered":"<p>Por primera vez se eximir\u00e1n de la restricci\u00f3n vehicular los m\u00f3viles que trasladen personas con TEA y se mantiene el per\u00edmetro de restricci\u00f3n en toda la provincia de Santiago, incluidos Puente Alto y San Bernardo.\u00a0 27 grandes empresas deber\u00e1n paralizar en d\u00edas de Preemergencia Ambiental, salvo que acrediten cumplir con las metas exigidas.\u00a0 Desde Mirador Sky <a href=\"https:\/\/portal.sma.gob.cl\/index.php\/autoridades-anuncian-medidas-de-fiscalizacion-en-periodo-de-gestion-de-episodios-criticos-en-la-rm\/\">Leer m\u00e1s<\/a><\/p>\n","protected":false},"author":15,"featured_media":30960,"comment_status":"open","ping_status":"open","sticky":false,"template":"","format":"standard","meta":{"footnotes":""},"categories":[90,107,225,232],"tags":[],"class_list":["post-30958","post","type-post","status-publish","format-standard","has-post-thumbnail","hentry","category-comunicados-noticias","category-destacado","category-macrozona-centro","category-metropolitana"],"_links":{"self":[{"href":"https:\/\/portal.sma.gob.cl\/index.php\/wp-json\/wp\/v2\/posts\/30958","targetHints":{"allow":["GET"]}}],"collection":[{"href":"https:\/\/portal.sma.gob.cl\/index.php\/wp-json\/wp\/v2\/posts"}],"about":[{"href":"https:\/\/portal.sma.gob.cl\/index.php\/wp-json\/wp\/v2\/types\/post"}],"author":[{"embeddable":true,"href":"https:\/\/portal.sma.gob.cl\/index.php\/wp-json\/wp\/v2\/users\/15"}],"replies":[{"embeddable":true,"href":"https:\/\/portal.sma.gob.cl\/index.php\/wp-json\/wp\/v2\/comments?post=30958"}],"version-history":[{"count":1,"href":"https:\/\/portal.sma.gob.cl\/index.php\/wp-json\/wp\/v2\/posts\/30958\/revisions"}],"predecessor-version":[{"id":30959,"href":"https:\/\/portal.sma.gob.cl\/index.php\/wp-json\/wp\/v2\/posts\/30958\/revisions\/30959"}],"wp:featuredmedia":[{"embeddable":true,"href":"https:\/\/portal.sma.gob.cl\/index.php\/wp-json\/wp\/v2\/media\/30960"}],"wp:attachment":[{"href":"https:\/\/portal.sma.gob.cl\/index.php\/wp-json\/wp\/v2\/media?parent=30958"}],"wp:term":[{"taxonomy":"category","embeddable":true,"href":"https:\/\/portal.sma.gob.cl\/index.php\/wp-json\/wp\/v2\/categories?post=30958"},{"taxonomy":"post_tag","embeddable":true,"href":"https:\/\/portal.sma.gob.cl\/index.php\/wp-json\/wp\/v2\/tags?post=30958"}],"curies":[{"name":"wp","href":"https:\/\/api.w.org\/{rel}","templated":true}]}}