{"id":30976,"date":"2024-05-02T14:09:35","date_gmt":"2024-05-02T18:09:35","guid":{"rendered":"https:\/\/portal.sma.gob.cl\/?p=30976"},"modified":"2024-05-02T14:09:35","modified_gmt":"2024-05-02T18:09:35","slug":"reforma-a-la-ley-organica-de-la-sma-superintendenta-participo-en-seminario-sobre-fiscalizacion-sancion-y-cumplimiento-ambiental","status":"publish","type":"post","link":"https:\/\/portal.sma.gob.cl\/index.php\/reforma-a-la-ley-organica-de-la-sma-superintendenta-participo-en-seminario-sobre-fiscalizacion-sancion-y-cumplimiento-ambiental\/","title":{"rendered":"Reforma a la Ley Org\u00e1nica de la SMA: Superintendenta particip\u00f3 en seminario sobre fiscalizaci\u00f3n, sanci\u00f3n y cumplimiento ambiental"},"content":{"rendered":"<ul>\n<li>La jefa del Servicio realiz\u00f3 una visita a la Regi\u00f3n de Los R\u00edos el 30 de abril pasado, con el objetivo de reunirse con autoridades locales y participar en el seminario Fiscalizaci\u00f3n, Sanci\u00f3n y Cumplimiento Ambiental, organizado por la Universidad Austral de Chile.<\/li>\n<\/ul>\n<p><strong>02 de mayo de 2024.\u00a0<\/strong>La Superintendenta Marie Claude Plumer realiz\u00f3 una visita a la Regi\u00f3n de Los R\u00edos con el objetivo de reunirse con autoridades locales, sostener reuniones para avanzar en una mayor coordinaci\u00f3n inter-institucional que permita abordar de forma m\u00e1s eficaz las problem\u00e1ticas ambientales y para participar en un seminario organizado por la Facultad de Derecho de la Universidad Austral de Chile.<\/p>\n<p>Respecto de lo \u00faltimo, la actividad titulada &#8220;Fiscalizaci\u00f3n, Sanci\u00f3n y Cumplimiento Ambiental&#8221;, tuvo como objetivo discutir acerca del proyecto de ley que se encuentra actualmente en el Congreso, que busca fortalecer a la Superintendencia del Medio Ambiente (SMA), a trav\u00e9s de una reforma a su ley org\u00e1nica. Adem\u00e1s, abordar su articulaci\u00f3n con la Ley de Delitos Econ\u00f3micos y Ambientales.<\/p>\n<p>En esta actividad participaron, adem\u00e1s, de la Superintendenta Plumer, el Director de la Unidad de Delitos Econ\u00f3micos y Medioambientales de la Fiscal\u00eda Nacional, Mauricio Fern\u00e1ndez; y los profesores de la UACH Iv\u00e1n Hunter -tambi\u00e9n ex ministro del Tercer Tribunal Ambiental- y Pablo Soto.<\/p>\n<p><strong>Otras actividades<\/strong><\/p>\n<p>Con el objetivo de avanzar en una mayor coordinaci\u00f3n institucional, es que la Superintendenta se reuni\u00f3, igualmente, con la fiscal regional de Los R\u00edos, Tatiana Esquivel, quien se encuentra a cargo, adem\u00e1s, de la nueva unidad regional de Delitos Contra el Medio Ambiente y el Patrimonio Cultural.<\/p>\n<p>En la instancia -en la que adem\u00e1s particip\u00f3 el jefe regional de la SMA, Eduardo Rodr\u00edguez- se abordaron puntos de colaboraci\u00f3n entre ambas entidades, en el contexto de la Ley de Delitos Econ\u00f3micos y Ambientales.<\/p>\n<p>Posteriormente, se reuni\u00f3 con el ministro de la Corte de Apelaciones, Samuel Mu\u00f1oz.<\/p>\n<p>&nbsp;<\/p>\n","protected":false},"excerpt":{"rendered":"<p>La jefa del Servicio realiz\u00f3 una visita a la Regi\u00f3n de Los R\u00edos el 30 de abril pasado, con el objetivo de reunirse con autoridades locales y participar en el seminario Fiscalizaci\u00f3n, Sanci\u00f3n y Cumplimiento Ambiental, organizado por la Universidad Austral de Chile. 02 de mayo de 2024.\u00a0La Superintendenta Marie Claude Plumer realiz\u00f3 una visita a <a href=\"https:\/\/portal.sma.gob.cl\/index.php\/reforma-a-la-ley-organica-de-la-sma-superintendenta-participo-en-seminario-sobre-fiscalizacion-sancion-y-cumplimiento-ambiental\/\">Leer m\u00e1s<\/a><\/p>\n","protected":false},"author":13,"featured_media":30977,"comment_status":"open","ping_status":"open","sticky":false,"template":"","format":"standard","meta":{"footnotes":""},"categories":[90,222,226,94],"tags":[],"class_list":["post-30976","post","type-post","status-publish","format-standard","has-post-thumbnail","hentry","category-comunicados-noticias","category-macrozona","category-macrozona-sur","category-notas-noticias"],"_links":{"self":[{"href":"https:\/\/portal.sma.gob.cl\/index.php\/wp-json\/wp\/v2\/posts\/30976","targetHints":{"allow":["GET"]}}],"collection":[{"href":"https:\/\/portal.sma.gob.cl\/index.php\/wp-json\/wp\/v2\/posts"}],"about":[{"href":"https:\/\/portal.sma.gob.cl\/index.php\/wp-json\/wp\/v2\/types\/post"}],"author":[{"embeddable":true,"href":"https:\/\/portal.sma.gob.cl\/index.php\/wp-json\/wp\/v2\/users\/13"}],"replies":[{"embeddable":true,"href":"https:\/\/portal.sma.gob.cl\/index.php\/wp-json\/wp\/v2\/comments?post=30976"}],"version-history":[{"count":1,"href":"https:\/\/portal.sma.gob.cl\/index.php\/wp-json\/wp\/v2\/posts\/30976\/revisions"}],"predecessor-version":[{"id":30978,"href":"https:\/\/portal.sma.gob.cl\/index.php\/wp-json\/wp\/v2\/posts\/30976\/revisions\/30978"}],"wp:featuredmedia":[{"embeddable":true,"href":"https:\/\/portal.sma.gob.cl\/index.php\/wp-json\/wp\/v2\/media\/30977"}],"wp:attachment":[{"href":"https:\/\/portal.sma.gob.cl\/index.php\/wp-json\/wp\/v2\/media?parent=30976"}],"wp:term":[{"taxonomy":"category","embeddable":true,"href":"https:\/\/portal.sma.gob.cl\/index.php\/wp-json\/wp\/v2\/categories?post=30976"},{"taxonomy":"post_tag","embeddable":true,"href":"https:\/\/portal.sma.gob.cl\/index.php\/wp-json\/wp\/v2\/tags?post=30976"}],"curies":[{"name":"wp","href":"https:\/\/api.w.org\/{rel}","templated":true}]}}