{"id":30980,"date":"2024-05-03T09:09:32","date_gmt":"2024-05-03T13:09:32","guid":{"rendered":"https:\/\/portal.sma.gob.cl\/?p=30980"},"modified":"2024-05-03T09:31:56","modified_gmt":"2024-05-03T13:31:56","slug":"antofagasta-sma-fiscalizo-cumplimiento-de-las-medidas-provisionales-sujetas-a-la-zona-saturada-de-calama-y-su-area-circundante","status":"publish","type":"post","link":"https:\/\/portal.sma.gob.cl\/index.php\/antofagasta-sma-fiscalizo-cumplimiento-de-las-medidas-provisionales-sujetas-a-la-zona-saturada-de-calama-y-su-area-circundante\/","title":{"rendered":"Antofagasta: SMA fiscaliz\u00f3 cumplimiento de las medidas provisionales sujetas a la zona saturada de Calama y su \u00e1rea circundante"},"content":{"rendered":"<p><strong>\u00b7 La Delegaci\u00f3n Exclusiva de Calama SMA visit\u00f3 la Divisi\u00f3n Ministro Hales de Codelco y Radomiro Tomic, dos de las 4 unidades fiscalizables que deben llevar a cabo planes de acci\u00f3n para reducir emisiones. Esto, mientras se elabora el Plan de Descontaminaci\u00f3n Ambiental (PDA) de ese territorio.<\/strong><\/p>\n<p><strong>2 de mayo de 2024, Regi\u00f3n de Antofagasta-<\/strong>. El pasado 12 de marzo de este a\u00f1o, fue publicada en el Diario Oficial la resoluci\u00f3n que aprueba las medidas provisionales y complementarias para la zona saturada de Calama y su \u00e1rea circundante, para resguardar la salud de sus habitantes y proteger el medioambiente, mientras el Plan de Descontaminaci\u00f3n Ambiental (PDA) para la zona se encuentra en elaboraci\u00f3n.<\/p>\n<p>Como parte de las medidas, las faenas mineras de Codelco en Calama deben realizar una serie de acciones para reducir las emisiones de material particulado respirable.<\/p>\n<p>En ese contexto, fiscalizadores de la Delegaci\u00f3n Exclusiva de Calama de la Superintendencia del Medio Ambiente (SMA), llevaron a cabo dos inspecciones ambientales en la Divisi\u00f3n Ministro Hales y Radomiro Tomic, ambas de Codelco -dos de las cuatro unidades fiscalizables sujetas a las medidas provisionales y complementarias para dicho territorio-, con el fin de verificar la implementaci\u00f3n de las medidas de control de emisiones.<\/p>\n<p>\u201cComo Superintendencia del Medio Ambiente estaremos constantemente monitoreando el territorio, para garantizar que los planes de acci\u00f3n que deben llevar a cabo las empresas se cumplan. Estas van en directa relaci\u00f3n con mejorar la calidad de vida y salud de los habitantes\u201d, se\u00f1al\u00f3 la jefa de la Oficina Regional de la SMA en Antofagasta, Sandra Cortez.<\/p>\n<p>Para m\u00e1s informaci\u00f3n, puede acceder al detalle de las medidas en la Resoluci\u00f3n Exenta N\u00b0204\/2024 del Ministerio del Medio Ambiente.<\/p>\n","protected":false},"excerpt":{"rendered":"<p>\u00b7 La Delegaci\u00f3n Exclusiva de Calama SMA visit\u00f3 la Divisi\u00f3n Ministro Hales de Codelco y Radomiro Tomic, dos de las 4 unidades fiscalizables que deben llevar a cabo planes de acci\u00f3n para reducir emisiones. Esto, mientras se elabora el Plan de Descontaminaci\u00f3n Ambiental (PDA) de ese territorio. 2 de mayo de 2024, Regi\u00f3n de Antofagasta-. El <a href=\"https:\/\/portal.sma.gob.cl\/index.php\/antofagasta-sma-fiscalizo-cumplimiento-de-las-medidas-provisionales-sujetas-a-la-zona-saturada-de-calama-y-su-area-circundante\/\">Leer m\u00e1s<\/a><\/p>\n","protected":false},"author":15,"featured_media":31012,"comment_status":"open","ping_status":"open","sticky":false,"template":"","format":"standard","meta":{"footnotes":""},"categories":[229,107,224,94,259],"tags":[],"class_list":["post-30980","post","type-post","status-publish","format-standard","has-post-thumbnail","hentry","category-antofagasta","category-destacado","category-macrozona-norte","category-notas-noticias","category-programa-de-cumplimiento"],"_links":{"self":[{"href":"https:\/\/portal.sma.gob.cl\/index.php\/wp-json\/wp\/v2\/posts\/30980","targetHints":{"allow":["GET"]}}],"collection":[{"href":"https:\/\/portal.sma.gob.cl\/index.php\/wp-json\/wp\/v2\/posts"}],"about":[{"href":"https:\/\/portal.sma.gob.cl\/index.php\/wp-json\/wp\/v2\/types\/post"}],"author":[{"embeddable":true,"href":"https:\/\/portal.sma.gob.cl\/index.php\/wp-json\/wp\/v2\/users\/15"}],"replies":[{"embeddable":true,"href":"https:\/\/portal.sma.gob.cl\/index.php\/wp-json\/wp\/v2\/comments?post=30980"}],"version-history":[{"count":1,"href":"https:\/\/portal.sma.gob.cl\/index.php\/wp-json\/wp\/v2\/posts\/30980\/revisions"}],"predecessor-version":[{"id":30993,"href":"https:\/\/portal.sma.gob.cl\/index.php\/wp-json\/wp\/v2\/posts\/30980\/revisions\/30993"}],"wp:featuredmedia":[{"embeddable":true,"href":"https:\/\/portal.sma.gob.cl\/index.php\/wp-json\/wp\/v2\/media\/31012"}],"wp:attachment":[{"href":"https:\/\/portal.sma.gob.cl\/index.php\/wp-json\/wp\/v2\/media?parent=30980"}],"wp:term":[{"taxonomy":"category","embeddable":true,"href":"https:\/\/portal.sma.gob.cl\/index.php\/wp-json\/wp\/v2\/categories?post=30980"},{"taxonomy":"post_tag","embeddable":true,"href":"https:\/\/portal.sma.gob.cl\/index.php\/wp-json\/wp\/v2\/tags?post=30980"}],"curies":[{"name":"wp","href":"https:\/\/api.w.org\/{rel}","templated":true}]}}