{"id":31035,"date":"2024-05-07T16:03:10","date_gmt":"2024-05-07T20:03:10","guid":{"rendered":"https:\/\/portal.sma.gob.cl\/?p=31035"},"modified":"2024-05-07T16:03:10","modified_gmt":"2024-05-07T20:03:10","slug":"superintendenta-plumer-se-reune-con-el-nuevo-delegado-presidencial-para-la-zona-de-concon-quintero-y-puchuncavi","status":"publish","type":"post","link":"https:\/\/portal.sma.gob.cl\/index.php\/superintendenta-plumer-se-reune-con-el-nuevo-delegado-presidencial-para-la-zona-de-concon-quintero-y-puchuncavi\/","title":{"rendered":"Superintendenta Plumer se re\u00fane con el nuevo delegado presidencial para la zona de Conc\u00f3n, Quintero y Puchuncav\u00ed"},"content":{"rendered":"<ul>\n<li><strong>El 23 de abril de este a\u00f1o, el gobierno nombr\u00f3 al nuevo delegado presidencial para Conc\u00f3n, Quintero y Puchuncav\u00ed, Cristi\u00e1n C\u00e1ceres, quien se desempe\u00f1aba anteriormente como Fiscalizador de la Oficina Territorial Quintero-Puchuncav\u00ed, de la Seremi de Salud de Valpara\u00edso. <\/strong><\/li>\n<\/ul>\n<p><strong>\u00a0<\/strong><strong>Martes 7 de mayo, Regi\u00f3n Metropolitana-.<\/strong> La Superintendenta del Medio Ambiente, Marie Claude Plumer, se reuni\u00f3 este lunes con el nuevo delegado presidencial para las comunas de Conc\u00f3n, Quintero y Puchuncav\u00ed -Regi\u00f3n de Valpara\u00edso, Cristi\u00e1n C\u00e1ceres, con el objetivo de dar a conocer la estrategia territorial que mantiene la instituci\u00f3n y su trabajo en la zona.<\/p>\n<p>C\u00e1ceres fue designado en el cargo con el objetivo de coordinar el trabajo intersectorial en la zona y abordar los problemas de contaminaci\u00f3n ambiental que enfrenta la bah\u00eda. Es ingeniero ambiental titulado en la Universidad de Valpara\u00edso, con experiencia en elaboraci\u00f3n, an\u00e1lisis de Estudios y Declaraciones de Impacto Ambiental, con conocimiento en manejo de cuencas hidrogr\u00e1ficas, manejo ambiental portuario y seguridad industrial, entre otras materias.<\/p>\n<p>En el marco de la reuni\u00f3n, la Superintendenta present\u00f3 las principales l\u00edneas de acci\u00f3n de la SMA, c\u00f3mo se realiza el trabajo de fiscalizaci\u00f3n y preventivo, adem\u00e1s, de mostrar los datos que arrojan los equipos de medici\u00f3n en l\u00ednea que est\u00e1n instalados en la zona.<\/p>\n<p>\u201cSe trat\u00f3 de una reuni\u00f3n muy provechosa, en la l\u00ednea de presentar al nuevo delegado el rol que cumple la Superintendencia en la zona de Conc\u00f3n, Quintero y Puchuncav\u00ed. Como instituci\u00f3n hemos desplegado todos los recursos y agregado acciones adicionales a la estrategia iniciada en 2023. Tenemos un plan que busca actuar de forma preventiva, a trav\u00e9s de un monitoreo permanente en los sectores urbanos especialmente\u201d, se\u00f1al\u00f3 la Superintendenta Plumer.<\/p>\n<p>Por su parte, el delegado presidencial asegur\u00f3 que \u201clas reuniones que he sostenido con las distintas entidades del Estado, entre ellas la SMA, han sido fundamentales para entender en qu\u00e9 est\u00e1n los servicios ligados a Salud y Medio Ambiente respecto a la gesti\u00f3n que han realizado en las zonas de Conc\u00f3n, Quintero y Puchuncav\u00ed. Aquello es primordial para poder garantizar la coordinaci\u00f3n de los procesos y labores preventivas de las instituciones en el territorio, y con ello, proteger el medioambiente y la calidad de vida de sus habitantes\u201d.<\/p>\n","protected":false},"excerpt":{"rendered":"<p>El 23 de abril de este a\u00f1o, el gobierno nombr\u00f3 al nuevo delegado presidencial para Conc\u00f3n, Quintero y Puchuncav\u00ed, Cristi\u00e1n C\u00e1ceres, quien se desempe\u00f1aba anteriormente como Fiscalizador de la Oficina Territorial Quintero-Puchuncav\u00ed, de la Seremi de Salud de Valpara\u00edso. \u00a0Martes 7 de mayo, Regi\u00f3n Metropolitana-. La Superintendenta del Medio Ambiente, Marie Claude Plumer, se reuni\u00f3 este <a href=\"https:\/\/portal.sma.gob.cl\/index.php\/superintendenta-plumer-se-reune-con-el-nuevo-delegado-presidencial-para-la-zona-de-concon-quintero-y-puchuncavi\/\">Leer m\u00e1s<\/a><\/p>\n","protected":false},"author":15,"featured_media":31037,"comment_status":"open","ping_status":"open","sticky":false,"template":"","format":"standard","meta":{"footnotes":""},"categories":[107,225,94],"tags":[206,110],"class_list":["post-31035","post","type-post","status-publish","format-standard","has-post-thumbnail","hentry","category-destacado","category-macrozona-centro","category-notas-noticias","tag-macrozona-centro","tag-sma"],"_links":{"self":[{"href":"https:\/\/portal.sma.gob.cl\/index.php\/wp-json\/wp\/v2\/posts\/31035","targetHints":{"allow":["GET"]}}],"collection":[{"href":"https:\/\/portal.sma.gob.cl\/index.php\/wp-json\/wp\/v2\/posts"}],"about":[{"href":"https:\/\/portal.sma.gob.cl\/index.php\/wp-json\/wp\/v2\/types\/post"}],"author":[{"embeddable":true,"href":"https:\/\/portal.sma.gob.cl\/index.php\/wp-json\/wp\/v2\/users\/15"}],"replies":[{"embeddable":true,"href":"https:\/\/portal.sma.gob.cl\/index.php\/wp-json\/wp\/v2\/comments?post=31035"}],"version-history":[{"count":1,"href":"https:\/\/portal.sma.gob.cl\/index.php\/wp-json\/wp\/v2\/posts\/31035\/revisions"}],"predecessor-version":[{"id":31041,"href":"https:\/\/portal.sma.gob.cl\/index.php\/wp-json\/wp\/v2\/posts\/31035\/revisions\/31041"}],"wp:featuredmedia":[{"embeddable":true,"href":"https:\/\/portal.sma.gob.cl\/index.php\/wp-json\/wp\/v2\/media\/31037"}],"wp:attachment":[{"href":"https:\/\/portal.sma.gob.cl\/index.php\/wp-json\/wp\/v2\/media?parent=31035"}],"wp:term":[{"taxonomy":"category","embeddable":true,"href":"https:\/\/portal.sma.gob.cl\/index.php\/wp-json\/wp\/v2\/categories?post=31035"},{"taxonomy":"post_tag","embeddable":true,"href":"https:\/\/portal.sma.gob.cl\/index.php\/wp-json\/wp\/v2\/tags?post=31035"}],"curies":[{"name":"wp","href":"https:\/\/api.w.org\/{rel}","templated":true}]}}