{"id":31073,"date":"2024-05-10T15:34:12","date_gmt":"2024-05-10T19:34:12","guid":{"rendered":"https:\/\/portal.sma.gob.cl\/?p=31073"},"modified":"2024-05-10T15:34:12","modified_gmt":"2024-05-10T19:34:12","slug":"sma-multa-a-aes-andes-por-no-reducir-emisiones-durante-alerta-ambiental-ocurrida-en-2023","status":"publish","type":"post","link":"https:\/\/portal.sma.gob.cl\/index.php\/sma-multa-a-aes-andes-por-no-reducir-emisiones-durante-alerta-ambiental-ocurrida-en-2023\/","title":{"rendered":"SMA multa a AES Andes por no reducir emisiones durante alerta ambiental ocurrida en 2023\u00a0"},"content":{"rendered":"<ul>\n<li data-leveltext=\"\uf0b7\" data-font=\"Symbol\" data-listid=\"1\" data-list-defn-props=\"{&quot;335552541&quot;:1,&quot;335559685&quot;:720,&quot;335559991&quot;:360,&quot;469769226&quot;:&quot;Symbol&quot;,&quot;469769242&quot;:[8226],&quot;469777803&quot;:&quot;left&quot;,&quot;469777804&quot;:&quot;\uf0b7&quot;,&quot;469777815&quot;:&quot;hybridMultilevel&quot;}\" aria-setsize=\"-1\" data-aria-posinset=\"1\" data-aria-level=\"1\"><b><span data-contrast=\"auto\">La multa fue aplicada por incumplimiento de la medida que se encuentra establecida en su plan operacional, durante la Gesti\u00f3n de Episodios Cr\u00edticos. Esto, en el marco del Plan de Prevenci\u00f3n y Descontaminaci\u00f3n para las comunas de Conc\u00f3n, Quintero y Puchuncav\u00ed y la norma primaria de calidad ambiental para SO<\/span><\/b><b><span data-contrast=\"auto\">2<\/span><\/b><span data-contrast=\"auto\">.<\/span><b><span data-contrast=\"auto\"> \u00a0<\/span><\/b><span data-ccp-props=\"{&quot;134233117&quot;:false,&quot;134233118&quot;:false,&quot;201341983&quot;:0,&quot;335551550&quot;:6,&quot;335551620&quot;:6,&quot;335559685&quot;:720,&quot;335559737&quot;:0,&quot;335559738&quot;:0,&quot;335559739&quot;:160,&quot;335559740&quot;:259,&quot;335559991&quot;:360}\">\u00a0<\/span><\/li>\n<li data-leveltext=\"\uf0b7\" data-font=\"Symbol\" data-listid=\"1\" data-list-defn-props=\"{&quot;335552541&quot;:1,&quot;335559685&quot;:720,&quot;335559991&quot;:360,&quot;469769226&quot;:&quot;Symbol&quot;,&quot;469769242&quot;:[8226],&quot;469777803&quot;:&quot;left&quot;,&quot;469777804&quot;:&quot;\uf0b7&quot;,&quot;469777815&quot;:&quot;hybridMultilevel&quot;}\" aria-setsize=\"-1\" data-aria-posinset=\"2\" data-aria-level=\"1\"><b><span data-contrast=\"auto\">La multa aplicada es de 214 UTA, equivalentes a m\u00e1s de 168 millones de pesos. <\/span><\/b><span data-ccp-props=\"{&quot;134233117&quot;:false,&quot;134233118&quot;:false,&quot;201341983&quot;:0,&quot;335551550&quot;:1,&quot;335551620&quot;:1,&quot;335559685&quot;:720,&quot;335559737&quot;:0,&quot;335559738&quot;:0,&quot;335559739&quot;:160,&quot;335559740&quot;:259,&quot;335559991&quot;:360}\">\u00a0<\/span><\/li>\n<\/ul>\n<p><b><span data-contrast=\"auto\">Regi\u00f3n de Valpara\u00edso, 10 de mayo de 2024-.<\/span><\/b> <span data-contrast=\"auto\">La Superintendencia del Medio Ambiente (SMA) sancion\u00f3 al Complejo Termoel\u00e9ctrico Ventanas, controlado por AES Andes S.A., con una multa total de 214 Unidades Tributarias Anuales (UTA), equivalentes a <\/span><span data-contrast=\"auto\">$ 168.057.624,<\/span> <span data-contrast=\"auto\">por incumplimiento a su plan operacional en el marco de la Gesti\u00f3n de Episodios Cr\u00edticos del Plan de Prevenci\u00f3n y Descontaminaci\u00f3n Ambiental para las comunas de Conc\u00f3n, Quintero y Puchuncav\u00ed, y de lo dispuesto en la norma primaria de calidad ambiental para SO<\/span><span data-contrast=\"auto\">2<\/span><span data-contrast=\"auto\">. El hecho ocurri\u00f3 en el marco de una declaraci\u00f3n de alerta ambiental en marzo de 2023. <\/span><span data-ccp-props=\"{&quot;134233117&quot;:false,&quot;134233118&quot;:false,&quot;201341983&quot;:0,&quot;335551550&quot;:6,&quot;335551620&quot;:6,&quot;335559685&quot;:0,&quot;335559737&quot;:0,&quot;335559738&quot;:0,&quot;335559739&quot;:160,&quot;335559740&quot;:240}\">\u00a0<\/span><\/p>\n<p><span data-contrast=\"auto\">Las instalaciones de AES Andes est\u00e1n ubicadas en la Bah\u00eda de Quintero, comuna de Puchuncav\u00ed, y consideran cuatro unidades de generaci\u00f3n el\u00e9ctrica que operan a trav\u00e9s de combustible f\u00f3sil (carb\u00f3n), de capacidad instalada de 862 MW y sujetas a Planes Operacionales establecidos para la Gesti\u00f3n de Episodios Cr\u00edticos (GEC) durante jornadas de mala ventilaci\u00f3n u otros eventos de emanaciones de contaminantes en el cord\u00f3n industrial.<\/span><span data-ccp-props=\"{&quot;134233117&quot;:false,&quot;134233118&quot;:false,&quot;201341983&quot;:0,&quot;335551550&quot;:6,&quot;335551620&quot;:6,&quot;335559685&quot;:0,&quot;335559737&quot;:0,&quot;335559738&quot;:0,&quot;335559739&quot;:160,&quot;335559740&quot;:240}\">\u00a0<\/span><\/p>\n<p><span data-contrast=\"auto\">Cabe se\u00f1alar que la reducci\u00f3n de la operaci\u00f3n establecida en el plan operacional tiene por objetivo frenar de manera inmediata las emisiones de material particulado (MP<\/span><span data-contrast=\"auto\">10<\/span><span data-contrast=\"auto\">), di\u00f3xido de azufre (SO<\/span><span data-contrast=\"auto\">2<\/span><span data-contrast=\"auto\">) y compuestos org\u00e1nicos vol\u00e1tiles (COVs), apenas se registre un nivel de alerta, pre-emergencia o emergencia ambiental, con el fin de adoptar medidas frente a situaciones que pongan el riesgo de salud de la poblaci\u00f3n. <\/span><span data-ccp-props=\"{&quot;201341983&quot;:0,&quot;335551550&quot;:6,&quot;335551620&quot;:6,&quot;335557856&quot;:16777215,&quot;335559739&quot;:300,&quot;335559740&quot;:240}\">\u00a0<\/span><\/p>\n<p><b><span data-contrast=\"auto\">Antecedentes<\/span><\/b><span data-ccp-props=\"{&quot;201341983&quot;:0,&quot;335551550&quot;:6,&quot;335551620&quot;:6,&quot;335559740&quot;:240}\">\u00a0<\/span><\/p>\n<p><span data-contrast=\"auto\">Entre las 02.00 y las 03.00 horas del 16 de marzo de 2023, se registraron valores horarios de di\u00f3xido de azufre (SO<\/span><span data-contrast=\"auto\">2<\/span><span data-contrast=\"auto\">) de <\/span><span data-contrast=\"none\">582 \u00b5g\/m<\/span><span data-contrast=\"none\">3<\/span><span data-contrast=\"none\">N en la estaci\u00f3n Centro Quintero, por lo que la <\/span><span data-contrast=\"auto\">Delegaci\u00f3n Presidencial de Valpara\u00edso declar\u00f3 un episodio de Alerta Ambiental para las comunas de Conc\u00f3n, Quintero y Puchuncav\u00ed durante 11 horas, entre las 03.00 y las 13.59 horas de ese d\u00eda. <\/span><span data-ccp-props=\"{&quot;201341983&quot;:0,&quot;335551550&quot;:6,&quot;335551620&quot;:6,&quot;335559740&quot;:240}\">\u00a0<\/span><\/p>\n<p><span data-contrast=\"auto\">En ese contexto, fiscalizadores de la SMA inspeccionaron el Complejo Termoel\u00e9ctrico Ventanas, a fin de constatar la implementaci\u00f3n de las medidas de control de emisiones emitidas en el Plan Operacional de 2022. Producto de lo anterior, se identific\u00f3 que el titular no realiz\u00f3 una reducci\u00f3n del 11% de las emisiones generadas por su operaci\u00f3n, evidenciando s\u00f3lo un m\u00e1ximo de reducci\u00f3n de 7,8%, pese a lo establecido en dicho plan para situaciones de alerta ambiental. <\/span><span data-ccp-props=\"{&quot;201341983&quot;:0,&quot;335551550&quot;:6,&quot;335551620&quot;:6,&quot;335557856&quot;:16777215,&quot;335559739&quot;:300,&quot;335559740&quot;:240}\">\u00a0<\/span><\/p>\n<p><span data-contrast=\"auto\">Por esta raz\u00f3n, el 21 de abril de 2023 la Superintendencia del Medio Ambiente inici\u00f3 un procedimiento sancionatorio, con la formulaci\u00f3n de un cargo grave contra AES Andes. Con fecha 24 de mayo de 2023, la empresa present\u00f3 sus descargos, los que fueron analizados por la Superintendencia del Medio Ambiente.<\/span><span data-ccp-props=\"{&quot;134233117&quot;:false,&quot;134233118&quot;:false,&quot;201341983&quot;:0,&quot;335551550&quot;:6,&quot;335551620&quot;:6,&quot;335559685&quot;:0,&quot;335559737&quot;:0,&quot;335559738&quot;:0,&quot;335559739&quot;:160,&quot;335559740&quot;:240}\">\u00a0<\/span><\/p>\n<p><span data-contrast=\"auto\">La Superintendenta del Medio Ambiente, Marie Claude Plumer, se\u00f1al\u00f3 que \u201ccon la mayor celeridad revisamos toda la informaci\u00f3n disponible por los episodios ocurridos en marzo con AES Andes, y verificamos que la empresa no redujo sus l\u00edmites como establece su Plan Operacional aprobado en 2022. El cumplimiento de estas medidas es crucial ya que afecta directamente a la salud de ni\u00f1as, ni\u00f1os y de toda la poblaci\u00f3n\u201d.<\/span><span data-ccp-props=\"{&quot;201341983&quot;:0,&quot;335551550&quot;:6,&quot;335551620&quot;:6,&quot;335559685&quot;:0,&quot;335559740&quot;:240}\">\u00a0<\/span><\/p>\n<p><span data-contrast=\"auto\">La autoridad agreg\u00f3 que \u201cpor ello se ha establecido, focalizado y avanzado en la labor fiscalizadora y sancionadora que tiene la SMA, para que las empresas que se ubican en el cord\u00f3n industrial cumplan con los instrumentos de gesti\u00f3n ambiental\u201d.<\/span><span data-ccp-props=\"{&quot;201341983&quot;:0,&quot;335551550&quot;:6,&quot;335551620&quot;:6,&quot;335557856&quot;:16777215,&quot;335559739&quot;:300,&quot;335559740&quot;:240}\">\u00a0<\/span><\/p>\n<p><span data-contrast=\"auto\">La multa es a beneficio fiscal y deber\u00e1 pagarse en la Tesorer\u00eda General de la Rep\u00fablica, en los diez d\u00edas h\u00e1biles desde la notificaci\u00f3n de la resoluci\u00f3n sancionatoria. <\/span><span data-ccp-props=\"{&quot;201341983&quot;:0,&quot;335551550&quot;:6,&quot;335551620&quot;:6,&quot;335557856&quot;:16777215,&quot;335559739&quot;:300,&quot;335559740&quot;:240}\">\u00a0<\/span><\/p>\n<p><span data-contrast=\"auto\">M\u00e1s informaci\u00f3n sobre esta resoluci\u00f3n sancionatoria en el Sistema de Informaci\u00f3n de Fiscalizaci\u00f3n, a trav\u00e9s de <\/span><a href=\"http:\/\/snifa.sma.gob.cl\/Sancionatorio\/Ficha\/3283\"><span data-contrast=\"none\">http:\/\/snifa.sma.gob.cl\/Sancionatorio\/Ficha\/3283<\/span><\/a><span data-ccp-props=\"{&quot;201341983&quot;:0,&quot;335551550&quot;:6,&quot;335551620&quot;:6,&quot;335559740&quot;:240}\">\u00a0<\/span><\/p>\n","protected":false},"excerpt":{"rendered":"<p>La multa fue aplicada por incumplimiento de la medida que se encuentra establecida en su plan operacional, durante la Gesti\u00f3n de Episodios Cr\u00edticos. Esto, en el marco del Plan de Prevenci\u00f3n y Descontaminaci\u00f3n para las comunas de Conc\u00f3n, Quintero y Puchuncav\u00ed y la norma primaria de calidad ambiental para SO2. \u00a0\u00a0 La multa aplicada es de <a href=\"https:\/\/portal.sma.gob.cl\/index.php\/sma-multa-a-aes-andes-por-no-reducir-emisiones-durante-alerta-ambiental-ocurrida-en-2023\/\">Leer m\u00e1s<\/a><\/p>\n","protected":false},"author":15,"featured_media":31076,"comment_status":"open","ping_status":"open","sticky":false,"template":"","format":"standard","meta":{"footnotes":""},"categories":[107,225,94,231],"tags":[],"class_list":["post-31073","post","type-post","status-publish","format-standard","has-post-thumbnail","hentry","category-destacado","category-macrozona-centro","category-notas-noticias","category-valparaiso"],"_links":{"self":[{"href":"https:\/\/portal.sma.gob.cl\/index.php\/wp-json\/wp\/v2\/posts\/31073","targetHints":{"allow":["GET"]}}],"collection":[{"href":"https:\/\/portal.sma.gob.cl\/index.php\/wp-json\/wp\/v2\/posts"}],"about":[{"href":"https:\/\/portal.sma.gob.cl\/index.php\/wp-json\/wp\/v2\/types\/post"}],"author":[{"embeddable":true,"href":"https:\/\/portal.sma.gob.cl\/index.php\/wp-json\/wp\/v2\/users\/15"}],"replies":[{"embeddable":true,"href":"https:\/\/portal.sma.gob.cl\/index.php\/wp-json\/wp\/v2\/comments?post=31073"}],"version-history":[{"count":1,"href":"https:\/\/portal.sma.gob.cl\/index.php\/wp-json\/wp\/v2\/posts\/31073\/revisions"}],"predecessor-version":[{"id":31074,"href":"https:\/\/portal.sma.gob.cl\/index.php\/wp-json\/wp\/v2\/posts\/31073\/revisions\/31074"}],"wp:featuredmedia":[{"embeddable":true,"href":"https:\/\/portal.sma.gob.cl\/index.php\/wp-json\/wp\/v2\/media\/31076"}],"wp:attachment":[{"href":"https:\/\/portal.sma.gob.cl\/index.php\/wp-json\/wp\/v2\/media?parent=31073"}],"wp:term":[{"taxonomy":"category","embeddable":true,"href":"https:\/\/portal.sma.gob.cl\/index.php\/wp-json\/wp\/v2\/categories?post=31073"},{"taxonomy":"post_tag","embeddable":true,"href":"https:\/\/portal.sma.gob.cl\/index.php\/wp-json\/wp\/v2\/tags?post=31073"}],"curies":[{"name":"wp","href":"https:\/\/api.w.org\/{rel}","templated":true}]}}