{"id":31077,"date":"2024-05-07T15:37:06","date_gmt":"2024-05-07T19:37:06","guid":{"rendered":"https:\/\/portal.sma.gob.cl\/?p=31077"},"modified":"2025-01-13T09:52:33","modified_gmt":"2025-01-13T12:52:33","slug":"presidencia-pro-tempore-convoco-primera-reunion-de-trabajo-2024-con-puntos-focales-de-redlafica","status":"publish","type":"post","link":"https:\/\/portal.sma.gob.cl\/index.php\/presidencia-pro-tempore-convoco-primera-reunion-de-trabajo-2024-con-puntos-focales-de-redlafica\/","title":{"rendered":"Presidencia Pro Tempore convoc\u00f3 primera reuni\u00f3n de trabajo 2024 con puntos focales de REDLAFICA"},"content":{"rendered":"<ul>\n<li><strong>Durante el encuentro se confirm\u00f3 que la pr\u00f3xima actividad sobre los Di\u00e1logos Regionales de Pol\u00edtica de Licenciamiento y Fiscalizaci\u00f3n Ambiental y Social (DRP) organizado por el BID se realizar\u00e1 en la ciudad de Santiago, Chile, durante el mes de octubre.\u00a0<\/strong><\/li>\n<li><span data-contrast=\"auto\"> <strong>Adem\u00e1s, se revis\u00f3 el estatus del Plan Estrat\u00e9gico de la Red comprometida para el periodo 2024, entre otras materias.<\/strong><\/span><\/li>\n<\/ul>\n<p><strong>Santiago, Chile, 7 de mayo de 2024.-<\/strong><span data-contrast=\"auto\">\u202fLa Presidencia Pro Tempore de la\u202f<\/span><a href=\"http:\/\/www.redlafica.org\/\"><strong><span data-contrast=\"none\">Red Latinoamericana de Fiscalizaci\u00f3n y Cumplimiento Ambiental (REDLAFICA)<\/span><\/strong><\/a><span data-contrast=\"auto\">, a trav\u00e9s de\u202f<\/span><span data-contrast=\"auto\"><strong>Daniela Pe\u00f1a<\/strong><\/span><span data-contrast=\"auto\">, jefa de la Oficina de Gesti\u00f3n Estrat\u00e9gica de la Superintendencia del Medio Ambiente (SMA) de Chile y Coordinadora de la Red; lider\u00f3 esta tarde una sesi\u00f3n extraordinaria de trabajo con todos y todas los Puntos Focales designados por los pa\u00edses miembros de la Entidad, con el objetivo de revisar los avances del Plan Estrat\u00e9gico comprometido para el periodo 2024, as\u00ed como tambi\u00e9n revisar en l\u00edneas generales el Plan de Acci\u00f3n del BID con REDLAFICA y REDLASEIA, que se enmarca en los Di\u00e1logos Regionales de Pol\u00edtica de Licenciamiento y Fiscalizaci\u00f3n Ambiental y Social (DRP).<\/span><span data-ccp-props=\"{&quot;201341983&quot;:0,&quot;335551550&quot;:6,&quot;335551620&quot;:6,&quot;335557856&quot;:16777215,&quot;335559739&quot;:300,&quot;335559740&quot;:240}\">\u00a0<\/span><\/p>\n<p><span data-contrast=\"auto\">La reuni\u00f3n comenz\u00f3 con palabras de bienvenida de la Presidenta Pro Tempore de Redlafica y Superintendenta del Medio Ambiente (SMA) de Chile, Marie Claude Plumer, quien agradeci\u00f3 la gran convocatoria de parte de los representantes de los pa\u00edses integrantes de la Red. \u201cInvitamos desde ya a todas las delegaciones a sumarse activamente a las actividades que estamos desplegando. Es importante entender que estas son instancias de fortalecimiento de las capacidades de todos los equipos que conforman REDLAFICA para promover el cumplimento ambiental y no retroceder, sino avanzar y crecer\u201d, enfatiz\u00f3.<\/span><span data-ccp-props=\"{&quot;201341983&quot;:0,&quot;335551550&quot;:6,&quot;335551620&quot;:6,&quot;335557856&quot;:16777215,&quot;335559739&quot;:300,&quot;335559740&quot;:240}\">\u00a0<\/span><\/p>\n<p><span data-contrast=\"auto\">Luego la reuni\u00f3n continu\u00f3 con la presentaci\u00f3n de Juan Mart\u00ednez, Especialista Social L\u00edder, Unidad de Soluciones Ambientales y Sociales del BID, quien destac\u00f3 las siguientes l\u00edneas de trabajo: <\/span><span data-ccp-props=\"{&quot;201341983&quot;:0,&quot;335551550&quot;:6,&quot;335551620&quot;:6,&quot;335557856&quot;:16777215,&quot;335559739&quot;:300,&quot;335559740&quot;:240}\">\u00a0<\/span><\/p>\n<ul>\n<li><span data-contrast=\"auto\">Curso en l\u00ednea de inspectores ambientales, que ha sido finalizado y se ha puesto en l\u00ednea. Es un curso autoguiado creado en colaboraci\u00f3n con la Agencia de Protecci\u00f3n Ambiental de Estados Unidos (EPA) y con la International Network for Environmental Compliance and Enforcement (INECE);<\/span><\/li>\n<li><span data-contrast=\"auto\">Intercambios de experiencia entre pa\u00edses para compartir conocimientos t\u00e9cnicos sobre distintas materias ambientales; <\/span><\/li>\n<li><span data-contrast=\"auto\">Se confirm\u00f3 que el pr\u00f3ximo DPR se realizar\u00e1 en la ciudad de Santiago de Chile, desde el 15 al 17 de octubre, agenda que se dar\u00e1 a conocer pr\u00f3ximamente, y que este a\u00f1o se suma en su organizaci\u00f3n la REDLASEIA. <\/span><\/li>\n<\/ul>\n<p>Luego, Daniela Pe\u00f1a continu\u00f3 con la agenda de la reuni\u00f3n, invitando a todos los asistentes a que se presentar\u00e1n, as\u00ed como tambi\u00e9n profundiz\u00f3 sobre la invitaci\u00f3n a los pr\u00f3ximos Di\u00e1logos Regional de Pol\u00edtica organizado por el BID, instancia donde tambi\u00e9n se realizar\u00e1n en paralelo, las reuniones anuales de REDLAFICA y de REDLASEIA. Cabe recordar que ambas entidades este a\u00f1o son liderados por entidades chilenas, SMA y el Servicio de Evaluaci\u00f3n Ambiental (SEA) respectivamente.<span data-ccp-props=\"{&quot;201341983&quot;:0,&quot;335551550&quot;:6,&quot;335551620&quot;:6,&quot;335557856&quot;:16777215,&quot;335559739&quot;:300,&quot;335559740&quot;:240}\">\u00a0<\/span><\/p>\n<p><span data-contrast=\"auto\">Sumado a lo anterior, tambi\u00e9n abord\u00f3 las l\u00edneas generales de la agenda de REDLAFICA durante este per\u00edodo y cuya focalizaci\u00f3n se ha centrado en grupos de trabajos: i) Impactos Ambientales Fronterizos; ii) Monitoreo Participativo en Fiscalizaci\u00f3n; iii) Buenas Pr\u00e1cticas de Fiscalizaci\u00f3n \/ Uso de Tecnolog\u00edas; iv) Modelo Sancionatorio \/ Herramientas Legales para el Cumplimiento; y v) Cambio Clim\u00e1tico. Cada uno de estos grupos est\u00e1 integrado por los diferentes pa\u00edses que conforman la Red con el objeto de compartir experiencia al respecto, as\u00ed como reforzar estas materias.<\/span><span data-ccp-props=\"{&quot;201341983&quot;:0,&quot;335551550&quot;:6,&quot;335551620&quot;:6,&quot;335557856&quot;:16777215,&quot;335559739&quot;:300,&quot;335559740&quot;:240}\">\u00a0<\/span><\/p>\n<p><span data-contrast=\"auto\">En este mismo punto se revis\u00f3 toda la agenda de actividades realizadas en lo que va del a\u00f1o y las que est\u00e1n por desarrollarse en estas tem\u00e1ticas. Actividades que son de car\u00e1cter abiertas para todos los pa\u00edses que forman parte de la organizaci\u00f3n.<\/span><span data-ccp-props=\"{&quot;201341983&quot;:0,&quot;335551550&quot;:6,&quot;335551620&quot;:6,&quot;335557856&quot;:16777215,&quot;335559739&quot;:300,&quot;335559740&quot;:240}\">\u00a0<\/span><\/p>\n<p><span data-contrast=\"auto\">La actividad continu\u00f3 con una presentaci\u00f3n de la pr\u00f3xima cumbre organizada por la INECE, presentaci\u00f3n que estuvo a cargo de Ver\u00f3nica Campos, profesional del Departamento de Seguimiento e Informaci\u00f3n Ambiental (DSI) de la SMA y Punto Focal de la instituci\u00f3n para INECE, quien present\u00f3 en l\u00edneas generales el programa de este encuentro que se desarrollar\u00e1 durante el mes de noviembre en Australia.<\/span><span data-ccp-props=\"{&quot;201341983&quot;:0,&quot;335551550&quot;:6,&quot;335551620&quot;:6,&quot;335557856&quot;:16777215,&quot;335559739&quot;:300,&quot;335559740&quot;:240}\">\u00a0<\/span><\/p>\n<p><span data-contrast=\"auto\">Por \u00faltimo, el encuentro finaliz\u00f3 con una ronda de consultas sobre la agenda 2024 de la Red, instancia donde se hizo nuevamente un llamado a todos los integrantes de la organizaci\u00f3n se sumarse a toda la bater\u00eda de inici\u00e1ticas y actividades que se est\u00e1n planificando.<\/span><span data-ccp-props=\"{&quot;201341983&quot;:0,&quot;335551550&quot;:6,&quot;335551620&quot;:6,&quot;335557856&quot;:16777215,&quot;335559739&quot;:300,&quot;335559740&quot;:240}\">\u00a0<\/span><\/p>\n<p><span data-contrast=\"auto\"><strong>Sobre la Red<\/strong><\/span><span data-ccp-props=\"{&quot;201341983&quot;:0,&quot;335551550&quot;:6,&quot;335551620&quot;:6,&quot;335557856&quot;:16777215,&quot;335559739&quot;:300,&quot;335559740&quot;:240}\">\u00a0<\/span><\/p>\n<p><span data-contrast=\"auto\"><strong>REDLAFICA<\/strong><\/span><span data-contrast=\"auto\">\u202fes una organizaci\u00f3n integrada por instituciones p\u00fablicas que ejercen funciones de car\u00e1cter ambiental en los pa\u00edses de Argentina, Brasil, Bolivia, Colombia, Costa Rica, Chile, Ecuador, El Salvador, Guatemala, Honduras, M\u00e9xico, Panam\u00e1, Paraguay, Per\u00fa, Rep\u00fablica Dominicana y Uruguay. La Red surge con el objetivo de mejorar la fiscalizaci\u00f3n y el cumplimiento ambiental de toda la regi\u00f3n de Latinoam\u00e9rica.<\/span><span data-ccp-props=\"{&quot;201341983&quot;:0,&quot;335551550&quot;:6,&quot;335551620&quot;:6,&quot;335557856&quot;:16777215,&quot;335559739&quot;:300,&quot;335559740&quot;:240}\">\u00a0<\/span><\/p>\n","protected":false},"excerpt":{"rendered":"<p>Durante el encuentro se confirm\u00f3 que la pr\u00f3xima actividad sobre los Di\u00e1logos Regionales de Pol\u00edtica de Licenciamiento y Fiscalizaci\u00f3n Ambiental y Social (DRP) organizado por el BID se realizar\u00e1 en la ciudad de Santiago, Chile, durante el mes de octubre.\u00a0 Adem\u00e1s, se revis\u00f3 el estatus del Plan Estrat\u00e9gico de la Red comprometida para el periodo 2024, <a href=\"https:\/\/portal.sma.gob.cl\/index.php\/presidencia-pro-tempore-convoco-primera-reunion-de-trabajo-2024-con-puntos-focales-de-redlafica\/\">Leer m\u00e1s<\/a><\/p>\n","protected":false},"author":8,"featured_media":31079,"comment_status":"open","ping_status":"open","sticky":false,"template":"","format":"standard","meta":{"footnotes":""},"categories":[107,225,94,271],"tags":[],"class_list":["post-31077","post","type-post","status-publish","format-standard","has-post-thumbnail","hentry","category-destacado","category-macrozona-centro","category-notas-noticias","category-redlafica"],"_links":{"self":[{"href":"https:\/\/portal.sma.gob.cl\/index.php\/wp-json\/wp\/v2\/posts\/31077","targetHints":{"allow":["GET"]}}],"collection":[{"href":"https:\/\/portal.sma.gob.cl\/index.php\/wp-json\/wp\/v2\/posts"}],"about":[{"href":"https:\/\/portal.sma.gob.cl\/index.php\/wp-json\/wp\/v2\/types\/post"}],"author":[{"embeddable":true,"href":"https:\/\/portal.sma.gob.cl\/index.php\/wp-json\/wp\/v2\/users\/8"}],"replies":[{"embeddable":true,"href":"https:\/\/portal.sma.gob.cl\/index.php\/wp-json\/wp\/v2\/comments?post=31077"}],"version-history":[{"count":2,"href":"https:\/\/portal.sma.gob.cl\/index.php\/wp-json\/wp\/v2\/posts\/31077\/revisions"}],"predecessor-version":[{"id":33997,"href":"https:\/\/portal.sma.gob.cl\/index.php\/wp-json\/wp\/v2\/posts\/31077\/revisions\/33997"}],"wp:featuredmedia":[{"embeddable":true,"href":"https:\/\/portal.sma.gob.cl\/index.php\/wp-json\/wp\/v2\/media\/31079"}],"wp:attachment":[{"href":"https:\/\/portal.sma.gob.cl\/index.php\/wp-json\/wp\/v2\/media?parent=31077"}],"wp:term":[{"taxonomy":"category","embeddable":true,"href":"https:\/\/portal.sma.gob.cl\/index.php\/wp-json\/wp\/v2\/categories?post=31077"},{"taxonomy":"post_tag","embeddable":true,"href":"https:\/\/portal.sma.gob.cl\/index.php\/wp-json\/wp\/v2\/tags?post=31077"}],"curies":[{"name":"wp","href":"https:\/\/api.w.org\/{rel}","templated":true}]}}