{"id":31107,"date":"2024-05-16T11:04:28","date_gmt":"2024-05-16T15:04:28","guid":{"rendered":"https:\/\/portal.sma.gob.cl\/?p=31107"},"modified":"2024-05-17T17:19:31","modified_gmt":"2024-05-17T21:19:31","slug":"dia-internacional-de-la-luz-sma-ha-realizado-mas-de-140-fiscalizaciones-a-titulares-sujetos-a-la-norma-luminica-y-ha-iniciado-30-procedimientos-sancionatorios-por-incumplimientos","status":"publish","type":"post","link":"https:\/\/portal.sma.gob.cl\/index.php\/dia-internacional-de-la-luz-sma-ha-realizado-mas-de-140-fiscalizaciones-a-titulares-sujetos-a-la-norma-luminica-y-ha-iniciado-30-procedimientos-sancionatorios-por-incumplimientos\/","title":{"rendered":"D\u00eda Internacional de la Luz: SMA ha realizado m\u00e1s de 140 fiscalizaciones e iniciado 30 procedimientos sancionatorios por la Norma Lum\u00ednica"},"content":{"rendered":"<ul>\n<li><strong>A partir del 19 de octubre de este a\u00f1o, entrar\u00e1 en vigencia para ciertos tipos de fuentes y en \u00c1reas de Protecci\u00f3n Especial, la Norma de Emisi\u00f3n de Luminosidad Artificial Generada por Alumbrados de Exteriores, aprobada por el Decreto Supremo N\u00b01 del 2022 del Ministerio del Medio Ambiente (MMA), y que es conocida como la Nueva Norma Lum\u00ednica, la cual, se implementar\u00e1 de manera paulatina en el pa\u00eds.<\/strong><\/li>\n<li><strong>Dentro de los tipos de fuentes mayormente denunciadas se encuentran instalaciones tales como los recintos deportivos, \u2013como las canchas de p\u00e1del-, bares o discotecas, y proyectos inmobiliarios.<\/strong><\/li>\n<\/ul>\n<p><strong>Regi\u00f3n Metropolitana, 16 de mayo de 2024.<\/strong>\u00a0Durante esta jornada se conmemora el D\u00eda Internacional de la Luz, decretado por la UNESCO para relevar la importancia de la luz como fuente de energ\u00eda vital para todos los seres del planeta, as\u00ed como tambi\u00e9n de la necesidad de preservar la oscuridad de los cielos en horario nocturno, clave para el desarrollo de la biodiversidad y los procesos biol\u00f3gicos humanos.<\/p>\n<p>La contaminaci\u00f3n lum\u00ednica se encuentra regulada en Chile desde 1998 por medio de la primera Norma Lum\u00ednica, que buscaba proteger los cielos para el desarrollo de la astronom\u00eda. Dicha normativa fue revisada y actualizada el a\u00f1o 2012, manteniendo su objetivo de protecci\u00f3n, y por tanto su alcance a las regiones de Antofagasta, Atacama y Coquimbo.<\/p>\n<p>Debido a la preocupaci\u00f3n por el aumento de este tipo de contaminaci\u00f3n, en agosto de 2019 se public\u00f3 una modificaci\u00f3n a la Ley N\u00b019.300, Ley Sobre Bases Generales del Medio Ambiente, reconociendo la luminosidad artificial como un contaminante, adem\u00e1s de incluir reglas especiales para los proyectos que ingresan al Sistema de Evaluaci\u00f3n de Impacto Ambiental (SEIA) y que pudieran afectar a \u00c1reas con valor cient\u00edfico y de investigaci\u00f3n para la observaci\u00f3n astron\u00f3mica.<\/p>\n<p>La Norma de Emisi\u00f3n de Luminosidad Artificial Generada por Alumbrados de Exteriores, aprobada por D.S. N\u00b01 del 2022 del MMA (Nueva Norma Lum\u00ednica), entrar\u00e1 en vigencia el 19 de octubre de 2024, para ciertos tipos de fuentes y en \u00c1reas de Protecci\u00f3n Especial y se implementar\u00e1 de manera paulatina en el resto del pa\u00eds. Sin perjuicio de lo anterior, \u00e9sta ya se encuentra vigente para los proyectos que han ingresado al SEIA de manera posterior a su publicaci\u00f3n en el Diario Oficial, realizada el 18 de octubre de 2023.<\/p>\n<p>Esta Norma de Emisi\u00f3n ampliar\u00e1 su alcance a todo el territorio nacional, al incluir en sus objetivos de protecci\u00f3n a la salud y biodiversidad, sumados a la protecci\u00f3n del cielo astron\u00f3mico. Junto con lo anterior, contar\u00e1 con exigencias que apuntan a limitar la luz emitida hacia el hemisferio superior o hacia el cielo, entendiendo que es luz totalmente desaprovechada; controlar los niveles de iluminaci\u00f3n a lo estrictamente necesario, considerando para esto normativa sectorial como el reglamento de alumbrado p\u00fablico; y al uso de luminarias c\u00e1lidas con baja emisi\u00f3n de luz en el rango azul del espectro.<\/p>\n<h3>Gesti\u00f3n SMA<\/h3>\n<p>La implementaci\u00f3n de la Nueva Norma Lum\u00ednica impone un gran desaf\u00edo para la SMA ya que, adem\u00e1s de tener las facultades de fiscalizar y sancionar, tambi\u00e9n se dictar\u00e1n procedimientos e instrucciones para verificar la normativa (rector\u00eda t\u00e9cnica).<\/p>\n<p>Al respecto, la <strong>Superintendenta del Medio Ambiente, Marie Claude Plumer<\/strong> relev\u00f3 el trabajo mancomunado que implica la extensi\u00f3n de la normativa a todo el territorio nacional. \u201cEstamos trabajando muy coordinadamente tanto en lo interno como instituci\u00f3n, as\u00ed como tambi\u00e9n con los equipos del Ministerio del Medio Ambiente, Ministerio de Energ\u00eda y la Superintendencia de Electricidad y Combustibles, con el objetivo de fortalecer e implementar esta norma que proteger\u00e1 el desarrollo de la astronom\u00eda, la biodiversidad y nuestra salud\u201d, indic\u00f3.<\/p>\n<p>Por otra parte, <strong>Claudia Pastore, jefa de la Divisi\u00f3n de Fiscalizaci\u00f3n<\/strong> (DFZ) explica las acciones que la SMA est\u00e1 desarrollando previo a la implementaci\u00f3n de la nueva Norma Lum\u00ednica. \u201cEstamos trabajando en la publicaci\u00f3n de 4 protocolos que apuntar\u00e1n a actualizar el procedimiento para certificaci\u00f3n de luminarias, y que actualmente est\u00e1 en proceso de consulta p\u00fablica. Adem\u00e1s, se est\u00e1 elaborando el procedimiento para medici\u00f3n en terreno, ya publicamos en abril el protocolo de medici\u00f3n de avisos y letreros luminosos. Y trabajamos en un cuarto protocolo para regularizaci\u00f3n de fuentes emisoras existentes, para que el recambio no sea la \u00fanica soluci\u00f3n al cumplimiento normativo\u201d.<\/p>\n<h3>Denuncias y fiscalizaci\u00f3n<\/h3>\n<p>En relaci\u00f3n a las denuncias por este tema, la SMA ha recibido a la fecha un total de 194 en todo el territorio nacional. De estas, el 51% provienen de las regiones de Antofagasta, Atacama y Coquimbo donde aplica actualmente la Norma Lum\u00ednica vigente. Mientras que, el resto provienen de otras partes del pa\u00eds, c\u00f3mo por ejemplo la Regi\u00f3n Metropolitana (52 denuncias) o la Regi\u00f3n de Valpara\u00edso (10 denuncias), pese a que la norma no se encuentre vigente a\u00fan en esas zonas.<\/p>\n<p>Dentro de los tipos de fuentes mayormente denunciadas se encuentran instalaciones tales como los recintos deportivos, \u2013como las canchas de p\u00e1del-, bares o discotecas, y proyectos inmobiliarios.<\/p>\n<p>En este marco, se han realizado 144 fiscalizaciones por este tema, las que han derivado en el inicio de 30 procedimientos sancionatorios en contra de titulares -municipios, industrias, centros comerciales y centros deportivos, entre otros- cuyas luminarias no contaban con la certificaci\u00f3n correspondiente o se encontraban instaladas incorrectamente.<\/p>\n<p>De los procedimientos sancionatorios iniciados, 10 corresponden a la Regi\u00f3n de Antofagasta, 9 a la Regi\u00f3n de Atacama y 11 a la Regi\u00f3n de Coquimbo. De estos, se destaca que 20 procesos est\u00e1n asociados a la categor\u00eda econ\u00f3mica Equipamiento, donde 7 procesos han sido generados por recintos deportivos y el resto corresponden a incumplimientos generados por la iluminaci\u00f3n de centros comerciales y supermercados. El resto de los procedimientos sancionatorios, corresponden a 4 vivienda e inmobiliarios (Alumbrado P\u00fablico), 2 procesos asociados a Energ\u00eda, 2 a Miner\u00eda, 1 a Agroindustria y 1 a Transporte y Almacenaje.<\/p>\n<p>Para m\u00e1s informaci\u00f3n respecto a la contaminaci\u00f3n lum\u00ednica y c\u00f3mo se regula, las y los invitamos ingresar al siguiente <a href=\"https:\/\/luminica.mma.gob.cl\/\">link.<\/a><\/p>\n","protected":false},"excerpt":{"rendered":"<p>A partir del 19 de octubre de este a\u00f1o, entrar\u00e1 en vigencia para ciertos tipos de fuentes y en \u00c1reas de Protecci\u00f3n Especial, la Norma de Emisi\u00f3n de Luminosidad Artificial Generada por Alumbrados de Exteriores, aprobada por el Decreto Supremo N\u00b01 del 2022 del Ministerio del Medio Ambiente (MMA), y que es conocida como la Nueva <a href=\"https:\/\/portal.sma.gob.cl\/index.php\/dia-internacional-de-la-luz-sma-ha-realizado-mas-de-140-fiscalizaciones-a-titulares-sujetos-a-la-norma-luminica-y-ha-iniciado-30-procedimientos-sancionatorios-por-incumplimientos\/\">Leer m\u00e1s<\/a><\/p>\n","protected":false},"author":8,"featured_media":31109,"comment_status":"open","ping_status":"open","sticky":false,"template":"","format":"standard","meta":{"footnotes":""},"categories":[90,225,224,226],"tags":[],"class_list":["post-31107","post","type-post","status-publish","format-standard","has-post-thumbnail","hentry","category-comunicados-noticias","category-macrozona-centro","category-macrozona-norte","category-macrozona-sur"],"_links":{"self":[{"href":"https:\/\/portal.sma.gob.cl\/index.php\/wp-json\/wp\/v2\/posts\/31107","targetHints":{"allow":["GET"]}}],"collection":[{"href":"https:\/\/portal.sma.gob.cl\/index.php\/wp-json\/wp\/v2\/posts"}],"about":[{"href":"https:\/\/portal.sma.gob.cl\/index.php\/wp-json\/wp\/v2\/types\/post"}],"author":[{"embeddable":true,"href":"https:\/\/portal.sma.gob.cl\/index.php\/wp-json\/wp\/v2\/users\/8"}],"replies":[{"embeddable":true,"href":"https:\/\/portal.sma.gob.cl\/index.php\/wp-json\/wp\/v2\/comments?post=31107"}],"version-history":[{"count":5,"href":"https:\/\/portal.sma.gob.cl\/index.php\/wp-json\/wp\/v2\/posts\/31107\/revisions"}],"predecessor-version":[{"id":31135,"href":"https:\/\/portal.sma.gob.cl\/index.php\/wp-json\/wp\/v2\/posts\/31107\/revisions\/31135"}],"wp:featuredmedia":[{"embeddable":true,"href":"https:\/\/portal.sma.gob.cl\/index.php\/wp-json\/wp\/v2\/media\/31109"}],"wp:attachment":[{"href":"https:\/\/portal.sma.gob.cl\/index.php\/wp-json\/wp\/v2\/media?parent=31107"}],"wp:term":[{"taxonomy":"category","embeddable":true,"href":"https:\/\/portal.sma.gob.cl\/index.php\/wp-json\/wp\/v2\/categories?post=31107"},{"taxonomy":"post_tag","embeddable":true,"href":"https:\/\/portal.sma.gob.cl\/index.php\/wp-json\/wp\/v2\/tags?post=31107"}],"curies":[{"name":"wp","href":"https:\/\/api.w.org\/{rel}","templated":true}]}}