{"id":31111,"date":"2024-05-16T11:30:13","date_gmt":"2024-05-16T15:30:13","guid":{"rendered":"https:\/\/portal.sma.gob.cl\/?p=31111"},"modified":"2024-05-17T16:37:46","modified_gmt":"2024-05-17T20:37:46","slug":"reconectar-con-la-noche-y-combatir-la-contaminacion-luminica","status":"publish","type":"post","link":"https:\/\/portal.sma.gob.cl\/index.php\/reconectar-con-la-noche-y-combatir-la-contaminacion-luminica\/","title":{"rendered":"Columna de opini\u00f3n: Reconectar con la noche y combatir la contaminaci\u00f3n lum\u00ednica"},"content":{"rendered":"<p><strong>Por Felipe Loaiza Arias, <\/strong>Profesional experto en lum\u00ednica, Divisi\u00f3n de Fiscalizaci\u00f3n (DFZ).<\/p>\n<p><img decoding=\"async\" class=\" wp-image-31112 alignleft\" src=\"https:\/\/portal.sma.gob.cl\/wp-content\/uploads\/2024\/05\/Foto-Felipe-002-200x300.jpeg\" alt=\"\" width=\"230\" height=\"346\" \/>Cuando ni\u00f1o, durante las vacaciones de verano en un camping en Vilches, Cordillera de los Andes de la regi\u00f3n del Maule, una de las actividades con mi familia era acostarnos en la noche sobre las rocas que bajaban de los cerros, a\u00fan tibias por el sol, para escuchar el r\u00edo y mirar las estrellas. En esas noches, al dejarme atrapar por la inmensidad del cielo nocturno, el movimiento de las estrellas, reconociendo algunas constelaciones, planetas, nebulosas, constru\u00ed una conexi\u00f3n con ese cielo, haci\u00e9ndolo parte de m\u00ed.<br \/>\nUna vez que regresaba a mi casa en Santiago, miraba la noche y era absolutamente distinta, s\u00f3lo pod\u00eda distinguir una peque\u00f1a parte del cielo nocturno. Sal\u00ed nuevamente a mirar esta noche y tan s\u00f3lo pude reconocer unas pocas estrellas, que tal vez podr\u00eda contar con mis dos manos.<\/p>\n<p>En Alemania, el investigador Christopher Kyba, del Centro Alem\u00e1n de investigaci\u00f3n en Geociencias de Postdam, se\u00f1ala que <strong>un ni\u00f1o nacido en una zona donde son visibles 250 estrellas ser\u00e1 capaz de ver 100 cuando cumpla 18 a\u00f1os<\/strong>. Cabe preguntarnos entonces \u00bfCuantas estrellas puedo ver desde mi casa? \u00bfCu\u00e1ntas ver\u00e9 en 10 a\u00f1os m\u00e1s?<br \/>\nEsta reducci\u00f3n se debe a que la contaminaci\u00f3n lum\u00ednica est\u00e1 aumentando a un ritmo muy acelerado en nuestras ciudades, aproximadamente un 10% cada a\u00f1o, seg\u00fan la propia investigaci\u00f3n de Kyba, publicada en la revista Science en enero de 2023, que recopila datos desde el 2011 al 2022.<br \/>\nDe hecho, ya en el a\u00f1o 2016, los datos del estudio del Atlas Mundial de la Contaminaci\u00f3n Lum\u00ednica, del investigador italiano Fabio Falchi, aseguraban que<strong> menos del 1% de la poblaci\u00f3n de Chile viv\u00eda en zonas con cielos oscuros y que m\u00e1s del 30% viv\u00eda en lugares donde no era posible ver estrellas.<\/strong><\/p>\n<p>Para muchos de ustedes quiz\u00e1s nace la pregunta <strong>\u00bfPuede la luz ser contaminaci\u00f3n? Pues la respuesta para esto es s\u00ed.<\/strong> De hecho, en nuestro pa\u00eds, particularmente desde el a\u00f1o 2019, producto de una modificaci\u00f3n de nuestra Ley de Bases Generales del Medio Ambiente, la Ley N\u00b019.300, se incluy\u00f3 la luminosidad artificial como parte de la definici\u00f3n de contaminante.<br \/>\nSi analizamos justamente dicha definici\u00f3n, nos dice que son ciertos elementos, entre ellos la luminosidad artificial, cuya presencia en el ambiente puede constituir un riesgo a la salud y calidad de vida de la poblaci\u00f3n, a la preservaci\u00f3n de la naturaleza o a la conservaci\u00f3n del patrimonio ambiental.<\/p>\n<p>Muchas veces pensamos en contaminaci\u00f3n y en nuestro imaginario tenemos la imagen de una chimenea humeando, de un r\u00edo con peces muertos, de un horizonte lleno de basura. Sin embargo, cuando salimos de noche, miramos el cielo y pareciera estar siempre atardeciendo, una noche que no llega nunca, eso es contaminaci\u00f3n tambi\u00e9n. <strong>Cuando ingresa la luz del alumbrado p\u00fablico o de un cartel publicitario a nuestro dormitorio, eso tambi\u00e9n es contaminaci\u00f3n.<\/strong><\/p>\n<p>Hasta hace muy poco, la contaminaci\u00f3n lum\u00ednica producida por el mal uso de la luz artificial era de preocupaci\u00f3n, para no afectar negativamente la observaci\u00f3n astron\u00f3mica que se desarrolla en el norte de nuestro pa\u00eds. Una actividad que, a nivel cient\u00edfico de investigaciones de frontera, se viene desarrollando desde los a\u00f1os 60 con la instalaci\u00f3n de observatorios internacionales en los cerros Tololo, Pach\u00f3n y La Silla, de la regi\u00f3n de Coquimbo, o posteriormente con la instalaci\u00f3n de los observatorios en cerro Las Campanas de la regi\u00f3n de Atacama, cerro Paranal, Armazones y Llano del Chajnantor en la regi\u00f3n de Antofagasta.<strong> Y es que las condiciones extremas del Desierto de Atacama lo han convertido en un Laboratorio Natural para el desarrollo de esta ciencia, que en los pr\u00f3ximos a\u00f1os albergar\u00e1 cerca del 70% de la capacidad de observaci\u00f3n astron\u00f3mica instalada en nuestro planeta.<\/strong><\/p>\n<p>Si volvemos a la definici\u00f3n de contaminante nos daremos cuenta de que, quiz\u00e1s hasta el momento, la norma lum\u00ednica nacida a fines de los 90 para proteger el cielo nocturno podr\u00eda coincidir con que la luz artificial es un contaminante que afecta la conservaci\u00f3n del patrimonio ambiental. Sin embargo, desde hace al menos una d\u00e9cada, el aumento de antecedentes sobre el impacto de la luz, particularmente la luz blanca fr\u00eda, en especies animales; tanto mam\u00edferos, aves e insectos, incluyendo especies marinas, algunas de estas categorizadas como \u201cen peligro\u201d; as\u00ed como tambi\u00e9n afectaciones sobre nuestra propia salud, <strong>nos ha demostrado que este contaminante tambi\u00e9n puede constituir un riesgo para la salud de las personas, su calidad de vida y la preservaci\u00f3n de la naturaleza.<\/strong><\/p>\n<p>Ante esta nueva realidad, la Nueva Norma Lum\u00ednica, aprobada por el Decreto Supremo N\u00b01 del 2022 del Ministerio del Medio Ambiente, recoge esta problem\u00e1tica, incluyendo nuevos objetivos de protecci\u00f3n a la misma (biodiversidad y salud de las personas), convirti\u00e9ndose esta vez en un est\u00e1ndar con alcance nacional e incluyendo restricciones de color a la parte azul del espectro visible, que es lo que caracteriza a la iluminaci\u00f3n blanca fr\u00eda, que hoy debemos considerar como contaminante. Cabe hacer presente que, <strong>la Nueva Norma Lum\u00ednica iniciar\u00e1 su vigencia, progresivamente, a partir de octubre de este 2024 en ciertas \u00c1reas de Protecci\u00f3n Especial y en todo el resto del territorio en octubre de 2026.<\/strong><\/p>\n<p>En este D\u00eda Internacional de la Luz 2024, que busca destacar la importancia de la luz en nuestra vida y en nuestras actividades, cabe preguntarse <strong>\u00bfqu\u00e9 puedo hacer para reducir el impacto de la luz artificial?<\/strong> Acciones tan sencillas como definir el prop\u00f3sito de iluminar, usar s\u00f3lo la cantidad de luz necesaria y s\u00f3lo cuando sea \u00fatil, dirigir la luz hacia donde realmente se necesite iluminar y el uso de colores de colores c\u00e1lidos, son parte de una receta que podemos seguir, tanto en nuestras oficinas, en la iluminaci\u00f3n de una ciudad o incluso en nuestras casas. Lo importante es que el cambio parte por reconocer que la luz puede contaminar y hacer algo al respecto.<\/p>\n<p><strong>Finalmente, los invito esta noche a salir al patio de sus casas, a reconocer y reconectarse con la noche y que esto les d\u00e9 el impulso para que trabajemos juntos en lograr que lo que hoy parece un privilegio de unos pocos; mirar un cielo sin contaminaci\u00f3n lum\u00ednica, sea la realidad de muchos.<\/strong><\/p>\n<p>Columna publicada en: <a href=\"https:\/\/codexverde.cl\/reconectar-con-la-noche-y-combatir-la-contaminacion-luminica\/\">Codex Verde<\/a><\/p>\n","protected":false},"excerpt":{"rendered":"<p>Por Felipe Loaiza Arias, Profesional experto en lum\u00ednica, Divisi\u00f3n de Fiscalizaci\u00f3n (DFZ). Cuando ni\u00f1o, durante las vacaciones de verano en un camping en Vilches, Cordillera de los Andes de la regi\u00f3n del Maule, una de las actividades con mi familia era acostarnos en la noche sobre las rocas que bajaban de los cerros, a\u00fan tibias por <a href=\"https:\/\/portal.sma.gob.cl\/index.php\/reconectar-con-la-noche-y-combatir-la-contaminacion-luminica\/\">Leer m\u00e1s<\/a><\/p>\n","protected":false},"author":18,"featured_media":31112,"comment_status":"open","ping_status":"open","sticky":false,"template":"","format":"standard","meta":{"footnotes":""},"categories":[90,224],"tags":[],"class_list":["post-31111","post","type-post","status-publish","format-standard","has-post-thumbnail","hentry","category-comunicados-noticias","category-macrozona-norte"],"_links":{"self":[{"href":"https:\/\/portal.sma.gob.cl\/index.php\/wp-json\/wp\/v2\/posts\/31111","targetHints":{"allow":["GET"]}}],"collection":[{"href":"https:\/\/portal.sma.gob.cl\/index.php\/wp-json\/wp\/v2\/posts"}],"about":[{"href":"https:\/\/portal.sma.gob.cl\/index.php\/wp-json\/wp\/v2\/types\/post"}],"author":[{"embeddable":true,"href":"https:\/\/portal.sma.gob.cl\/index.php\/wp-json\/wp\/v2\/users\/18"}],"replies":[{"embeddable":true,"href":"https:\/\/portal.sma.gob.cl\/index.php\/wp-json\/wp\/v2\/comments?post=31111"}],"version-history":[{"count":5,"href":"https:\/\/portal.sma.gob.cl\/index.php\/wp-json\/wp\/v2\/posts\/31111\/revisions"}],"predecessor-version":[{"id":31136,"href":"https:\/\/portal.sma.gob.cl\/index.php\/wp-json\/wp\/v2\/posts\/31111\/revisions\/31136"}],"wp:featuredmedia":[{"embeddable":true,"href":"https:\/\/portal.sma.gob.cl\/index.php\/wp-json\/wp\/v2\/media\/31112"}],"wp:attachment":[{"href":"https:\/\/portal.sma.gob.cl\/index.php\/wp-json\/wp\/v2\/media?parent=31111"}],"wp:term":[{"taxonomy":"category","embeddable":true,"href":"https:\/\/portal.sma.gob.cl\/index.php\/wp-json\/wp\/v2\/categories?post=31111"},{"taxonomy":"post_tag","embeddable":true,"href":"https:\/\/portal.sma.gob.cl\/index.php\/wp-json\/wp\/v2\/tags?post=31111"}],"curies":[{"name":"wp","href":"https:\/\/api.w.org\/{rel}","templated":true}]}}