{"id":31162,"date":"2024-05-22T15:53:51","date_gmt":"2024-05-22T19:53:51","guid":{"rendered":"https:\/\/portal.sma.gob.cl\/?p=31162"},"modified":"2024-05-22T15:53:51","modified_gmt":"2024-05-22T19:53:51","slug":"iquique-sma-ordena-medidas-provisionales-contra-constructora-diez-spa","status":"publish","type":"post","link":"https:\/\/portal.sma.gob.cl\/index.php\/iquique-sma-ordena-medidas-provisionales-contra-constructora-diez-spa\/","title":{"rendered":"Iquique: SMA ordena Medidas Provisionales contra Constructora Diez SpA"},"content":{"rendered":"<ul>\n<li><strong>Denuncias por ruidos presentadas por la comunidad colindante a las obras del Edificio<\/strong> <strong>Construcci\u00f3n Habitacional y Comercial Sagasca con Manuel Plaza &#8211; Iquique, dieron origen a una inspecci\u00f3n ambiental realizada por la Superintendencia del Medio Ambiente, registr\u00e1ndose superaciones de los l\u00edmites m\u00e1ximos de nivel de presi\u00f3n sonora establecidos por la normativa.<\/strong><\/li>\n<li><strong>La Superintendencia del Medio Ambiente ya hab\u00eda iniciado un procedimiento sancionatorio durante el 2023 contra la constructora, por no respetar la Norma de Emisi\u00f3n de Ruido.<\/strong><\/li>\n<\/ul>\n<p><strong>Regi\u00f3n de Tarapac\u00e1, 22 de mayo de 2024.<\/strong> La Superintendencia del Medio Ambiente ha ordenado medidas provisionales pre-procedimentales en contra de Constructora Diez SpA, titular de la faena denominada \u201cConstrucci\u00f3n Habitacional y Comercial Sagasca con Manuel Plaza\u201d, ubicada en calle Sagasca N\u00b02131, comuna de Iquique, regi\u00f3n de Tarapac\u00e1<\/p>\n<p>Lo anterior, tras registrar en una actividad de fiscalizaci\u00f3n a la faena, excedencia de 27 decibeles en horario diurno por sobre el l\u00edmite m\u00e1ximo establecido en la normativa de ruido, D.S. N\u00b038\/2011, del Ministerio del Medio Ambiente, en Zona II (l\u00edmite de hasta 60 decibles en horario diurno y l\u00edmite de hasta 45 decibeles en horario nocturno).<\/p>\n<p>Cabe recordar, que esta Superintendencia en marzo de 2023 ya hab\u00eda ordenado medidas provisionales contra la constructora, por superaci\u00f3n del l\u00edmite m\u00e1ximo establecido en la normativa de ruido, en Zona II, lo que dio origen al procedimiento sancionatorio Rol D-163-2023, donde la empresa present\u00f3 un programa de cumplimiento, que se encuentra actualmente en ejecuci\u00f3n.<\/p>\n<p>Al respecto, <strong>Jos\u00e9 Miguel Pedraza<\/strong>, jefe de la Oficina Regional SMA de Tarapac\u00e1 explica que <em>\u201cLas medidas se dictan luego de la recepci\u00f3n de nuevas denuncias por ruidos presentadas por vecinos del sector y tambi\u00e9n por reclamos de apoderados y profesores del colegio Profesor Manuel Castro Ramos, que estar\u00eda viendo afectado su normal desarrollo de las clases, producto de los ruidos emitidos desde dicha faena de construcci\u00f3n. En base a estos antecedentes y a la inspecci\u00f3n en terreno de nuestros fiscalizadores, la SMA ha ordenado la dictaci\u00f3n de estas medidas provisionales pre-procedimentales, que tienen por objeto que la empresa presente acciones para mitigar la excedencia de decibeles registrados en la ejecuci\u00f3n de las obras de construcci\u00f3n\u201d.<\/em><\/p>\n<p>En total, se ha ordenado al titular la adopci\u00f3n de las siguientes medidas por un plazo de 15 d\u00edas h\u00e1biles:<\/p>\n<ol>\n<li>Identificar los equipos de uso manual que se encuentren en la faena y que constituyan fuentes emisoras de ruido, como sierras, taladros, martillos y dem\u00e1s herramientas de percusi\u00f3n o corte, ya sean el\u00e9ctricas o manuales. El titular deber\u00e1 dar cuenta de la implementaci\u00f3n de biombos ac\u00fasticos (fijos o m\u00f3viles) que resulten adecuados para mitigar el ruido que las mismas produzcan, ya sea en actividades relacionadas a la losa de avance, o en cualquier otro sector que requiera de trabajos en espacios abiertos.<\/li>\n<li>Sellar vanos (puertas, ventanas, agujeros, etc.) con paneles ac\u00fasticos que cumplan las caracter\u00edsticas descritas en el numeral anterior, cuando se haga uso de herramientas, equipos y\/o dispositivos al interior de la estructura ya edificada. De manera adicional, el personal de la obra deber\u00e1 ser instruido en el adecuado uso e implementaci\u00f3n de los paneles descritos, de modo que \u00e9stos sean utilizados de manera efectiva<\/li>\n<li>Prohibir el uso de aquellos equipos identificados como fuentes emisoras de ruido como herramientas, equipos, dispositivos y\/o maquinarias, hasta que no se encuentren plenamente implementadas los biombos ac\u00fasticos y sellado de vanos, seg\u00fan corresponda, cumpliendo con las caracter\u00edsticas previamente descritas.<\/li>\n<li>Construir un taller techado de corte para sierras el\u00e9ctricas o similares, que mitigue el impacto ac\u00fastico que las mismas generan al ser utilizadas. El est\u00e1ndar m\u00ednimo a cumplir por dicha estructura es contar con un relleno de lana mineral o similar, de un espesor de 50 mm, con exterior de plancha OSB de 15 mm, e interior de material de contenci\u00f3n para ayudar a su integridad (arpillera o malla Raschel). De manera adicional, el personal de la obra deber\u00e1 ser instruido en el adecuado uso e implementaci\u00f3n del taller, de modo que el mismo sea utilizado de manera efectiva.<\/li>\n<li>Presentar un Plan de Coordinaci\u00f3n con la Escuela Profesor Manuel Castro Ramos en el que se informe a \u00e9sta los d\u00edas y horarios en los que se efectuar\u00e1n las tareas m\u00e1s ruidosas, de manera de ser ejecutado mientras dure la fase de construcci\u00f3n de la faena.<\/li>\n<\/ol>\n<p>Junto con lo anterior, la SMA requiri\u00f3 informaci\u00f3n al titular para que, con una frecuencia mensual, reporte de la continua ejecuci\u00f3n de las medidas de los numerales 1, 2 y 4, as\u00ed como tambi\u00e9n de cualquier cambio que exista respecto del plan al que se refiere la medida del numeral 5, todas del punto resolutivo primero de la respectiva resoluci\u00f3n.<\/p>\n<p>Adem\u00e1s, se le requiri\u00f3 a la empresa que, en un plazo no mayor a 20 d\u00edas h\u00e1biles contados desde el t\u00e9rmino de la vigencia de las medidas ordenadas, haga entrega de un informe de inspecci\u00f3n sobre la correcta implementaci\u00f3n de las medidas se\u00f1alas en el punto resolutivo primero, que tambi\u00e9n considere la medici\u00f3n de los ruidos emitidos por la faena.<\/p>\n<p>La medici\u00f3n deber\u00e1 ser realizada en la Escuela Profesor Manuel Castro Ramos y en el edificio ubicado en calle Manuel Plaza N\u00b02995, comuna de Iquique, en periodo diurno, en tres momentos distintos del d\u00eda. Tanto el informe de inspecci\u00f3n como la actividad de medici\u00f3n deber\u00e1n ser llevadas a cabo por una Entidad T\u00e9cnica de Fiscalizaci\u00f3n Ambiental (ETFA), autorizada.<\/p>\n<p>M\u00e1s informaci\u00f3n de las medidas provisionales en el Sistema Nacional de Informaci\u00f3n de Fiscalizaci\u00f3n Ambiental (SNIFA): <a href=\"https:\/\/snifa.sma.gob.cl\/MedidaProvisional\/Ficha\/467\">https:\/\/snifa.sma.gob.cl\/MedidaProvisional\/Ficha\/467<\/a><\/p>\n","protected":false},"excerpt":{"rendered":"<p>Denuncias por ruidos presentadas por la comunidad colindante a las obras del Edificio Construcci\u00f3n Habitacional y Comercial Sagasca con Manuel Plaza &#8211; Iquique, dieron origen a una inspecci\u00f3n ambiental realizada por la Superintendencia del Medio Ambiente, registr\u00e1ndose superaciones de los l\u00edmites m\u00e1ximos de nivel de presi\u00f3n sonora establecidos por la normativa. La Superintendencia del Medio Ambiente <a href=\"https:\/\/portal.sma.gob.cl\/index.php\/iquique-sma-ordena-medidas-provisionales-contra-constructora-diez-spa\/\">Leer m\u00e1s<\/a><\/p>\n","protected":false},"author":8,"featured_media":31160,"comment_status":"open","ping_status":"open","sticky":false,"template":"","format":"standard","meta":{"footnotes":""},"categories":[90,107,224,242],"tags":[],"class_list":["post-31162","post","type-post","status-publish","format-standard","has-post-thumbnail","hentry","category-comunicados-noticias","category-destacado","category-macrozona-norte","category-tarapaca"],"_links":{"self":[{"href":"https:\/\/portal.sma.gob.cl\/index.php\/wp-json\/wp\/v2\/posts\/31162","targetHints":{"allow":["GET"]}}],"collection":[{"href":"https:\/\/portal.sma.gob.cl\/index.php\/wp-json\/wp\/v2\/posts"}],"about":[{"href":"https:\/\/portal.sma.gob.cl\/index.php\/wp-json\/wp\/v2\/types\/post"}],"author":[{"embeddable":true,"href":"https:\/\/portal.sma.gob.cl\/index.php\/wp-json\/wp\/v2\/users\/8"}],"replies":[{"embeddable":true,"href":"https:\/\/portal.sma.gob.cl\/index.php\/wp-json\/wp\/v2\/comments?post=31162"}],"version-history":[{"count":2,"href":"https:\/\/portal.sma.gob.cl\/index.php\/wp-json\/wp\/v2\/posts\/31162\/revisions"}],"predecessor-version":[{"id":31164,"href":"https:\/\/portal.sma.gob.cl\/index.php\/wp-json\/wp\/v2\/posts\/31162\/revisions\/31164"}],"wp:featuredmedia":[{"embeddable":true,"href":"https:\/\/portal.sma.gob.cl\/index.php\/wp-json\/wp\/v2\/media\/31160"}],"wp:attachment":[{"href":"https:\/\/portal.sma.gob.cl\/index.php\/wp-json\/wp\/v2\/media?parent=31162"}],"wp:term":[{"taxonomy":"category","embeddable":true,"href":"https:\/\/portal.sma.gob.cl\/index.php\/wp-json\/wp\/v2\/categories?post=31162"},{"taxonomy":"post_tag","embeddable":true,"href":"https:\/\/portal.sma.gob.cl\/index.php\/wp-json\/wp\/v2\/tags?post=31162"}],"curies":[{"name":"wp","href":"https:\/\/api.w.org\/{rel}","templated":true}]}}