{"id":31170,"date":"2024-05-23T17:01:43","date_gmt":"2024-05-23T21:01:43","guid":{"rendered":"https:\/\/portal.sma.gob.cl\/?p=31170"},"modified":"2024-05-23T17:01:43","modified_gmt":"2024-05-23T21:01:43","slug":"biobio-sma-renueva-medida-de-clausura-del-vertedero-ilegal-que-opera-en-humedal-vasco-da-gama-2","status":"publish","type":"post","link":"https:\/\/portal.sma.gob.cl\/index.php\/biobio-sma-renueva-medida-de-clausura-del-vertedero-ilegal-que-opera-en-humedal-vasco-da-gama-2\/","title":{"rendered":"Biob\u00edo: SMA renueva medida de clausura del vertedero ilegal que opera en humedal Vasco Da Gama"},"content":{"rendered":"<p><strong>\u00b7\u00a0\u00a0\u00a0\u00a0\u00a0\u00a0\u00a0\u00a0 Tras nuevas actividades de fiscalizaci\u00f3n a la medida provisional anterior, se pudo constatar que existen nuevos acopios de residuos asimilables a tipo domiciliario y nuevos acopios de partes de veh\u00edculos, por lo que el titular del proyecto no ha dado cumplimiento a la clausura temporal ni total del vertedero ordenada por esta Superintendencia.<\/strong><\/p>\n<p><strong>\u00b7\u00a0\u00a0\u00a0\u00a0\u00a0\u00a0\u00a0\u00a0 Nueva medida provisional procedimental ha sido renovada por un plazo de 30 d\u00edas corridos, previa autorizaci\u00f3n del Ilustre Tercer Tribunal Ambiental.<\/strong><\/p>\n<p><strong>Hualp\u00e9n, Regi\u00f3n del Biob\u00edo, 23 de mayo de 2024.<\/strong>\u00a0La Superintendencia del Medio Ambiente (SMA), previa autorizaci\u00f3n del Ilustre Tercer Tribunal Ambiental, renov\u00f3 por un plazo de 30 d\u00edas corridos, la clausura temporal y total de las actividades de disposici\u00f3n de residuos s\u00f3lidos y relleno con material de \u00e1ridos, llevadas a cabo en parte del Humedal Vasco Da Gama -espec\u00edficamente en el Fundo El Bodal s\/n, comuna de Hualp\u00e9n, Regi\u00f3n del Biob\u00edo- por Heraldo Parra Pincheira. Dicho proyecto no cuenta con el permiso ambiental respectivo para su operaci\u00f3n, habi\u00e9ndose formulado cargos mediante la Resoluci\u00f3n Exenta N\u00b01\/Rol D-112-2023, de fecha 05 de mayo de 2023.<\/p>\n<p>Cabe recordar que, el 08 de marzo pasado, la SMA orden\u00f3 la medida provisional procedimental de clausura temporal y total del vertedero, por un plazo de 30 d\u00edas corridos, medida que fue renovada por el mismo plazo con fecha 11 de abril.<\/p>\n<p>En este contexto y con el prop\u00f3sito de verificar el cumplimiento de la renovaci\u00f3n de la medida provisional ordenada, funcionarios de la SMA efectuaron actividades de inspecci\u00f3n ambiental con fecha 22 de abril y 15 de mayo de 2024, donde se pudo constatar que existen nuevos acopios de residuos asimilables a tipo domiciliario y nuevos acopios de partes de veh\u00edculos.<\/p>\n<p>Frente a estos nuevos antecedentes, esta Superintendencia ha renovado nuevamente esta medida provisional, mediante la Resoluci\u00f3n Exenta N\u00b0751, de fecha 17 de mayo, la cual, deber\u00e1 ser verificada mediante la presentaci\u00f3n de los siguientes antecedentes:<\/p>\n<p>(i)\u00a0\u00a0\u00a0\u00a0\u00a0\u00a0\u00a0\u00a0\u00a0\u00a0 Instalaci\u00f3n de cintas de seguridad y un letrero que indique la clausura, ubicados en la reja de ingreso al vertedero, para efectos de publicidad. Plazo de ejecuci\u00f3n: 5 d\u00edas corridos contados desde su notificaci\u00f3n.<\/p>\n<p>(ii)\u00a0\u00a0\u00a0\u00a0\u00a0\u00a0\u00a0\u00a0\u00a0 Reporte en que se acompa\u00f1e la comunicaci\u00f3n respecto a la medida de clausura, dirigida a todas aquellas empresas o personas naturales que concurren a disponer residuos en forma habitual o espor\u00e1dicamente al vertedero. Plazo de ejecuci\u00f3n: 5 d\u00edas corridos a contar de su notificaci\u00f3n.<\/p>\n<p>(iii)\u00a0\u00a0\u00a0\u00a0\u00a0\u00a0\u00a0\u00a0 Reportes semanales con registros fotogr\u00e1ficos que muestren el \u00e1rea de emplazamiento del vertedero, con indicaci\u00f3n de la fecha, hora y coordenadas UTM datum WGS 84 huso 19, que acrediten: a) la existencia de las cintas y el letrero en el acceso al vertedero; b) que el vertedero permanece clausurado y que no han ingresado nuevos residuos al mismo; c) no se ha efectuado intervenci\u00f3n de nuevas \u00e1reas del Humedal. Plazo de ejecuci\u00f3n: 30 d\u00edas a contar de su notificaci\u00f3n.<\/p>\n<p>Al respecto, <strong>Juan Pablo Granzow<\/strong>, jefe de la Oficina Regional SMA del Biob\u00edo explica que <em>\u201cla renovaci\u00f3n de la medida provisional se sustenta porque a trav\u00e9s de nuevas fiscalizaciones al vertedero Vasco Da Gama, se ha podido constatar que el titular de este proyecto no estar\u00eda acatando la clausura temporal ni total ordenada por esta Superintendencia, evidenciando un incumplimiento reiterado de la normativa ambiental\u201d.<\/em><\/p>\n<p>M\u00e1s informaci\u00f3n en el <strong>Sistema Nacional de Informaci\u00f3n de Fiscalizaci\u00f3n Ambiental (SNIFA)<\/strong>: <a href=\"https:\/\/snifa.sma.gob.cl\/MedidaProvisional\/Ficha\/464\">https:\/\/snifa.sma.gob.cl\/MedidaProvisional\/Ficha\/464<\/a><\/p>\n","protected":false},"excerpt":{"rendered":"<p>\u00b7\u00a0\u00a0\u00a0\u00a0\u00a0\u00a0\u00a0\u00a0 Tras nuevas actividades de fiscalizaci\u00f3n a la medida provisional anterior, se pudo constatar que existen nuevos acopios de residuos asimilables a tipo domiciliario y nuevos acopios de partes de veh\u00edculos, por lo que el titular del proyecto no ha dado cumplimiento a la clausura temporal ni total del vertedero ordenada por esta Superintendencia. \u00b7\u00a0\u00a0\u00a0\u00a0\u00a0\u00a0\u00a0\u00a0 Nueva <a href=\"https:\/\/portal.sma.gob.cl\/index.php\/biobio-sma-renueva-medida-de-clausura-del-vertedero-ilegal-que-opera-en-humedal-vasco-da-gama-2\/\">Leer m\u00e1s<\/a><\/p>\n","protected":false},"author":8,"featured_media":31166,"comment_status":"open","ping_status":"open","sticky":false,"template":"","format":"standard","meta":{"footnotes":""},"categories":[90,107,226],"tags":[],"class_list":["post-31170","post","type-post","status-publish","format-standard","has-post-thumbnail","hentry","category-comunicados-noticias","category-destacado","category-macrozona-sur"],"_links":{"self":[{"href":"https:\/\/portal.sma.gob.cl\/index.php\/wp-json\/wp\/v2\/posts\/31170","targetHints":{"allow":["GET"]}}],"collection":[{"href":"https:\/\/portal.sma.gob.cl\/index.php\/wp-json\/wp\/v2\/posts"}],"about":[{"href":"https:\/\/portal.sma.gob.cl\/index.php\/wp-json\/wp\/v2\/types\/post"}],"author":[{"embeddable":true,"href":"https:\/\/portal.sma.gob.cl\/index.php\/wp-json\/wp\/v2\/users\/8"}],"replies":[{"embeddable":true,"href":"https:\/\/portal.sma.gob.cl\/index.php\/wp-json\/wp\/v2\/comments?post=31170"}],"version-history":[{"count":1,"href":"https:\/\/portal.sma.gob.cl\/index.php\/wp-json\/wp\/v2\/posts\/31170\/revisions"}],"predecessor-version":[{"id":31171,"href":"https:\/\/portal.sma.gob.cl\/index.php\/wp-json\/wp\/v2\/posts\/31170\/revisions\/31171"}],"wp:featuredmedia":[{"embeddable":true,"href":"https:\/\/portal.sma.gob.cl\/index.php\/wp-json\/wp\/v2\/media\/31166"}],"wp:attachment":[{"href":"https:\/\/portal.sma.gob.cl\/index.php\/wp-json\/wp\/v2\/media?parent=31170"}],"wp:term":[{"taxonomy":"category","embeddable":true,"href":"https:\/\/portal.sma.gob.cl\/index.php\/wp-json\/wp\/v2\/categories?post=31170"},{"taxonomy":"post_tag","embeddable":true,"href":"https:\/\/portal.sma.gob.cl\/index.php\/wp-json\/wp\/v2\/tags?post=31170"}],"curies":[{"name":"wp","href":"https:\/\/api.w.org\/{rel}","templated":true}]}}