{"id":31927,"date":"2024-06-06T18:00:00","date_gmt":"2024-06-06T22:00:00","guid":{"rendered":"https:\/\/portal.sma.gob.cl\/?p=31927"},"modified":"2024-06-06T18:12:04","modified_gmt":"2024-06-06T22:12:04","slug":"sma-extiende-su-presencia-en-la-araucania-con-nueva-delegacion-exclusiva-en-la-provincia-de-malleco","status":"publish","type":"post","link":"https:\/\/portal.sma.gob.cl\/index.php\/sma-extiende-su-presencia-en-la-araucania-con-nueva-delegacion-exclusiva-en-la-provincia-de-malleco\/","title":{"rendered":"SMA extiende su presencia en La Araucan\u00eda con nueva delegaci\u00f3n exclusiva en la Provincia de Malleco\u00a0"},"content":{"rendered":"<ul>\n<li data-leveltext=\"\uf0b7\" data-font=\"Symbol\" data-listid=\"4\" data-list-defn-props=\"{&quot;335552541&quot;:1,&quot;335559683&quot;:0,&quot;335559684&quot;:-2,&quot;335559685&quot;:720,&quot;335559991&quot;:360,&quot;469769226&quot;:&quot;Symbol&quot;,&quot;469769242&quot;:[8226],&quot;469777803&quot;:&quot;left&quot;,&quot;469777804&quot;:&quot;\uf0b7&quot;,&quot;469777815&quot;:&quot;hybridMultilevel&quot;}\" aria-setsize=\"-1\" data-aria-posinset=\"1\" data-aria-level=\"1\"><b><span data-contrast=\"auto\">La Delegaci\u00f3n Exclusiva Malleco ser\u00e1 la 12va a lo largo de Chile y estar\u00e1 ubicada f\u00edsicamente en la Delegaci\u00f3n Presidencial Provincial, en calle Lautaro N\u00b0226, comuna de Angol.\u00a0<\/span><\/b><span data-ccp-props=\"{&quot;134233117&quot;:false,&quot;134233118&quot;:false,&quot;201341983&quot;:0,&quot;335551550&quot;:1,&quot;335551620&quot;:1,&quot;335559738&quot;:0,&quot;335559739&quot;:0,&quot;335559740&quot;:240}\">\u00a0<\/span><\/li>\n<\/ul>\n<p><b><span data-contrast=\"auto\">Regi\u00f3n de La Araucan\u00eda, 6 de junio de 2024. <\/span><\/b><span data-contrast=\"auto\">En el marco del D\u00eda Mundial del Medio Ambiente, que se celebr\u00f3 el 5 de junio, la Superintendencia del Medio Ambiente inaugur\u00f3 una nueva Delegaci\u00f3n Exclusiva en la Regi\u00f3n de La Araucan\u00eda, ubicada en la comuna de Angol, con el objetivo de extender su presencia territorial y abarcar proyectos relevantes de la provincia de Malleco. <\/span><span data-ccp-props=\"{&quot;201341983&quot;:0,&quot;335551550&quot;:6,&quot;335551620&quot;:6,&quot;335559739&quot;:160,&quot;335559740&quot;:240}\">\u00a0<\/span><\/p>\n<p><span data-contrast=\"auto\">La inauguraci\u00f3n cont\u00f3 con la presencia de la Superintendenta del Medio Ambiente, Marie Claude Plumer, el subsecretario del Medio Ambiente, Maximiliano Proa\u00f1o, la Delegada Presidencial Provincial, Andrea Parra, el Seremi de Medio Ambiente de La Araucan\u00eda, F\u00e9lix Contreras, y el jefe de la Oficina Regional SMA Araucan\u00eda, Luis Mu\u00f1oz, adem\u00e1s de representantes de municipios de la provincia y de servicios p\u00fablicos. <\/span><span data-ccp-props=\"{&quot;201341983&quot;:0,&quot;335551550&quot;:6,&quot;335551620&quot;:6,&quot;335559739&quot;:160,&quot;335559740&quot;:240}\">\u00a0<\/span><\/p>\n<p><span data-contrast=\"auto\">La nueva delegaci\u00f3n de Malleco \u2013que contar\u00e1 con un fiscalizador exclusivo para este territorio- se convierte, de esta forma, en la n\u00famero 12 del pa\u00eds y la segunda ubicada en la Regi\u00f3n de La Araucan\u00eda, luego de que en mayo de 2023 se instalara la delegaci\u00f3n Lacustre en la comuna de Puc\u00f3n. <\/span><span data-ccp-props=\"{&quot;201341983&quot;:0,&quot;335551550&quot;:6,&quot;335551620&quot;:6,&quot;335559739&quot;:160,&quot;335559740&quot;:240}\">\u00a0<\/span><\/p>\n<p><span data-contrast=\"auto\">En esa l\u00ednea, la Superintendenta del Medio Ambiente,<\/span><b><span data-contrast=\"auto\"> Marie Claude Plumer<\/span><\/b><span data-contrast=\"auto\">, explic\u00f3 que <\/span><span data-contrast=\"auto\">\u201clas delegaciones son un avance para la institucionalidad ambiental y su alcance en los territorios, ya que permite acercar a la Superintendencia a zonas como la Provincia de Malleco, que est\u00e1 m\u00e1s alejada de las capitales regionales. Es una acci\u00f3n descentralizadora y permite hacer una gesti\u00f3n ambiental m\u00e1s r\u00e1pida y eficaz\u201d.<\/span><span data-ccp-props=\"{&quot;201341983&quot;:0,&quot;335551550&quot;:6,&quot;335551620&quot;:6,&quot;335559739&quot;:160,&quot;335559740&quot;:240}\">\u00a0<\/span><\/p>\n<p><span data-contrast=\"auto\">El subsecretario del Medio Ambiente, <\/span><b><span data-contrast=\"auto\">Maximiliano Proa\u00f1o<\/span><\/b><span data-contrast=\"auto\">, agreg\u00f3 que \u201cgracias a esta nueva delegaci\u00f3n exclusiva, la SMA contar\u00e1 con una mayor presencia en la regi\u00f3n de La Araucan\u00eda, desplegando todo su accionar y permitiendo a las y los vecinos de Angol y otras comunas cercanas, contar con una fiscalizaci\u00f3n m\u00e1s efectiva a sus requerimientos. As\u00ed tambi\u00e9n podremos avanzar como gobierno en la equidad territorial y una correcta gesti\u00f3n ambiental\u201d.<\/span><span data-ccp-props=\"{&quot;201341983&quot;:0,&quot;335551550&quot;:6,&quot;335551620&quot;:6,&quot;335559739&quot;:160,&quot;335559740&quot;:240}\">\u00a0<\/span><\/p>\n<p><span data-contrast=\"auto\">La Delegada Presidencial Provincial, Andrea Parra, destac\u00f3 que \u201cse trata de una decisi\u00f3n hist\u00f3rica que ha sido encabezada por la tarea que nos ha encomendado el Presidente Gabriel Boric de avanzar en la descentralizaci\u00f3n. Esta tarea la hemos hecho carne hoy con la voluntad de la Superintendencia del Medio Ambiente. Quiero agradecer al subsecretario del Medio Ambiente por haber asistido en nombre del Ejecutivo y de todos los Servicios P\u00fablicos presentes\u201d. <\/span><span data-ccp-props=\"{&quot;134233117&quot;:false,&quot;134233118&quot;:false,&quot;201341983&quot;:0,&quot;335551550&quot;:6,&quot;335551620&quot;:6,&quot;335559685&quot;:0,&quot;335559737&quot;:0,&quot;335559738&quot;:0,&quot;335559739&quot;:160,&quot;335559740&quot;:240}\">\u00a0<\/span><\/p>\n<p><b><span data-contrast=\"auto\">Delegaci\u00f3n Malleco<\/span><\/b><span data-ccp-props=\"{&quot;201341983&quot;:0,&quot;335551550&quot;:6,&quot;335551620&quot;:6,&quot;335559739&quot;:160,&quot;335559740&quot;:240}\">\u00a0<\/span><\/p>\n<p><span data-contrast=\"none\">Las delegaciones exclusivas tienen como funci\u00f3n la fiscalizaci\u00f3n en terreno de Resoluciones de Calificaci\u00f3n Ambiental (RCA), normas de emisi\u00f3n (como, por ejemplo: ruidos) y otros instrumentos de car\u00e1cter ambiental, adem\u00e1s de la recepci\u00f3n de denuncias y atenci\u00f3n al p\u00fablico.\u202fEn este caso, la Delegaci\u00f3n Exclusiva Malleco estar\u00e1 a cargo de la Oficina Regional Araucan\u00eda.<\/span><span data-ccp-props=\"{&quot;201341983&quot;:0,&quot;335551550&quot;:6,&quot;335551620&quot;:6,&quot;335559739&quot;:160,&quot;335559740&quot;:240}\">\u00a0<\/span><\/p>\n<p><span data-contrast=\"auto\">La Delegaci\u00f3n Exclusiva Malleco estar\u00e1 ubicada f\u00edsicamente en la Delegaci\u00f3n Presidencial Provincial, en calle Lautaro N\u00b0226, comuna de Angol.\u00a0<\/span><span data-ccp-props=\"{&quot;134233117&quot;:false,&quot;134233118&quot;:false,&quot;201341983&quot;:0,&quot;335551550&quot;:6,&quot;335551620&quot;:6,&quot;335559738&quot;:0,&quot;335559739&quot;:0,&quot;335559740&quot;:240}\">\u00a0<\/span><\/p>\n<p><span data-ccp-props=\"{&quot;134233117&quot;:false,&quot;134233118&quot;:false,&quot;201341983&quot;:0,&quot;335551550&quot;:6,&quot;335551620&quot;:6,&quot;335559738&quot;:0,&quot;335559739&quot;:0,&quot;335559740&quot;:240}\">\u00a0<\/span><span data-contrast=\"auto\">Esta nueva dependencia se suma a las ya operativas en ciudades como <\/span><span data-contrast=\"none\">Calama (Antofagasta), Huasco (Atacama), Choapa (Coquimbo), Quintero, Puchuncav\u00ed, Catemu, San Antonio (Valpara\u00edso), Coronel (Biob\u00edo), Araucan\u00eda Lacustre (La Araucan\u00eda), Osorno y Chilo\u00e9 (Los Lagos). <\/span><span data-contrast=\"auto\">Todas ellas permiten a la instituci\u00f3n priorizar territorios que requieren atenci\u00f3n en fiscalizaci\u00f3n y acciones de correcci\u00f3n por su vulnerabilidad ambiental, adem\u00e1s de las 16 Oficinas Regionales ubicadas en todas las capitales del territorio nacional.<\/span><span data-ccp-props=\"{&quot;134233117&quot;:false,&quot;134233118&quot;:false,&quot;201341983&quot;:0,&quot;335551550&quot;:6,&quot;335551620&quot;:6,&quot;335559738&quot;:0,&quot;335559739&quot;:0,&quot;335559740&quot;:240}\">\u00a0<\/span><\/p>\n<p><span data-ccp-props=\"{&quot;134233117&quot;:false,&quot;134233118&quot;:false,&quot;201341983&quot;:0,&quot;335551550&quot;:6,&quot;335551620&quot;:6,&quot;335559738&quot;:0,&quot;335559739&quot;:0,&quot;335559740&quot;:240}\">\u00a0<\/span><b><span data-contrast=\"auto\">Visita Superintendenta a la regi\u00f3n <\/span><\/b><span data-ccp-props=\"{&quot;134233117&quot;:false,&quot;134233118&quot;:false,&quot;201341983&quot;:0,&quot;335551550&quot;:6,&quot;335551620&quot;:6,&quot;335559738&quot;:0,&quot;335559739&quot;:0,&quot;335559740&quot;:240}\">\u00a0<\/span><\/p>\n<p><span data-ccp-props=\"{&quot;134233117&quot;:false,&quot;134233118&quot;:false,&quot;201341983&quot;:0,&quot;335551550&quot;:6,&quot;335551620&quot;:6,&quot;335559738&quot;:0,&quot;335559739&quot;:0,&quot;335559740&quot;:240}\">\u00a0<\/span><span data-contrast=\"auto\">Junto con lo anterior, la Superintendenta Marie Claude Plumer particip\u00f3 en el seminario \u201cUna mirada hacia la institucionalidad ambiental en Chile\u201d, organizado por la Universidad Cat\u00f3lica de Temuco. La instancia tuvo por objetivo abordar los desaf\u00edos de la institucionalidad ambiental y los avances en esta materia en los \u00faltimos 30 a\u00f1os.<\/span><span data-ccp-props=\"{&quot;134233117&quot;:false,&quot;134233118&quot;:false,&quot;201341983&quot;:0,&quot;335551550&quot;:6,&quot;335551620&quot;:6,&quot;335559738&quot;:0,&quot;335559739&quot;:0,&quot;335559740&quot;:240}\">\u00a0<\/span><\/p>\n<p><span data-ccp-props=\"{&quot;134233117&quot;:false,&quot;134233118&quot;:false,&quot;201341983&quot;:0,&quot;335551550&quot;:6,&quot;335551620&quot;:6,&quot;335559738&quot;:0,&quot;335559739&quot;:0,&quot;335559740&quot;:240}\">\u00a0<\/span><span data-contrast=\"auto\">En el panel de conversaci\u00f3n tambi\u00e9n estuvieron presentes Alejandra Precht, ministra del Tribunal Constitucional de Chile, y \u00c1ngeles M\u00e1s Cano, abogada del Tercer Tribunal Ambiental.<\/span><span data-ccp-props=\"{&quot;134233117&quot;:false,&quot;134233118&quot;:false,&quot;201341983&quot;:0,&quot;335551550&quot;:6,&quot;335551620&quot;:6,&quot;335559738&quot;:0,&quot;335559739&quot;:0,&quot;335559740&quot;:240}\">\u00a0<\/span><\/p>\n<p><span data-ccp-props=\"{&quot;134233117&quot;:false,&quot;134233118&quot;:false,&quot;201341983&quot;:0,&quot;335551550&quot;:6,&quot;335551620&quot;:6,&quot;335559738&quot;:0,&quot;335559739&quot;:0,&quot;335559740&quot;:240}\">\u00a0<\/span><span data-contrast=\"auto\">Por otra parte, la jefa del Servicio asisti\u00f3 a la ceremonia para otorgar la Certificaci\u00f3n Ambiental a 105 establecimientos educacionales de la Regi\u00f3n de La Araucan\u00eda, que dieron cumplimiento a los objetivos del Sistema Nacional de Certificaci\u00f3n Ambiental (SNCAE).<\/span><span data-ccp-props=\"{&quot;134233117&quot;:false,&quot;134233118&quot;:false,&quot;201341983&quot;:0,&quot;335551550&quot;:6,&quot;335551620&quot;:6,&quot;335559738&quot;:0,&quot;335559739&quot;:0,&quot;335559740&quot;:240}\">\u00a0<\/span><\/p>\n","protected":false},"excerpt":{"rendered":"<p>La Delegaci\u00f3n Exclusiva Malleco ser\u00e1 la 12va a lo largo de Chile y estar\u00e1 ubicada f\u00edsicamente en la Delegaci\u00f3n Presidencial Provincial, en calle Lautaro N\u00b0226, comuna de Angol.\u00a0\u00a0 Regi\u00f3n de La Araucan\u00eda, 6 de junio de 2024. En el marco del D\u00eda Mundial del Medio Ambiente, que se celebr\u00f3 el 5 de junio, la Superintendencia del <a href=\"https:\/\/portal.sma.gob.cl\/index.php\/sma-extiende-su-presencia-en-la-araucania-con-nueva-delegacion-exclusiva-en-la-provincia-de-malleco\/\">Leer m\u00e1s<\/a><\/p>\n","protected":false},"author":15,"featured_media":31936,"comment_status":"open","ping_status":"open","sticky":false,"template":"","format":"standard","meta":{"footnotes":""},"categories":[237,90,107,226],"tags":[],"class_list":["post-31927","post","type-post","status-publish","format-standard","has-post-thumbnail","hentry","category-araucania","category-comunicados-noticias","category-destacado","category-macrozona-sur"],"_links":{"self":[{"href":"https:\/\/portal.sma.gob.cl\/index.php\/wp-json\/wp\/v2\/posts\/31927","targetHints":{"allow":["GET"]}}],"collection":[{"href":"https:\/\/portal.sma.gob.cl\/index.php\/wp-json\/wp\/v2\/posts"}],"about":[{"href":"https:\/\/portal.sma.gob.cl\/index.php\/wp-json\/wp\/v2\/types\/post"}],"author":[{"embeddable":true,"href":"https:\/\/portal.sma.gob.cl\/index.php\/wp-json\/wp\/v2\/users\/15"}],"replies":[{"embeddable":true,"href":"https:\/\/portal.sma.gob.cl\/index.php\/wp-json\/wp\/v2\/comments?post=31927"}],"version-history":[{"count":3,"href":"https:\/\/portal.sma.gob.cl\/index.php\/wp-json\/wp\/v2\/posts\/31927\/revisions"}],"predecessor-version":[{"id":31942,"href":"https:\/\/portal.sma.gob.cl\/index.php\/wp-json\/wp\/v2\/posts\/31927\/revisions\/31942"}],"wp:featuredmedia":[{"embeddable":true,"href":"https:\/\/portal.sma.gob.cl\/index.php\/wp-json\/wp\/v2\/media\/31936"}],"wp:attachment":[{"href":"https:\/\/portal.sma.gob.cl\/index.php\/wp-json\/wp\/v2\/media?parent=31927"}],"wp:term":[{"taxonomy":"category","embeddable":true,"href":"https:\/\/portal.sma.gob.cl\/index.php\/wp-json\/wp\/v2\/categories?post=31927"},{"taxonomy":"post_tag","embeddable":true,"href":"https:\/\/portal.sma.gob.cl\/index.php\/wp-json\/wp\/v2\/tags?post=31927"}],"curies":[{"name":"wp","href":"https:\/\/api.w.org\/{rel}","templated":true}]}}