{"id":32069,"date":"2024-06-14T16:57:21","date_gmt":"2024-06-14T20:57:21","guid":{"rendered":"https:\/\/portal.sma.gob.cl\/?p=32069"},"modified":"2024-06-18T14:23:14","modified_gmt":"2024-06-18T18:23:14","slug":"fiscalizacion-ambiental-sma-asiste-a-actividad-de-cierre-de-proyecto-de-cooperacion-entre-chile-peru-y-alemania","status":"publish","type":"post","link":"https:\/\/portal.sma.gob.cl\/index.php\/fiscalizacion-ambiental-sma-asiste-a-actividad-de-cierre-de-proyecto-de-cooperacion-entre-chile-peru-y-alemania\/","title":{"rendered":"Fiscalizaci\u00f3n ambiental: SMA asiste a actividad de cierre de proyecto de cooperaci\u00f3n entre Chile, Per\u00fa y Alemania"},"content":{"rendered":"<ul>\n<li data-leveltext=\"\uf0b7\" data-font=\"Symbol\" data-listid=\"2\" data-list-defn-props=\"{&quot;335552541&quot;:1,&quot;335559685&quot;:720,&quot;335559991&quot;:360,&quot;469769226&quot;:&quot;Symbol&quot;,&quot;469769242&quot;:[8226],&quot;469777803&quot;:&quot;left&quot;,&quot;469777804&quot;:&quot;\uf0b7&quot;,&quot;469777815&quot;:&quot;hybridMultilevel&quot;}\" aria-setsize=\"-1\" data-aria-posinset=\"1\" data-aria-level=\"1\"><b><span data-contrast=\"auto\">La actividad, que se realiz\u00f3 en Lima, Per\u00fa, tuvo el objetivo de dar cierre al segundo proyecto de cooperaci\u00f3n triangular entre los organismos SMA, OEFA y GIZ. La iniciativa busc\u00f3 fortalecer las competencias t\u00e9cnicas de las entidades en materia de fiscalizaci\u00f3n y cumplimiento ambiental, adem\u00e1s de impulsar mejoras para la vigilancia ambiental, entre otros.\u00a0<\/span><\/b><span data-ccp-props=\"{&quot;201341983&quot;:0,&quot;335551550&quot;:6,&quot;335551620&quot;:6,&quot;335559739&quot;:160,&quot;335559740&quot;:259}\">\u00a0<\/span><\/li>\n<\/ul>\n<p><b><span data-contrast=\"auto\">Lima, Per\u00fa 14 de junio de 2024.-<\/span><\/b><span data-contrast=\"auto\"> La Superintendenta del Medio Ambiente de Chile y presidenta pro tempore de la Red Latinoamericana de Fiscalizaci\u00f3n y Cumplimiento Ambiental (REDLAFICA), Marie Claude Plumer, asisti\u00f3 el 13 y 14 de junio a la actividad de cierre del segundo proyecto de cooperaci\u00f3n triangular entre la Superintendencia del Medio Ambiente (SMA), el Organismo de Evaluaci\u00f3n y Fiscalizaci\u00f3n Ambiental (OEFA) de Per\u00fa y GIZ Cono Sur, en el marco de la Cooperaci\u00f3n T\u00e9cnica Alemana. <\/span><span data-ccp-props=\"{&quot;201341983&quot;:0,&quot;335551550&quot;:6,&quot;335551620&quot;:6,&quot;335559739&quot;:160,&quot;335559740&quot;:259}\">\u00a0<\/span><\/p>\n<p><span data-contrast=\"auto\">El proyecto tuvo como objetivo fortalecer las competencias t\u00e9cnicas de los organismos latinoamericanos (SMA y OEFA) en materia de fiscalizaci\u00f3n y cumplimiento ambiental; impulsar el desarrollo de tecnolog\u00edas de informaci\u00f3n y geoespacial para el seguimiento y vigilancia ambiental; mejorar la optimizaci\u00f3n de procesos en el marco de las iniciativas de innovaci\u00f3n p\u00fablica del Estado; entre otros aspectos.\u00a0<\/span><span data-ccp-props=\"{&quot;201341983&quot;:0,&quot;335551550&quot;:6,&quot;335551620&quot;:6,&quot;335559739&quot;:160,&quot;335559740&quot;:259}\">\u00a0<\/span><\/p>\n<p><span data-contrast=\"auto\">Como parte del proyecto, adem\u00e1s, se realizaron visitas t\u00e9cnicas a ambos pa\u00edses y se desarrollaron una serie de talleres de intercambio de experiencias entre las entidades, con la participaci\u00f3n de organismos miembros de la Red Latinoamericana de Fiscalizaci\u00f3n Ambiental (REDLAFICA).<\/span><span data-ccp-props=\"{&quot;201341983&quot;:0,&quot;335551550&quot;:6,&quot;335551620&quot;:6,&quot;335559739&quot;:160,&quot;335559740&quot;:259}\">\u00a0<\/span><\/p>\n<p><span data-contrast=\"auto\">La iniciativa, cont\u00f3 con la participaci\u00f3n de la Agencia Chilena de Cooperaci\u00f3n Internacional para el Desarrollo (AGCID), as\u00ed como con la Agencia Peruana para la Cooperaci\u00f3n Internacional (APCI).\u00a0<\/span><span data-ccp-props=\"{&quot;201341983&quot;:0,&quot;335551550&quot;:6,&quot;335551620&quot;:6,&quot;335559739&quot;:160,&quot;335559740&quot;:259}\">\u00a0<\/span><\/p>\n<p><span data-contrast=\"auto\">En el marco de la actividad, la <\/span><b><span data-contrast=\"auto\">Superintendenta Plumer<\/span><\/b><span data-contrast=\"auto\"> relev\u00f3 que \u201cnuestra visita a Lima se enmarca en el cierre de este gran proyecto, que es la consecuencia de dos a\u00f1os intensos de intercambio y cooperaci\u00f3n, lo que ha dejado fortalecimientos en los equipos de cada pa\u00eds, y resultados concretos en materia de inter\u00e9s mutuo. Esperamos que esta iniciativa contin\u00fae y que logremos fortalecer a\u00fan m\u00e1s esta relaci\u00f3n para poder crecer como pa\u00edses e instituciones\u201d.<\/span><span data-ccp-props=\"{&quot;201341983&quot;:0,&quot;335551550&quot;:6,&quot;335551620&quot;:6,&quot;335559739&quot;:160,&quot;335559740&quot;:259}\">\u00a0<\/span><\/p>\n<p><span data-contrast=\"auto\">Por su parte, el Presidente del Consejo Directivo de OEFA, <\/span><b><span data-contrast=\"auto\">Juan Narciso<\/span><\/b><span data-contrast=\"auto\">, destac\u00f3 la presencia de las y los representantes de las distintas entidades que asistieron a la actividad internacional. \u201cEstamos profundamente agradecidos por la presencia de todos ustedes, por los valiosos aportes y experiencias compartidas durante el evento. El d\u00eda de hoy, marca el cierre de una importante etapa de cooperaci\u00f3n entre los pa\u00edses de Chile, Per\u00fa y Alemania. Sin embargo, mantenemos la expectativa de seguir estrechando lazos de colaboraci\u00f3n y fortalecimiento\u201d, indic\u00f3.<\/span><span data-ccp-props=\"{&quot;201341983&quot;:0,&quot;335551550&quot;:6,&quot;335551620&quot;:6,&quot;335559739&quot;:160,&quot;335559740&quot;:259}\">\u00a0<\/span><\/p>\n<p><span data-contrast=\"auto\">La jefa del Departamento de Cooperaci\u00f3n Sur-Sur y Desarrollo Nacional de la AGCID, <\/span><b><span data-contrast=\"auto\">Carla Guazzini<\/span><\/b><span data-contrast=\"auto\">, valor\u00f3 el trabajo desarrollado por los tres organismos \u201cDesde el 2019 estamos juntos en esta cooperaci\u00f3n triangular, ya es su segunda fase. Los proyectos triangulares son una forma de cooperaci\u00f3n horizontal que se caracteriza por su flexibilidad y su car\u00e1cter innovador. Esto se refleja perfectamente en este proyecto, donde no s\u00f3lo se benefician los tres pa\u00edses socios, sino que se ha generado impacto, redes y sinergias en toda la regi\u00f3n\u201d, asegur\u00f3.<\/span><span data-ccp-props=\"{&quot;201341983&quot;:0,&quot;335551550&quot;:6,&quot;335551620&quot;:6,&quot;335559739&quot;:160,&quot;335559740&quot;:259}\">\u00a0<\/span><\/p>\n<h3><b><span data-contrast=\"auto\">Actividad<\/span><\/b><span data-ccp-props=\"{&quot;201341983&quot;:0,&quot;335551550&quot;:6,&quot;335551620&quot;:6,&quot;335559739&quot;:160,&quot;335559740&quot;:259}\">\u00a0<\/span><\/h3>\n<p><span data-contrast=\"auto\">En el marco de la actividad, el jueves 13 de junio se realiz\u00f3 el taller \u201cExperiencias en fiscalizaci\u00f3n y cumplimiento ambiental\u201d, donde Chile expuso acerca de la estrategia acu\u00edcola que ha impulsado la Superintendencia en los \u00faltimos a\u00f1os. En este sentido, se relev\u00f3 que el plan de acci\u00f3n considera una serie de acciones de seguimiento y fiscalizaci\u00f3n al sector, con el objetivo de actuar de forma preventiva. <\/span><span data-ccp-props=\"{&quot;201341983&quot;:0,&quot;335551550&quot;:6,&quot;335551620&quot;:6,&quot;335559739&quot;:160,&quot;335559740&quot;:259}\">\u00a0<\/span><\/p>\n<p><span data-contrast=\"auto\">Adem\u00e1s, durante la actividad se cont\u00f3 con la participaci\u00f3n y presentaci\u00f3n de OEFA, de la Autoridad Nacional de Licencias Ambientales (ANLA) de Colombia, el Ministerio del Ambiente y Desarrollo Sostenible de Paraguay, Ministerio del Medio Ambiente de Panam\u00e1 y de la Secretar\u00eda T\u00e9cnica Nacional Ambiental de Costa Rica.<\/span><span data-ccp-props=\"{&quot;201341983&quot;:0,&quot;335551550&quot;:6,&quot;335551620&quot;:6,&quot;335559739&quot;:160,&quot;335559740&quot;:259}\">\u00a0<\/span><\/p>\n<p>A continuaci\u00f3n, invitamos a revisar un video resumen del proyecto en el siguiente<a href=\"https:\/\/youtu.be\/nRANWlYiN4c\"> link\u00a0<\/a><\/p>\n<div class=\"video-shortcode\"><iframe title=\"Fortalecimiento de la Fiscalizaci\u00f3n y Cumplimiento Ambiental III\" width=\"1100\" height=\"619\" src=\"https:\/\/www.youtube.com\/embed\/nRANWlYiN4c?feature=oembed\" frameborder=\"0\" allow=\"accelerometer; autoplay; clipboard-write; encrypted-media; gyroscope; picture-in-picture; web-share\" referrerpolicy=\"strict-origin-when-cross-origin\" allowfullscreen><\/iframe><\/div>\n<p><span data-ccp-props=\"{&quot;201341983&quot;:0,&quot;335559739&quot;:160,&quot;335559740&quot;:259}\">\u00a0<\/span><\/p>\n","protected":false},"excerpt":{"rendered":"<p>La actividad, que se realiz\u00f3 en Lima, Per\u00fa, tuvo el objetivo de dar cierre al segundo proyecto de cooperaci\u00f3n triangular entre los organismos SMA, OEFA y GIZ. La iniciativa busc\u00f3 fortalecer las competencias t\u00e9cnicas de las entidades en materia de fiscalizaci\u00f3n y cumplimiento ambiental, adem\u00e1s de impulsar mejoras para la vigilancia ambiental, entre otros.\u00a0\u00a0 Lima, Per\u00fa <a href=\"https:\/\/portal.sma.gob.cl\/index.php\/fiscalizacion-ambiental-sma-asiste-a-actividad-de-cierre-de-proyecto-de-cooperacion-entre-chile-peru-y-alemania\/\">Leer m\u00e1s<\/a><\/p>\n","protected":false},"author":13,"featured_media":32070,"comment_status":"open","ping_status":"open","sticky":false,"template":"","format":"standard","meta":{"footnotes":""},"categories":[90,107,225],"tags":[],"class_list":["post-32069","post","type-post","status-publish","format-standard","has-post-thumbnail","hentry","category-comunicados-noticias","category-destacado","category-macrozona-centro"],"_links":{"self":[{"href":"https:\/\/portal.sma.gob.cl\/index.php\/wp-json\/wp\/v2\/posts\/32069","targetHints":{"allow":["GET"]}}],"collection":[{"href":"https:\/\/portal.sma.gob.cl\/index.php\/wp-json\/wp\/v2\/posts"}],"about":[{"href":"https:\/\/portal.sma.gob.cl\/index.php\/wp-json\/wp\/v2\/types\/post"}],"author":[{"embeddable":true,"href":"https:\/\/portal.sma.gob.cl\/index.php\/wp-json\/wp\/v2\/users\/13"}],"replies":[{"embeddable":true,"href":"https:\/\/portal.sma.gob.cl\/index.php\/wp-json\/wp\/v2\/comments?post=32069"}],"version-history":[{"count":3,"href":"https:\/\/portal.sma.gob.cl\/index.php\/wp-json\/wp\/v2\/posts\/32069\/revisions"}],"predecessor-version":[{"id":32108,"href":"https:\/\/portal.sma.gob.cl\/index.php\/wp-json\/wp\/v2\/posts\/32069\/revisions\/32108"}],"wp:featuredmedia":[{"embeddable":true,"href":"https:\/\/portal.sma.gob.cl\/index.php\/wp-json\/wp\/v2\/media\/32070"}],"wp:attachment":[{"href":"https:\/\/portal.sma.gob.cl\/index.php\/wp-json\/wp\/v2\/media?parent=32069"}],"wp:term":[{"taxonomy":"category","embeddable":true,"href":"https:\/\/portal.sma.gob.cl\/index.php\/wp-json\/wp\/v2\/categories?post=32069"},{"taxonomy":"post_tag","embeddable":true,"href":"https:\/\/portal.sma.gob.cl\/index.php\/wp-json\/wp\/v2\/tags?post=32069"}],"curies":[{"name":"wp","href":"https:\/\/api.w.org\/{rel}","templated":true}]}}