{"id":32174,"date":"2024-06-28T15:28:48","date_gmt":"2024-06-28T19:28:48","guid":{"rendered":"https:\/\/portal.sma.gob.cl\/?p=32174"},"modified":"2024-07-01T08:24:01","modified_gmt":"2024-07-01T12:24:01","slug":"sma-solicita-al-tercer-tribunal-ambiental-autorizar-paralizacion-de-obras-de-inmobiliaria-rossan-limitada-en-humedal-valle-volcanes","status":"publish","type":"post","link":"https:\/\/portal.sma.gob.cl\/index.php\/sma-solicita-al-tercer-tribunal-ambiental-autorizar-paralizacion-de-obras-de-inmobiliaria-rossan-limitada-en-humedal-valle-volcanes\/","title":{"rendered":"SMA solicita al Tercer Tribunal Ambiental autorizar paralizaci\u00f3n de obras de Inmobiliaria Rossan Limitada en humedal Valle Volcanes"},"content":{"rendered":"<ul>\n<li><em>Esta semana, fiscalizadores de la Superintendencia del Medio Ambiente realizaron una inspecci\u00f3n en terreno, luego de que ingresaran denuncias contra el proyecto que se encuentra ejecutando obras de despeje de vegetaci\u00f3n, y otros, en terrenos ubicados al interior del humedal.<\/em><\/li>\n<\/ul>\n<p><strong>Puerto Montt, 28 de junio de 2024.<\/strong> La Superintendencia del Medio Ambiente (SMA) solicit\u00f3 al Tercer Tribunal Ambiental (rol S-5-2024) autorizar la dictaci\u00f3n de la medida provisional consistente en la detenci\u00f3n total de las obras y actividades que la Inmobiliaria Rossan Ltda. se encuentra desarrollando en terrenos ubicados al interior del Humedal Valle Volcanes, ubicado en la comuna de Puerto Mont, Regi\u00f3n de Los Lagos.<\/p>\n<p>La acci\u00f3n cautelar de la SMA busca detener las obras que el titular se encuentra realizando, relacionadas con el despeje de vegetaci\u00f3n, escarpado del terreno, movimientos de tierra, intervenci\u00f3n de cauce y extracci\u00f3n de tocones de alerce en el humedal que se encuentra inventariado por el Ministerio del Medio Ambiente, correspondiendo a un humedal continental, palustre, emergente, turbera, de una superficie de 93,24 ha.<\/p>\n<p>Este ecosistema cuenta con la presencia de distintas especies, entre ellas el sapito de cuatro ojos -en categor\u00eda casi amenazada- y de Alerce -En peligro-. Adem\u00e1s, constituye un espacio de alto valor patrimonial para los habitantes de la ciudad, junto con ser el h\u00e1bitat de diversas especies de flora y fauna.<\/p>\n<p>Es importante indicar que, de acuerdo al art\u00edculo 48 de la Ley Org\u00e1nica de la Superintendencia del Medio Ambiente, es requisito para la SMA solicitar la autorizaci\u00f3n previa del Tribunal Ambiental respectivo para la dictaci\u00f3n de medidas provisionales relacionadas con la clausura de instalaciones, detenci\u00f3n de funcionamiento o suspensi\u00f3n temporal de una Resoluci\u00f3n de Calificaci\u00f3n Ambiental.<\/p>\n<p><strong>Acciones previas <\/strong><\/p>\n<p>Durante el mes de junio ingresaron dos denuncias a la Superintendencia por las obras en el humedal. Por esta raz\u00f3n, fiscalizadores\/as de la Oficina Regional de la SMA en Los Lagos realizaron una inspecci\u00f3n en terreno el lunes 24 de junio, junto a personal de la Municipalidad de Puerto Montt y de la seremi de Medio Ambiente de Los Lagos.<\/p>\n<p>En la oportunidad se pudo observar la presencia de dos excavadoras, el escarpe y despeje de vegetaci\u00f3n en un total de 7 franjas, cada una de unos 20 metros de ancho aproximadamente, 3 franjas que se extienden por 500 metros de largo aproximadamente, y otras 4 que se encuentran m\u00e1s al norte del predio, las que alcanzan los 150 metros, aproximadamente. Junto con esto, mediante una observaci\u00f3n con dron, se pudo visualizar posible afectaci\u00f3n en dos canales.<\/p>\n<p>En la actividad, se constat\u00f3 la presencia de tocones de alerce y vegetaci\u00f3n t\u00edpica de los humedales de la zona, como mirt\u00e1ceas, helechos, junquillos y otros, en el material removido que es acopiado en el lugar.<\/p>\n","protected":false},"excerpt":{"rendered":"<p>Esta semana, fiscalizadores de la Superintendencia del Medio Ambiente realizaron una inspecci\u00f3n en terreno, luego de que ingresaran denuncias contra el proyecto que se encuentra ejecutando obras de despeje de vegetaci\u00f3n, y otros, en terrenos ubicados al interior del humedal. Puerto Montt, 28 de junio de 2024. La Superintendencia del Medio Ambiente (SMA) solicit\u00f3 al Tercer <a href=\"https:\/\/portal.sma.gob.cl\/index.php\/sma-solicita-al-tercer-tribunal-ambiental-autorizar-paralizacion-de-obras-de-inmobiliaria-rossan-limitada-en-humedal-valle-volcanes\/\">Leer m\u00e1s<\/a><\/p>\n","protected":false},"author":13,"featured_media":32178,"comment_status":"open","ping_status":"open","sticky":false,"template":"","format":"standard","meta":{"footnotes":""},"categories":[90,107,239,226],"tags":[],"class_list":["post-32174","post","type-post","status-publish","format-standard","has-post-thumbnail","hentry","category-comunicados-noticias","category-destacado","category-los-lagos","category-macrozona-sur"],"_links":{"self":[{"href":"https:\/\/portal.sma.gob.cl\/index.php\/wp-json\/wp\/v2\/posts\/32174","targetHints":{"allow":["GET"]}}],"collection":[{"href":"https:\/\/portal.sma.gob.cl\/index.php\/wp-json\/wp\/v2\/posts"}],"about":[{"href":"https:\/\/portal.sma.gob.cl\/index.php\/wp-json\/wp\/v2\/types\/post"}],"author":[{"embeddable":true,"href":"https:\/\/portal.sma.gob.cl\/index.php\/wp-json\/wp\/v2\/users\/13"}],"replies":[{"embeddable":true,"href":"https:\/\/portal.sma.gob.cl\/index.php\/wp-json\/wp\/v2\/comments?post=32174"}],"version-history":[{"count":1,"href":"https:\/\/portal.sma.gob.cl\/index.php\/wp-json\/wp\/v2\/posts\/32174\/revisions"}],"predecessor-version":[{"id":32179,"href":"https:\/\/portal.sma.gob.cl\/index.php\/wp-json\/wp\/v2\/posts\/32174\/revisions\/32179"}],"wp:featuredmedia":[{"embeddable":true,"href":"https:\/\/portal.sma.gob.cl\/index.php\/wp-json\/wp\/v2\/media\/32178"}],"wp:attachment":[{"href":"https:\/\/portal.sma.gob.cl\/index.php\/wp-json\/wp\/v2\/media?parent=32174"}],"wp:term":[{"taxonomy":"category","embeddable":true,"href":"https:\/\/portal.sma.gob.cl\/index.php\/wp-json\/wp\/v2\/categories?post=32174"},{"taxonomy":"post_tag","embeddable":true,"href":"https:\/\/portal.sma.gob.cl\/index.php\/wp-json\/wp\/v2\/tags?post=32174"}],"curies":[{"name":"wp","href":"https:\/\/api.w.org\/{rel}","templated":true}]}}