{"id":32274,"date":"2024-07-22T16:00:50","date_gmt":"2024-07-22T20:00:50","guid":{"rendered":"https:\/\/portal.sma.gob.cl\/?p=32274"},"modified":"2024-07-22T12:00:13","modified_gmt":"2024-07-22T16:00:13","slug":"araucania-sma-formula-cargos-contra-titular-sujeto-al-plan-de-descontaminacion-ambiental","status":"publish","type":"post","link":"https:\/\/portal.sma.gob.cl\/index.php\/araucania-sma-formula-cargos-contra-titular-sujeto-al-plan-de-descontaminacion-ambiental\/","title":{"rendered":"Araucan\u00eda: SMA formula cargos contra titular sujeto al plan de descontaminaci\u00f3n ambiental"},"content":{"rendered":"<ul>\n<li><strong><em>Esto, luego de constatar incumplimientos de las condiciones, normas, medidas e instrumentos previstos en el Plan de Prevenci\u00f3n y de Descontaminaci\u00f3n Atmosf\u00e9rica (PPDA) que rige para las comunas de Temuco y Padre las Casas.<\/em><\/strong><\/li>\n<li><span data-contrast=\"auto\"> <strong><em>La Comunidad de Copropietarios Edificio Cordillera arriesga multa de hasta dos mil unidades tributarias anuales (UTA).<\/em><\/strong><\/span><\/li>\n<\/ul>\n<p><strong>Regi\u00f3n de La Araucan\u00eda, 22 de julio de 2024.<\/strong><span data-contrast=\"auto\">\u202fLa Superintendencia del Medio Ambiente (SMA) formul\u00f3 cargos contra la Comunidad de Copropietarios Edificio Cordillera, titular del establecimiento denominado \u201cEdificio Cordillera\u201d, ubicado en Arturo Prat N\u00b0955, comuna de Temuco, Regi\u00f3n de la Araucan\u00eda; por incumplimientos al Plan de Descontaminaci\u00f3n Atmosf\u00e9rica que rige para esta zona del pa\u00eds.<\/span><span data-ccp-props=\"{&quot;201341983&quot;:0,&quot;335551550&quot;:6,&quot;335551620&quot;:6,&quot;335557856&quot;:16777215,&quot;335559739&quot;:300,&quot;335559740&quot;:240}\">\u00a0<\/span><\/p>\n<p><span data-contrast=\"auto\">Este procedimiento sancionatorio tiene como origen actividades de fiscalizaci\u00f3n realizadas en noviembre de 2021, mayo de 2022 y en septiembre de 2023, donde se pudo constatar incumplimientos de las obligaciones establecidas en el plan de descontaminaci\u00f3n atmosf\u00e9rica respectivo.<\/span><span data-ccp-props=\"{&quot;201341983&quot;:0,&quot;335551550&quot;:6,&quot;335551620&quot;:6,&quot;335557856&quot;:16777215,&quot;335559739&quot;:300,&quot;335559740&quot;:240}\">\u00a0<\/span><\/p>\n<p><span data-contrast=\"auto\">Tras estos antecedentes, la Superintendencia formul\u00f3 dos cargos contra la Comunidad de Copropietarios Edificio Cordillera. Ambas infracciones fueron clasificadas como leves.<\/span><span data-ccp-props=\"{&quot;201341983&quot;:0,&quot;335551550&quot;:6,&quot;335551620&quot;:6,&quot;335557856&quot;:16777215,&quot;335559739&quot;:300,&quot;335559740&quot;:240}\">\u00a0<\/span><\/p>\n<p><span data-contrast=\"auto\">La primera infracci\u00f3n se sustenta porque el titular no realiz\u00f3 la medici\u00f3n de sus emisiones de material particulado (MP), de acuerdo con la periodicidad establecida en el art\u00edculo 49 del Decreto Supremo N\u00b08\/2015 del Ministerio del Medio ambiente (D.S. N\u00b08\/2015 MMA), mediante un muestreo isocin\u00e9tico que permita acreditar el cumplimiento de los l\u00edmites de emisi\u00f3n establecidos en el art\u00edculo 45 de dicho decreto, respecto de la caldera con registro N\u00b078, durante los siguientes periodos: entre el 18 de noviembre de 2021 y el 17 de noviembre de 2022; entre el 18 de noviembre de 2022 y el 17 de noviembre de 2023.<\/span><span data-ccp-props=\"{&quot;201341983&quot;:0,&quot;335551550&quot;:6,&quot;335551620&quot;:6,&quot;335557856&quot;:16777215,&quot;335559739&quot;:300,&quot;335559740&quot;:240}\">\u00a0<\/span><\/p>\n<p><span data-contrast=\"auto\">Respecto a la segunda infracci\u00f3n, esta se sustenta porque el titular no ejecut\u00f3 las mediciones para material particulado, de acuerdo con lo indicado en el art\u00edculo 49 del D.S. N\u00b08\/2015 MMA, en relaci\u00f3n con lo se\u00f1alado en la Res. Ex. N\u00b0128\/2019, SMA y la Res. Ex. N\u00b02051\/2021, mediante un muestreo isocin\u00e9tico que permita acreditar el cumplimiento de los l\u00edmites de emisi\u00f3n establecidos en el art\u00edculo 45 del D.S. N\u00b08\/2015 MMA, respecto de la caldera con registro N\u00b078, esta vez, en el muestreo de 14 de julio de 2021.<\/span><span data-ccp-props=\"{&quot;201341983&quot;:0,&quot;335551550&quot;:6,&quot;335551620&quot;:6,&quot;335557856&quot;:16777215,&quot;335559739&quot;:300,&quot;335559740&quot;:240}\">\u00a0<\/span><\/p>\n<p><span data-contrast=\"auto\">Al respecto,\u202f<strong>Luis Mu\u00f1oz<\/strong>, jefe de la Oficina Regional de la SMA en La Araucan\u00eda explic\u00f3 que\u202f<em>\u201ceste procedimiento sancionatorio tiene como origen una serie de fiscalizaciones realizadas al titular, y que nos permiti\u00f3 constatar que este establecimiento no estaba cumpliendo con todas las obligaciones establecidas en este instrumento de gesti\u00f3n ambiental\u201d.<\/em><\/span><em>\u00a0<\/em><\/p>\n<p><span data-contrast=\"auto\">Por su parte, la Superintendenta del Medio Ambiente,\u202f<strong>Marie Claude Plumer<\/strong>, se\u00f1al\u00f3 que\u202f<em>\u201ces importante recordar a los titulares que el cumplimiento ambiental es un imperativo, es parte de las reglas del juego. Los Planes de Descontaminaci\u00f3n tienen un objetivo muy importante que es reducir los niveles de contaminaci\u00f3n en el aire y cumplir con las medidas operacionales en episodios de preemergencia, y as\u00ed, resguardar la salud de las personas. Por esta raz\u00f3n, es esencial que los titulares respeten lo establecido en materia de control de emisiones para fuentes fijas\u201d.<\/em><\/span><em>\u00a0<\/em><\/p>\n<p><span data-contrast=\"auto\">En el caso de las infracciones leves, los titulares arriesgan una amonestaci\u00f3n por escrito o multa de una hasta 1.000 UTA. En el caso de la Comunidad de Copropietarios Edificio Cordillera arriesga una multa pecuniaria de hasta dos mil UTA, equivalente a m\u00e1s de $1.583 millones. <\/span><\/p>\n<p><span data-contrast=\"auto\">Tras la notificaci\u00f3n de esta formulaci\u00f3n de cargos, el titular cuenta con un plazo ampliado de 15 d\u00edas h\u00e1biles para presentar un Programa de Cumplimiento y de 22 d\u00edas h\u00e1biles para formular sus Descargos, ambos plazos contados desde la notificaci\u00f3n.<\/span><span data-ccp-props=\"{&quot;201341983&quot;:0,&quot;335551550&quot;:6,&quot;335551620&quot;:6,&quot;335557856&quot;:16777215,&quot;335559739&quot;:300,&quot;335559740&quot;:240}\">\u00a0<\/span><\/p>\n<p><span data-contrast=\"auto\">M\u00e1s informaci\u00f3n de la formulaci\u00f3n de cargos en el Sistema Nacional de Informaci\u00f3n de Fiscalizaci\u00f3n Ambiental (SNIFA):\u202f <a href=\"https:\/\/snifa.sma.gob.cl\/Sancionatorio\/Ficha\/3726\">https:\/\/snifa.sma.gob.cl\/Sancionatorio\/Ficha\/3726<\/a><\/span><span data-ccp-props=\"{&quot;201341983&quot;:0,&quot;335551550&quot;:6,&quot;335551620&quot;:6,&quot;335557856&quot;:16777215,&quot;335559739&quot;:300,&quot;335559740&quot;:240}\">\u00a0<\/span><\/p>\n","protected":false},"excerpt":{"rendered":"<p>Esto, luego de constatar incumplimientos de las condiciones, normas, medidas e instrumentos previstos en el Plan de Prevenci\u00f3n y de Descontaminaci\u00f3n Atmosf\u00e9rica (PPDA) que rige para las comunas de Temuco y Padre las Casas. La Comunidad de Copropietarios Edificio Cordillera arriesga multa de hasta dos mil unidades tributarias anuales (UTA). Regi\u00f3n de La Araucan\u00eda, 22 de <a href=\"https:\/\/portal.sma.gob.cl\/index.php\/araucania-sma-formula-cargos-contra-titular-sujeto-al-plan-de-descontaminacion-ambiental\/\">Leer m\u00e1s<\/a><\/p>\n","protected":false},"author":8,"featured_media":32276,"comment_status":"open","ping_status":"open","sticky":false,"template":"","format":"standard","meta":{"footnotes":""},"categories":[237,90,226],"tags":[],"class_list":["post-32274","post","type-post","status-publish","format-standard","has-post-thumbnail","hentry","category-araucania","category-comunicados-noticias","category-macrozona-sur"],"_links":{"self":[{"href":"https:\/\/portal.sma.gob.cl\/index.php\/wp-json\/wp\/v2\/posts\/32274","targetHints":{"allow":["GET"]}}],"collection":[{"href":"https:\/\/portal.sma.gob.cl\/index.php\/wp-json\/wp\/v2\/posts"}],"about":[{"href":"https:\/\/portal.sma.gob.cl\/index.php\/wp-json\/wp\/v2\/types\/post"}],"author":[{"embeddable":true,"href":"https:\/\/portal.sma.gob.cl\/index.php\/wp-json\/wp\/v2\/users\/8"}],"replies":[{"embeddable":true,"href":"https:\/\/portal.sma.gob.cl\/index.php\/wp-json\/wp\/v2\/comments?post=32274"}],"version-history":[{"count":1,"href":"https:\/\/portal.sma.gob.cl\/index.php\/wp-json\/wp\/v2\/posts\/32274\/revisions"}],"predecessor-version":[{"id":32275,"href":"https:\/\/portal.sma.gob.cl\/index.php\/wp-json\/wp\/v2\/posts\/32274\/revisions\/32275"}],"wp:featuredmedia":[{"embeddable":true,"href":"https:\/\/portal.sma.gob.cl\/index.php\/wp-json\/wp\/v2\/media\/32276"}],"wp:attachment":[{"href":"https:\/\/portal.sma.gob.cl\/index.php\/wp-json\/wp\/v2\/media?parent=32274"}],"wp:term":[{"taxonomy":"category","embeddable":true,"href":"https:\/\/portal.sma.gob.cl\/index.php\/wp-json\/wp\/v2\/categories?post=32274"},{"taxonomy":"post_tag","embeddable":true,"href":"https:\/\/portal.sma.gob.cl\/index.php\/wp-json\/wp\/v2\/tags?post=32274"}],"curies":[{"name":"wp","href":"https:\/\/api.w.org\/{rel}","templated":true}]}}