{"id":32294,"date":"2024-07-23T10:30:43","date_gmt":"2024-07-23T14:30:43","guid":{"rendered":"https:\/\/portal.sma.gob.cl\/?p=32294"},"modified":"2024-07-23T10:32:57","modified_gmt":"2024-07-23T14:32:57","slug":"maule-sma-formula-cargos-contra-industrias-vinicas-por-incumplimiento-al-plan-de-descontaminacion","status":"publish","type":"post","link":"https:\/\/portal.sma.gob.cl\/index.php\/maule-sma-formula-cargos-contra-industrias-vinicas-por-incumplimiento-al-plan-de-descontaminacion\/","title":{"rendered":"Maule: SMA formula cargos contra Industrias V\u00ednicas por incumplimiento al plan de descontaminaci\u00f3n"},"content":{"rendered":"<ul>\n<li><strong><em>Empresa arriesga multa de hasta mil unidades tributarias anuales (UTA).<\/em><\/strong><\/li>\n<li><span data-contrast=\"auto\"> <strong><em>Esto, luego de constatar incumplimientos de las condiciones, normas, medidas e instrumentos previstos en el Plan de Prevenci\u00f3n y de Descontaminaci\u00f3n Atmosf\u00e9rica (PPDA) que rige para el Valle Central de la Provincia de Curic\u00f3.<\/em><\/strong><\/span><\/li>\n<\/ul>\n<p><strong>Regi\u00f3n del Maule, <\/strong><strong>23<\/strong><strong> de julio de 2024.<\/strong><span data-contrast=\"auto\">\u202fLa Superintendencia del Medio Ambiente (SMA) formul\u00f3 un cargo contra la empresa Industrias V\u00ednicas S.A., titular del establecimiento denominado \u201cIndustrias V\u00ednicas Planta Curic\u00f3\u201d, ubicado en calle Panamericana Sur 285, comuna de Curic\u00f3, Regi\u00f3n del Maule; por incumplimiento al Plan de Descontaminaci\u00f3n Atmosf\u00e9rica que rige para esta zona del pa\u00eds.<\/span><span data-ccp-props=\"{&quot;201341983&quot;:0,&quot;335551550&quot;:6,&quot;335551620&quot;:6,&quot;335557856&quot;:16777215,&quot;335559739&quot;:300,&quot;335559740&quot;:240}\">\u00a0<\/span><\/p>\n<p><span data-contrast=\"auto\">Este procedimiento sancionatorio tiene como origen una actividad de fiscalizaci\u00f3n realizada en abril de 2023, donde se pudo constatar incumplimientos de las obligaciones establecidas en el plan de descontaminaci\u00f3n atmosf\u00e9rica respectivo. Tras estos antecedentes, la Superintendencia formul\u00f3 un cargo que fue clasificado como leve.<\/span><span data-ccp-props=\"{&quot;201341983&quot;:0,&quot;335551550&quot;:6,&quot;335551620&quot;:6,&quot;335557856&quot;:16777215,&quot;335559739&quot;:300,&quot;335559740&quot;:240}\">\u00a0<\/span><\/p>\n<p><span data-contrast=\"auto\">La infracci\u00f3n imputada se sustenta porque el titular no realiz\u00f3 la medici\u00f3n de sus emisiones de material particulado (MP), de acuerdo a la periodicidad establecida en el art\u00edculo 25 del Decreto Supremo N\u00b044\/2017 del Ministerio del Medio Ambiente (D.S. N\u00b044\/2017 MMA), mediante un muestreo isocin\u00e9tico que permita acreditar el cumplimiento de los l\u00edmites de emisi\u00f3n establecidos en el art\u00edculo 21 del decreto antedicho, respecto de la caldera a biomasa con el n\u00famero de registro CA-OR-20244, durante al periodo 20 diciembre 2019 al 20 diciembre de 2021, 20 diciembre 2021 al 20 diciembre de 2022 y 20 diciembre 2022 al 20 diciembre de 2023.\u00a0<\/span><span data-ccp-props=\"{&quot;201341983&quot;:0,&quot;335551550&quot;:6,&quot;335551620&quot;:6,&quot;335557856&quot;:16777215,&quot;335559739&quot;:300,&quot;335559740&quot;:240}\">\u00a0<\/span><\/p>\n<p><span data-contrast=\"auto\">Al respecto,\u202f<strong>Mariela Valenzuela<\/strong>, jefa de la Oficina Regional de la SMA Del Maule explic\u00f3 que\u202f<em>\u201ceste procedimiento sancionatorio tiene como origen una actividad de fiscalizaci\u00f3n realizada al titular, y que nos permiti\u00f3 constatar que esta unidad fiscalizable no estaba cumpliendo con todas las obligaciones establecidas en este instrumento de gesti\u00f3n ambiental\u201d.<\/em><\/span><em>\u00a0<\/em><\/p>\n<p><span data-contrast=\"auto\">Por su parte, la Superintendenta del Medio Ambiente,\u202f<strong>Marie Claude Plumer<\/strong>, se\u00f1al\u00f3 que\u202f<em>\u201ces importante recordar a los titulares que el cumplimiento ambiental es un imperativo, es parte de las reglas del juego. Los Planes de Descontaminaci\u00f3n tienen un objetivo muy importante que es reducir los niveles de contaminaci\u00f3n en el aire y cumplir con las medidas operacionales en episodios de preemergencia, y as\u00ed, resguardar la salud de las personas. Por esta raz\u00f3n, es esencial que los titulares respeten lo establecido en materia de control de emisiones para fuentes fijas\u201d.<\/em><\/span><em>\u00a0<\/em><\/p>\n<p><span data-contrast=\"auto\">Al tratarse de una infracci\u00f3n clasificada como de car\u00e1cter leve, Industrias V\u00ednicas S.A. arriesga una multa pecuniaria de hasta mil UTA, equivalente a m\u00e1s de $791 millones.<\/span><span data-ccp-props=\"{&quot;201341983&quot;:0,&quot;335551550&quot;:6,&quot;335551620&quot;:6,&quot;335557856&quot;:16777215,&quot;335559739&quot;:300,&quot;335559740&quot;:240}\">\u00a0<\/span><\/p>\n<p><span data-contrast=\"auto\">Tras la notificaci\u00f3n de esta formulaci\u00f3n de cargos, el titular cuenta con un plazo de 10 d\u00edas h\u00e1biles para presentar un Programa de Cumplimiento y de 15 d\u00edas h\u00e1biles para formular sus Descargos, ambos plazos contados desde la notificaci\u00f3n.<\/span><span data-ccp-props=\"{&quot;201341983&quot;:0,&quot;335551550&quot;:6,&quot;335551620&quot;:6,&quot;335557856&quot;:16777215,&quot;335559739&quot;:300,&quot;335559740&quot;:240}\">\u00a0<\/span><\/p>\n<p><span data-contrast=\"auto\">M\u00e1s informaci\u00f3n de cada formulaci\u00f3n de cargos en el Sistema Nacional de Informaci\u00f3n de Fiscalizaci\u00f3n Ambiental (SNIFA):\u202f <a href=\"https:\/\/snifa.sma.gob.cl\/Sancionatorio\/Ficha\/3725\">https:\/\/snifa.sma.gob.cl\/Sancionatorio\/Ficha\/3725<\/a><\/span><\/p>\n","protected":false},"excerpt":{"rendered":"<p>Empresa arriesga multa de hasta mil unidades tributarias anuales (UTA). Esto, luego de constatar incumplimientos de las condiciones, normas, medidas e instrumentos previstos en el Plan de Prevenci\u00f3n y de Descontaminaci\u00f3n Atmosf\u00e9rica (PPDA) que rige para el Valle Central de la Provincia de Curic\u00f3. Regi\u00f3n del Maule, 23 de julio de 2024.\u202fLa Superintendencia del Medio Ambiente <a href=\"https:\/\/portal.sma.gob.cl\/index.php\/maule-sma-formula-cargos-contra-industrias-vinicas-por-incumplimiento-al-plan-de-descontaminacion\/\">Leer m\u00e1s<\/a><\/p>\n","protected":false},"author":8,"featured_media":32297,"comment_status":"open","ping_status":"open","sticky":false,"template":"","format":"standard","meta":{"footnotes":""},"categories":[90,225,234],"tags":[],"class_list":["post-32294","post","type-post","status-publish","format-standard","has-post-thumbnail","hentry","category-comunicados-noticias","category-macrozona-centro","category-maule"],"_links":{"self":[{"href":"https:\/\/portal.sma.gob.cl\/index.php\/wp-json\/wp\/v2\/posts\/32294","targetHints":{"allow":["GET"]}}],"collection":[{"href":"https:\/\/portal.sma.gob.cl\/index.php\/wp-json\/wp\/v2\/posts"}],"about":[{"href":"https:\/\/portal.sma.gob.cl\/index.php\/wp-json\/wp\/v2\/types\/post"}],"author":[{"embeddable":true,"href":"https:\/\/portal.sma.gob.cl\/index.php\/wp-json\/wp\/v2\/users\/8"}],"replies":[{"embeddable":true,"href":"https:\/\/portal.sma.gob.cl\/index.php\/wp-json\/wp\/v2\/comments?post=32294"}],"version-history":[{"count":2,"href":"https:\/\/portal.sma.gob.cl\/index.php\/wp-json\/wp\/v2\/posts\/32294\/revisions"}],"predecessor-version":[{"id":32298,"href":"https:\/\/portal.sma.gob.cl\/index.php\/wp-json\/wp\/v2\/posts\/32294\/revisions\/32298"}],"wp:featuredmedia":[{"embeddable":true,"href":"https:\/\/portal.sma.gob.cl\/index.php\/wp-json\/wp\/v2\/media\/32297"}],"wp:attachment":[{"href":"https:\/\/portal.sma.gob.cl\/index.php\/wp-json\/wp\/v2\/media?parent=32294"}],"wp:term":[{"taxonomy":"category","embeddable":true,"href":"https:\/\/portal.sma.gob.cl\/index.php\/wp-json\/wp\/v2\/categories?post=32294"},{"taxonomy":"post_tag","embeddable":true,"href":"https:\/\/portal.sma.gob.cl\/index.php\/wp-json\/wp\/v2\/tags?post=32294"}],"curies":[{"name":"wp","href":"https:\/\/api.w.org\/{rel}","templated":true}]}}